{"id":5938,"date":"2017-05-15T20:41:23","date_gmt":"2017-05-15T18:41:23","guid":{"rendered":"http:\/\/agora.xtec.cat\/insllicamunt2\/?p=5938"},"modified":"2017-05-15T23:14:59","modified_gmt":"2017-05-15T21:14:59","slug":"avui-al-zoo-aprenem-dels-tetrapodes","status":"publish","type":"post","link":"https:\/\/agora.xtec.cat\/insllicamunt2\/el-far-dhipatia\/grups\/avui-al-zoo-aprenem-dels-tetrapodes\/","title":{"rendered":"Avui al zoo aprenem dels tetr\u00e0podes"},"content":{"rendered":"<p style=\"text-align: justify;\">Avui els alumnes de Biologia i Geologia de 1r d&#8217;ESO han passat el dia al Parc Zool\u00f2gic de Barcelona amb l&#8217;objectiu d&#8217;aprendre multitud d&#8217;aspectes sobre la biologia i l&#8217;ecologia dels tetr\u00e0podes: amfibis, r\u00e8ptils, aus i mam\u00edfers.<\/p>\n<p style=\"text-align: center;\"><img loading=\"lazy\" decoding=\"async\" class=\"aligncenter size-full wp-image-5942\" src=\"http:\/\/agora.xtec.cat\/insllicamunt2\/wp-content\/uploads\/usu1100\/2017\/05\/Watermarked12017-05-15-2201.jpg\" alt=\"Watermarked1(2017-05-15-2201)\" width=\"600\" height=\"450\" srcset=\"https:\/\/agora.xtec.cat\/insllicamunt2\/wp-content\/uploads\/usu1100\/2017\/05\/Watermarked12017-05-15-2201.jpg 600w, https:\/\/agora.xtec.cat\/insllicamunt2\/wp-content\/uploads\/usu1100\/2017\/05\/Watermarked12017-05-15-2201-300x225.jpg 300w, https:\/\/agora.xtec.cat\/insllicamunt2\/wp-content\/uploads\/usu1100\/2017\/05\/Watermarked12017-05-15-2201-200x150.jpg 200w\" sizes=\"auto, (max-width: 600px) 100vw, 600px\" \/><\/p>\n<p style=\"text-align: justify;\">De seguida que ha obert el parc, els alumnes s&#8217;han disposat a completar en grups de 3 &#8211; 4 companys el dossier de treball, on han hagut de determinar, dibuixar i interpretar aspectes diversos sobre la classificaci\u00f3, l&#8217;anatomia, l&#8217;alimentaci\u00f3, l&#8217;h\u00e0bitat o el comportament de nombroses esp\u00e8cies.<\/p>\n<p style=\"text-align: center;\"><img loading=\"lazy\" decoding=\"async\" class=\"aligncenter size-full wp-image-5943\" src=\"http:\/\/agora.xtec.cat\/insllicamunt2\/wp-content\/uploads\/usu1100\/2017\/05\/Watermarked22017-05-15-2201.jpg\" alt=\"Watermarked2(2017-05-15-2201)\" width=\"600\" height=\"450\" srcset=\"https:\/\/agora.xtec.cat\/insllicamunt2\/wp-content\/uploads\/usu1100\/2017\/05\/Watermarked22017-05-15-2201.jpg 600w, https:\/\/agora.xtec.cat\/insllicamunt2\/wp-content\/uploads\/usu1100\/2017\/05\/Watermarked22017-05-15-2201-300x225.jpg 300w, https:\/\/agora.xtec.cat\/insllicamunt2\/wp-content\/uploads\/usu1100\/2017\/05\/Watermarked22017-05-15-2201-200x150.jpg 200w\" sizes=\"auto, (max-width: 600px) 100vw, 600px\" \/><\/p>\n<p style=\"text-align: justify;\">Els amfibis (tritons, salamandres, gripaus i granotes) s\u00f3n els m\u00e9s primitius dels animals amb 4 extremitats. Es caracteritzen pels seg\u00fcents aspectes:<\/p>\n<p style=\"text-align: justify;\">1. Tenen esquelet ossi.<\/p>\n<p style=\"text-align: justify;\">2. Tenen dos parells d\u2019extremitats.<\/p>\n<p style=\"text-align: justify;\">3. Generalment 4 dits a les potes anteriors (de vegades 5 i de vegades menys).<\/p>\n<p style=\"text-align: justify;\">4. Pell llisa i humida, amb moltes gl\u00e0ndules (algunes poden ser verinoses), sense escates.<\/p>\n<p style=\"text-align: justify;\">5. Boca gran amb petites dents i dues narines (orificis nasals).<\/p>\n<p style=\"text-align: justify;\">6. Respiraci\u00f3 pels pulmons i per la pell. En algunes esp\u00e8cies, els adults mantenen les br\u00e0nquies externes dels estats larvals.<\/p>\n<p style=\"text-align: justify;\">7. Sistema circulatori tancat (la sang sempre circula a dins dels vasos sanguinis), doble (hi ha un circuit pulmonar i un circuit sist\u00e8mic (per la resta del cos)) i incomplet (la sang oxigenada i no oxigenada es barregen al cor).<\/p>\n<p style=\"text-align: justify;\">8. Ectot\u00e8rmics (la temperatura del cos varia amb la temperatura ambiental).<\/p>\n<p style=\"text-align: justify;\">9. Sexes separats amb reproducci\u00f3 sexual interna (en salamandres) o externa (granotes i gripaus). Ov\u00edpars.<\/p>\n<p style=\"text-align: justify;\">10. Larves aqu\u00e0tiques amb br\u00e0nquies que, per metamorfosi, perden les br\u00e0nquies i desenvolupen pulmons.<\/p>\n<p style=\"text-align: justify;\">11. Carn\u00edvors.<\/p>\n<p style=\"text-align: center;\"><img loading=\"lazy\" decoding=\"async\" class=\"aligncenter size-full wp-image-5944\" src=\"http:\/\/agora.xtec.cat\/insllicamunt2\/wp-content\/uploads\/usu1100\/2017\/05\/Watermarked32017-05-15-2201.jpg\" alt=\"Watermarked3(2017-05-15-2201)\" width=\"600\" height=\"450\" srcset=\"https:\/\/agora.xtec.cat\/insllicamunt2\/wp-content\/uploads\/usu1100\/2017\/05\/Watermarked32017-05-15-2201.jpg 600w, https:\/\/agora.xtec.cat\/insllicamunt2\/wp-content\/uploads\/usu1100\/2017\/05\/Watermarked32017-05-15-2201-300x225.jpg 300w, https:\/\/agora.xtec.cat\/insllicamunt2\/wp-content\/uploads\/usu1100\/2017\/05\/Watermarked32017-05-15-2201-200x150.jpg 200w\" sizes=\"auto, (max-width: 600px) 100vw, 600px\" \/><\/p>\n<p style=\"text-align: justify;\">Els r\u00e8ptils (llangardaixos, serps, tortugues i cocodrils) van evolucionar a partir dels amfibis. La difer\u00e8ncia m\u00e9s important \u00e9s que els r\u00e8ptils van desenvolupar una pell dura i escamosa que va permetre la seva independ\u00e8ncia de l\u2019aigua i conquerir territoris secs. Les caracter\u00edstiques principals dels r\u00e8ptils s\u00f3n:<\/p>\n<p style=\"text-align: justify;\">1. Cos cobert d\u2019escames c\u00f2rnies.<\/p>\n<p style=\"text-align: justify;\">2. Quatre extremitats, normalment amb 5 dits (falten en les serps i alguns saures).<\/p>\n<p style=\"text-align: justify;\">3. Esquelet ben ossificat.<\/p>\n<p style=\"text-align: justify;\">4. Respiraci\u00f3 per pulmons.<\/p>\n<p style=\"text-align: justify;\">5. Circulaci\u00f3 sangu\u00ednia tancada, doble i incompleta (en els cocodrils \u00e9s completa).<\/p>\n<p style=\"text-align: justify;\">6. Ectot\u00e8rmics.<\/p>\n<p style=\"text-align: justify;\">7. Reproducci\u00f3 sexual interna.<\/p>\n<p style=\"text-align: justify;\">8. Ov\u00edpars amb ous de closca calc\u00e0ria. Sense estadis larvaris.<\/p>\n<p style=\"text-align: center;\"><img loading=\"lazy\" decoding=\"async\" class=\"aligncenter size-full wp-image-5946\" src=\"http:\/\/agora.xtec.cat\/insllicamunt2\/wp-content\/uploads\/usu1100\/2017\/05\/Watermarked52017-05-15-2201.jpg\" alt=\"Watermarked5(2017-05-15-2201)\" width=\"600\" height=\"450\" srcset=\"https:\/\/agora.xtec.cat\/insllicamunt2\/wp-content\/uploads\/usu1100\/2017\/05\/Watermarked52017-05-15-2201.jpg 600w, https:\/\/agora.xtec.cat\/insllicamunt2\/wp-content\/uploads\/usu1100\/2017\/05\/Watermarked52017-05-15-2201-300x225.jpg 300w, https:\/\/agora.xtec.cat\/insllicamunt2\/wp-content\/uploads\/usu1100\/2017\/05\/Watermarked52017-05-15-2201-200x150.jpg 200w\" sizes=\"auto, (max-width: 600px) 100vw, 600px\" \/><\/p>\n<p style=\"text-align: justify;\">Les aus s\u00f3n vertebrats que s\u2019han adaptat a volar. Els parents actuals m\u00e9s propers s\u00f3n els cocodrils. La principal difer\u00e8ncia amb la resta d\u2019animals \u00e9s que la pell est\u00e0 recoberta de plomes. Les aus es caracteritzen pels seg\u00fcents aspectes:<\/p>\n<p style=\"text-align: justify;\">1. Coll desproporcionadament llarg per mantenir l\u2019equilibri i ajudar en l\u2019alimentaci\u00f3.<\/p>\n<p style=\"text-align: justify;\">2. Quatre extremitats, per\u00f2 les davanteres molt modificades per a adaptar-les al vol.<\/p>\n<p style=\"text-align: justify;\">3. Pell recoberta de plomes (les potes estan recobertes d\u2019escames).<\/p>\n<p style=\"text-align: justify;\">4. Esquelet totalment ossificat. Els ossos tenen cambres pneum\u00e0tiques (amb aire) per a disminuir el pes.<\/p>\n<p style=\"text-align: justify;\">5. No tenen dents (s\u00ed un bec).<\/p>\n<p style=\"text-align: justify;\">6. Sistema circulatori tancat, doble i complet.<\/p>\n<p style=\"text-align: justify;\">7. Endot\u00e8rmics (el seu cos mant\u00e9 una temperatura estable).<\/p>\n<p style=\"text-align: justify;\">8. Respiraci\u00f3 pulmonar.<\/p>\n<p style=\"text-align: justify;\">9. Orina semis\u00f2lida.<\/p>\n<p style=\"text-align: justify;\">10. Tenen aparell fonador que pot ser molt desenvolupat (permet el cant).<\/p>\n<p style=\"text-align: justify;\">11. Reproducci\u00f3 sexual interna. Ov\u00edpars. Els ous tenen closca calc\u00e0ria dura.<\/p>\n<p style=\"text-align: center;\"><img loading=\"lazy\" decoding=\"async\" class=\"aligncenter size-full wp-image-5947\" src=\"http:\/\/agora.xtec.cat\/insllicamunt2\/wp-content\/uploads\/usu1100\/2017\/05\/Watermarked62017-05-15-2201.jpg\" alt=\"Watermarked6(2017-05-15-2201)\" width=\"600\" height=\"450\" srcset=\"https:\/\/agora.xtec.cat\/insllicamunt2\/wp-content\/uploads\/usu1100\/2017\/05\/Watermarked62017-05-15-2201.jpg 600w, https:\/\/agora.xtec.cat\/insllicamunt2\/wp-content\/uploads\/usu1100\/2017\/05\/Watermarked62017-05-15-2201-300x225.jpg 300w, https:\/\/agora.xtec.cat\/insllicamunt2\/wp-content\/uploads\/usu1100\/2017\/05\/Watermarked62017-05-15-2201-200x150.jpg 200w\" sizes=\"auto, (max-width: 600px) 100vw, 600px\" \/><\/p>\n<p style=\"text-align: justify;\">Els mam\u00edfers es diferencien de la resta de vertebrats perqu\u00e8 tenen gl\u00e0ndules mam\u00e0ries (d\u2019aqu\u00ed els ve el nom) i la pell recoberta de p\u00e8l. Les caracter\u00edstiques dels mam\u00edfers s\u00f3n:<\/p>\n<p style=\"text-align: justify;\">1. Endot\u00e8rmics.<\/p>\n<p style=\"text-align: justify;\">2. Cos totalment o parcialment recobert de p\u00e8l.<\/p>\n<p style=\"text-align: justify;\">3. Pell amb gl\u00e0ndules sudor\u00edpares, seb\u00e0cies i odor\u00edferes.<\/p>\n<p style=\"text-align: justify;\">4. Presenten gl\u00e0ndules mam\u00e0ries que produeixen llet per alimentar les cries.<\/p>\n<p style=\"text-align: justify;\">5. Sistema nervi\u00f3s molt desenvolupat.<\/p>\n<p style=\"text-align: justify;\">6. Conducta social i individual molt complexa.<\/p>\n<p style=\"text-align: justify;\">7. O\u00efda externa carnosa (l\u2019orella).<\/p>\n<p style=\"text-align: justify;\">8. Parpelles m\u00f2bils.<\/p>\n<p style=\"text-align: justify;\">9. Circulaci\u00f3 sangu\u00ednia tancada, doble i completa.<\/p>\n<p style=\"text-align: justify;\">10. Sistema respiratori pulmonar.<\/p>\n<p style=\"text-align: justify;\">11. Reproducci\u00f3 sexual interna amb sexes separats.<\/p>\n<p style=\"text-align: justify;\">12. Les cries es desenvolupen a l\u2019interior de les femelles, unides per una placenta (no en els monotremes).<\/p>\n<p style=\"text-align: center;\"><img loading=\"lazy\" decoding=\"async\" class=\"aligncenter size-full wp-image-5945\" src=\"http:\/\/agora.xtec.cat\/insllicamunt2\/wp-content\/uploads\/usu1100\/2017\/05\/Watermarked42017-05-15-2201.jpg\" alt=\"Watermarked4(2017-05-15-2201)\" width=\"600\" height=\"450\" srcset=\"https:\/\/agora.xtec.cat\/insllicamunt2\/wp-content\/uploads\/usu1100\/2017\/05\/Watermarked42017-05-15-2201.jpg 600w, https:\/\/agora.xtec.cat\/insllicamunt2\/wp-content\/uploads\/usu1100\/2017\/05\/Watermarked42017-05-15-2201-300x225.jpg 300w, https:\/\/agora.xtec.cat\/insllicamunt2\/wp-content\/uploads\/usu1100\/2017\/05\/Watermarked42017-05-15-2201-200x150.jpg 200w\" sizes=\"auto, (max-width: 600px) 100vw, 600px\" \/><\/p>\n<p style=\"text-align: center;\">Els alumnes han passat tot el dia al zoo treballant, per\u00f2 tamb\u00e9 s&#8217;ho han passat b\u00e9!<\/p>\n<p style=\"text-align: center;\"><img loading=\"lazy\" decoding=\"async\" class=\"aligncenter wp-image-5951\" src=\"http:\/\/agora.xtec.cat\/insllicamunt2\/wp-content\/uploads\/usu1100\/2017\/05\/IMB_99cueh.gif\" alt=\"IMB_99cueh\" width=\"600\" height=\"450\" \/><\/p>\n<p style=\"text-align: center;\">Finalment, hem arribat puntualment a l&#8217;institut a les cinc de la tarda.<\/p>\n<p style=\"text-align: center;\"><img loading=\"lazy\" decoding=\"async\" class=\"aligncenter size-full wp-image-5949\" src=\"http:\/\/agora.xtec.cat\/insllicamunt2\/wp-content\/uploads\/usu1100\/2017\/05\/IMG_7963.jpg\" alt=\"IMG_7963\" width=\"690\" height=\"334\" srcset=\"https:\/\/agora.xtec.cat\/insllicamunt2\/wp-content\/uploads\/usu1100\/2017\/05\/IMG_7963.jpg 690w, https:\/\/agora.xtec.cat\/insllicamunt2\/wp-content\/uploads\/usu1100\/2017\/05\/IMG_7963-300x145.jpg 300w\" sizes=\"auto, (max-width: 690px) 100vw, 690px\" \/><\/p>\n","protected":false},"excerpt":{"rendered":"<p>Avui els alumnes de Biologia i Geologia de 1r d&#8217;ESO han passat el dia al Parc Zool\u00f2gic de Barcelona amb l&#8217;objectiu d&#8217;aprendre multitud d&#8217;aspectes sobre la biologia i l&#8217;ecologia dels tetr\u00e0podes: amfibis, r\u00e8ptils, aus i mam\u00edfers.<\/p>\n<p>De seguida que ha obert el parc, els alumnes s&#8217;han&hellip;  <a href=\"https:\/\/agora.xtec.cat\/insllicamunt2\/el-far-dhipatia\/grups\/avui-al-zoo-aprenem-dels-tetrapodes\/\" title=\"Read Avui al zoo aprenem dels tetr\u00e0podes\">Llegeix m\u00e9s\u00bb<\/a><\/p>\n","protected":false},"author":225,"featured_media":5952,"comment_status":"open","ping_status":"open","sticky":false,"template":"","format":"standard","meta":{"_bbp_topic_count":0,"_bbp_reply_count":0,"_bbp_total_topic_count":0,"_bbp_total_reply_count":0,"_bbp_voice_count":0,"_bbp_anonymous_reply_count":0,"_bbp_topic_count_hidden":0,"_bbp_reply_count_hidden":0,"_bbp_forum_subforum_count":0,"footnotes":""},"categories":[4,94,99,347,1040,3,346,98,29],"tags":[998,1184,1022,79,1213,1186,1181,1185,1609,176],"class_list":["post-5938","post","type-post","status-publish","format-standard","has-post-thumbnail","hentry","category-1r-deso","category-activitats-fora-del-centre","category-articles","category-biologia-i-geologia","category-el-far-dhipatia","category-grups","category-materies","category-noticies-breus","category-portada","tag-1r-deso","tag-amfibis","tag-aus","tag-barcelona","tag-biologia-i-geologia","tag-mamifers","tag-parc-zoologic-de-barcelona","tag-reptils","tag-tetrapodes","tag-zoo"],"post_mailing_queue_ids":[],"_links":{"self":[{"href":"https:\/\/agora.xtec.cat\/insllicamunt2\/wp-json\/wp\/v2\/posts\/5938","targetHints":{"allow":["GET"]}}],"collection":[{"href":"https:\/\/agora.xtec.cat\/insllicamunt2\/wp-json\/wp\/v2\/posts"}],"about":[{"href":"https:\/\/agora.xtec.cat\/insllicamunt2\/wp-json\/wp\/v2\/types\/post"}],"author":[{"embeddable":true,"href":"https:\/\/agora.xtec.cat\/insllicamunt2\/wp-json\/wp\/v2\/users\/225"}],"replies":[{"embeddable":true,"href":"https:\/\/agora.xtec.cat\/insllicamunt2\/wp-json\/wp\/v2\/comments?post=5938"}],"version-history":[{"count":3,"href":"https:\/\/agora.xtec.cat\/insllicamunt2\/wp-json\/wp\/v2\/posts\/5938\/revisions"}],"predecessor-version":[{"id":5953,"href":"https:\/\/agora.xtec.cat\/insllicamunt2\/wp-json\/wp\/v2\/posts\/5938\/revisions\/5953"}],"wp:featuredmedia":[{"embeddable":true,"href":"https:\/\/agora.xtec.cat\/insllicamunt2\/wp-json\/wp\/v2\/media\/5952"}],"wp:attachment":[{"href":"https:\/\/agora.xtec.cat\/insllicamunt2\/wp-json\/wp\/v2\/media?parent=5938"}],"wp:term":[{"taxonomy":"category","embeddable":true,"href":"https:\/\/agora.xtec.cat\/insllicamunt2\/wp-json\/wp\/v2\/categories?post=5938"},{"taxonomy":"post_tag","embeddable":true,"href":"https:\/\/agora.xtec.cat\/insllicamunt2\/wp-json\/wp\/v2\/tags?post=5938"}],"curies":[{"name":"wp","href":"https:\/\/api.w.org\/{rel}","templated":true}]}}