{"id":5891,"date":"2017-05-11T13:46:43","date_gmt":"2017-05-11T11:46:43","guid":{"rendered":"http:\/\/agora.xtec.cat\/insllicamunt2\/?p=5891"},"modified":"2017-05-12T14:31:42","modified_gmt":"2017-05-12T12:31:42","slug":"lanellament-daus-al-parc-del-tenes","status":"publish","type":"post","link":"https:\/\/agora.xtec.cat\/insllicamunt2\/el-far-dhipatia\/grups\/lanellament-daus-al-parc-del-tenes\/","title":{"rendered":"L&#8217;anellament d&#8217;aus al Parc del Tenes"},"content":{"rendered":"<p style=\"text-align: justify;\">Avui de bon mat\u00ed, un any m\u00e9s, l&#8217;ornit\u00f2leg i anellador d&#8217;aus Rafael Gonz\u00e1lez ens ha apropat al m\u00f3n dels ocells juntament amb la seva col\u00b7laboradora Nat\u00e0lia en el marc de l&#8217;activitat PAE d&#8217;Anellament d&#8217;aus proposada per l&#8217;Ajuntament de Lli\u00e7\u00e0 d&#8217;Amunt.<\/p>\n<p style=\"text-align: center;\"><img loading=\"lazy\" decoding=\"async\" class=\"aligncenter size-full wp-image-5905\" src=\"http:\/\/agora.xtec.cat\/insllicamunt2\/wp-content\/uploads\/usu1100\/2017\/05\/Watermarked142017-05-11-1222.jpg\" alt=\"Watermarked14(2017-05-11-1222)\" width=\"600\" height=\"450\" srcset=\"https:\/\/agora.xtec.cat\/insllicamunt2\/wp-content\/uploads\/usu1100\/2017\/05\/Watermarked142017-05-11-1222.jpg 600w, https:\/\/agora.xtec.cat\/insllicamunt2\/wp-content\/uploads\/usu1100\/2017\/05\/Watermarked142017-05-11-1222-300x225.jpg 300w, https:\/\/agora.xtec.cat\/insllicamunt2\/wp-content\/uploads\/usu1100\/2017\/05\/Watermarked142017-05-11-1222-200x150.jpg 200w\" sizes=\"auto, (max-width: 600px) 100vw, 600px\" \/><\/p>\n<p style=\"text-align: justify;\">El dia s&#8217;ha despertat ennuvolat, per\u00f2 no esper\u00e0vem que cauria el x\u00e0feg que ens ha sorpr\u00e8s a mitja activitat al Parc del Tenes.<\/p>\n<p style=\"text-align: center;\"><img loading=\"lazy\" decoding=\"async\" class=\"aligncenter size-full wp-image-5898\" src=\"http:\/\/agora.xtec.cat\/insllicamunt2\/wp-content\/uploads\/usu1100\/2017\/05\/Watermarked72017-05-11-1221.jpg\" alt=\"Watermarked7(2017-05-11-1221)\" width=\"600\" height=\"450\" srcset=\"https:\/\/agora.xtec.cat\/insllicamunt2\/wp-content\/uploads\/usu1100\/2017\/05\/Watermarked72017-05-11-1221.jpg 600w, https:\/\/agora.xtec.cat\/insllicamunt2\/wp-content\/uploads\/usu1100\/2017\/05\/Watermarked72017-05-11-1221-300x225.jpg 300w, https:\/\/agora.xtec.cat\/insllicamunt2\/wp-content\/uploads\/usu1100\/2017\/05\/Watermarked72017-05-11-1221-200x150.jpg 200w\" sizes=\"auto, (max-width: 600px) 100vw, 600px\" \/><\/p>\n<p style=\"text-align: justify;\">Per sort, hem trobat aixopluc en un espai proper, on hem pogut gaudir de les explicacions del Rafa i de la Nat\u00e0lia, membres de l&#8217;Institut Catal\u00e0 d&#8217;Ornitologia i col\u00b7laboradors de la Fundaci\u00f3 Catalana de l&#8217;Esplai.<\/p>\n<p style=\"text-align: center;\"><img loading=\"lazy\" decoding=\"async\" class=\"aligncenter size-full wp-image-5903\" src=\"http:\/\/agora.xtec.cat\/insllicamunt2\/wp-content\/uploads\/usu1100\/2017\/05\/Watermarked122017-05-11-1222.jpg\" alt=\"Watermarked12(2017-05-11-1222)\" width=\"600\" height=\"450\" srcset=\"https:\/\/agora.xtec.cat\/insllicamunt2\/wp-content\/uploads\/usu1100\/2017\/05\/Watermarked122017-05-11-1222.jpg 600w, https:\/\/agora.xtec.cat\/insllicamunt2\/wp-content\/uploads\/usu1100\/2017\/05\/Watermarked122017-05-11-1222-300x225.jpg 300w, https:\/\/agora.xtec.cat\/insllicamunt2\/wp-content\/uploads\/usu1100\/2017\/05\/Watermarked122017-05-11-1222-200x150.jpg 200w\" sizes=\"auto, (max-width: 600px) 100vw, 600px\" \/><\/p>\n<p style=\"text-align: justify;\">Els anelladors d&#8217;aus disposen d&#8217;una certificaci\u00f3\u00a0expressa de la Generalitat de Catalunya que els autoritza a\u00a0capturar amb xarxa japonesa els ocells, sense fer-los mal, per a obtenir dades cient\u00edfiques. Despr\u00e9s se&#8217;ls torna a alliberar sans i estalvis.<\/p>\n<p style=\"text-align: center;\"><img loading=\"lazy\" decoding=\"async\" class=\"aligncenter size-full wp-image-5901\" src=\"http:\/\/agora.xtec.cat\/insllicamunt2\/wp-content\/uploads\/usu1100\/2017\/05\/Watermarked102017-05-11-1221.jpg\" alt=\"Watermarked10(2017-05-11-1221)\" width=\"600\" height=\"450\" srcset=\"https:\/\/agora.xtec.cat\/insllicamunt2\/wp-content\/uploads\/usu1100\/2017\/05\/Watermarked102017-05-11-1221.jpg 600w, https:\/\/agora.xtec.cat\/insllicamunt2\/wp-content\/uploads\/usu1100\/2017\/05\/Watermarked102017-05-11-1221-300x225.jpg 300w, https:\/\/agora.xtec.cat\/insllicamunt2\/wp-content\/uploads\/usu1100\/2017\/05\/Watermarked102017-05-11-1221-200x150.jpg 200w\" sizes=\"auto, (max-width: 600px) 100vw, 600px\" \/><\/p>\n<p style=\"text-align: justify;\">Els ocells es mantenen segurs i a les fosques en una bossa de roba durant el m\u00ednim de temps possible per a recollir les dades cient\u00edfiques, i se&#8217;ls identifica amb una anella de codi \u00fanic per fer-li el seguiment en cas de recaptura.<\/p>\n<p style=\"text-align: center;\"><img loading=\"lazy\" decoding=\"async\" class=\"aligncenter size-full wp-image-5904\" src=\"http:\/\/agora.xtec.cat\/insllicamunt2\/wp-content\/uploads\/usu1100\/2017\/05\/Watermarked132017-05-11-1222.jpg\" alt=\"Watermarked13(2017-05-11-1222)\" width=\"600\" height=\"450\" srcset=\"https:\/\/agora.xtec.cat\/insllicamunt2\/wp-content\/uploads\/usu1100\/2017\/05\/Watermarked132017-05-11-1222.jpg 600w, https:\/\/agora.xtec.cat\/insllicamunt2\/wp-content\/uploads\/usu1100\/2017\/05\/Watermarked132017-05-11-1222-300x225.jpg 300w, https:\/\/agora.xtec.cat\/insllicamunt2\/wp-content\/uploads\/usu1100\/2017\/05\/Watermarked132017-05-11-1222-200x150.jpg 200w\" sizes=\"auto, (max-width: 600px) 100vw, 600px\" \/><\/p>\n<p style=\"text-align: justify;\">Amb molta cura, se&#8217;ls posa l&#8217;anella al tars amb uns alicats especials. El codi identificatiu es comparteix en una base de dades internacional on es registren totes les dades obtingudes: edat, sexe, p\u00e8s, longitud de la tercera ploma prim\u00e0ria remera, \u00edndex muscular, \u00edndex de greix\u00a0acumulat, localitzaci\u00f3 i data de captura, etc.<\/p>\n<p style=\"text-align: center;\"><img loading=\"lazy\" decoding=\"async\" class=\"aligncenter size-full wp-image-5892\" src=\"http:\/\/agora.xtec.cat\/insllicamunt2\/wp-content\/uploads\/usu1100\/2017\/05\/Watermarked12017-05-11-1221.jpg\" alt=\"Watermarked1(2017-05-11-1221)\" width=\"600\" height=\"450\" srcset=\"https:\/\/agora.xtec.cat\/insllicamunt2\/wp-content\/uploads\/usu1100\/2017\/05\/Watermarked12017-05-11-1221.jpg 600w, https:\/\/agora.xtec.cat\/insllicamunt2\/wp-content\/uploads\/usu1100\/2017\/05\/Watermarked12017-05-11-1221-300x225.jpg 300w, https:\/\/agora.xtec.cat\/insllicamunt2\/wp-content\/uploads\/usu1100\/2017\/05\/Watermarked12017-05-11-1221-200x150.jpg 200w\" sizes=\"auto, (max-width: 600px) 100vw, 600px\" \/><\/p>\n<p style=\"text-align: justify;\">Per tal de procedir r\u00e0pidament i que les dades de diferents anelladors es puguin contrastar, s&#8217;utilitza una s\u00e8rie de codis estandaritzats per a cadascun dels par\u00e0metres registrats. Aquests codis es troben recollits en taules que els cient\u00edfic coneixen amb precisi\u00f3:<\/p>\n<p style=\"text-align: center;\"><img loading=\"lazy\" decoding=\"async\" class=\"aligncenter size-full wp-image-5895\" src=\"http:\/\/agora.xtec.cat\/insllicamunt2\/wp-content\/uploads\/usu1100\/2017\/05\/Watermarked42017-05-11-1221.jpg\" alt=\"Watermarked4(2017-05-11-1221)\" width=\"600\" height=\"450\" srcset=\"https:\/\/agora.xtec.cat\/insllicamunt2\/wp-content\/uploads\/usu1100\/2017\/05\/Watermarked42017-05-11-1221.jpg 600w, https:\/\/agora.xtec.cat\/insllicamunt2\/wp-content\/uploads\/usu1100\/2017\/05\/Watermarked42017-05-11-1221-300x225.jpg 300w, https:\/\/agora.xtec.cat\/insllicamunt2\/wp-content\/uploads\/usu1100\/2017\/05\/Watermarked42017-05-11-1221-200x150.jpg 200w\" sizes=\"auto, (max-width: 600px) 100vw, 600px\" \/><\/p>\n<p style=\"text-align: justify;\">Les dades obtingudes permeten con\u00e8ixer la riquesa d&#8217;esp\u00e8cies, l&#8217;esperan\u00e7a de vida, les condicions en l&#8217;alimentaci\u00f3, o fins i tot les rutes de migracions.<\/p>\n<p style=\"text-align: center;\"><img loading=\"lazy\" decoding=\"async\" class=\"aligncenter size-full wp-image-5893\" src=\"http:\/\/agora.xtec.cat\/insllicamunt2\/wp-content\/uploads\/usu1100\/2017\/05\/Watermarked22017-05-11-1221.jpg\" alt=\"Watermarked2(2017-05-11-1221)\" width=\"600\" height=\"450\" srcset=\"https:\/\/agora.xtec.cat\/insllicamunt2\/wp-content\/uploads\/usu1100\/2017\/05\/Watermarked22017-05-11-1221.jpg 600w, https:\/\/agora.xtec.cat\/insllicamunt2\/wp-content\/uploads\/usu1100\/2017\/05\/Watermarked22017-05-11-1221-300x225.jpg 300w, https:\/\/agora.xtec.cat\/insllicamunt2\/wp-content\/uploads\/usu1100\/2017\/05\/Watermarked22017-05-11-1221-200x150.jpg 200w\" sizes=\"auto, (max-width: 600px) 100vw, 600px\" \/><\/p>\n<p style=\"text-align: justify;\">S&#8217;ha de ser expert perqu\u00e8 la manipulaci\u00f3 de l&#8217;ocell sigui segura i l&#8217;estressi el m\u00ednim possible.<\/p>\n<p style=\"text-align: center;\"><img loading=\"lazy\" decoding=\"async\" class=\"aligncenter size-full wp-image-5899\" src=\"http:\/\/agora.xtec.cat\/insllicamunt2\/wp-content\/uploads\/usu1100\/2017\/05\/Watermarked82017-05-11-1221.jpg\" alt=\"Watermarked8(2017-05-11-1221)\" width=\"600\" height=\"450\" srcset=\"https:\/\/agora.xtec.cat\/insllicamunt2\/wp-content\/uploads\/usu1100\/2017\/05\/Watermarked82017-05-11-1221.jpg 600w, https:\/\/agora.xtec.cat\/insllicamunt2\/wp-content\/uploads\/usu1100\/2017\/05\/Watermarked82017-05-11-1221-300x225.jpg 300w, https:\/\/agora.xtec.cat\/insllicamunt2\/wp-content\/uploads\/usu1100\/2017\/05\/Watermarked82017-05-11-1221-200x150.jpg 200w\" sizes=\"auto, (max-width: 600px) 100vw, 600px\" \/><\/p>\n<p style=\"text-align: justify;\">A m\u00e9s, en aquesta \u00e8poca, \u00e9s molt important alliberar-los en la major brevetat possible, especialment si s\u00f3n femelles, perqu\u00e8 \u00e9s \u00e8poca de cria i han de covar els ous o alimentar els polls acabats de n\u00e8ixer.<\/p>\n<p style=\"text-align: center;\"><img loading=\"lazy\" decoding=\"async\" class=\"aligncenter size-full wp-image-5894\" src=\"http:\/\/agora.xtec.cat\/insllicamunt2\/wp-content\/uploads\/usu1100\/2017\/05\/Watermarked32017-05-11-1221.jpg\" alt=\"Watermarked3(2017-05-11-1221)\" width=\"600\" height=\"450\" srcset=\"https:\/\/agora.xtec.cat\/insllicamunt2\/wp-content\/uploads\/usu1100\/2017\/05\/Watermarked32017-05-11-1221.jpg 600w, https:\/\/agora.xtec.cat\/insllicamunt2\/wp-content\/uploads\/usu1100\/2017\/05\/Watermarked32017-05-11-1221-300x225.jpg 300w, https:\/\/agora.xtec.cat\/insllicamunt2\/wp-content\/uploads\/usu1100\/2017\/05\/Watermarked32017-05-11-1221-200x150.jpg 200w\" sizes=\"auto, (max-width: 600px) 100vw, 600px\" \/><\/p>\n<p style=\"text-align: justify;\">L&#8217;activitat \u00e9s molt interessant i ajuda a sensibilitzar els alumnes en la protecci\u00f3 de les aus i del medi ambient en general&#8230;<\/p>\n<p style=\"text-align: center;\"><img loading=\"lazy\" decoding=\"async\" class=\"aligncenter size-full wp-image-5896\" src=\"http:\/\/agora.xtec.cat\/insllicamunt2\/wp-content\/uploads\/usu1100\/2017\/05\/Watermarked52017-05-11-1221.jpg\" alt=\"Watermarked5(2017-05-11-1221)\" width=\"600\" height=\"450\" srcset=\"https:\/\/agora.xtec.cat\/insllicamunt2\/wp-content\/uploads\/usu1100\/2017\/05\/Watermarked52017-05-11-1221.jpg 600w, https:\/\/agora.xtec.cat\/insllicamunt2\/wp-content\/uploads\/usu1100\/2017\/05\/Watermarked52017-05-11-1221-300x225.jpg 300w, https:\/\/agora.xtec.cat\/insllicamunt2\/wp-content\/uploads\/usu1100\/2017\/05\/Watermarked52017-05-11-1221-200x150.jpg 200w\" sizes=\"auto, (max-width: 600px) 100vw, 600px\" \/><\/p>\n<p style=\"text-align: justify;\">Per\u00f2 \u00e9s en l&#8217;alliberament dels ocells on els alumnes se senten m\u00e9s emocionats, i \u00e9s que el Rafa els ensenya a agafar els ocells amb molt de compte i deixar-los anar.<\/p>\n<p style=\"text-align: center;\"><img loading=\"lazy\" decoding=\"async\" class=\"aligncenter size-full wp-image-5902\" src=\"http:\/\/agora.xtec.cat\/insllicamunt2\/wp-content\/uploads\/usu1100\/2017\/05\/Watermarked112017-05-11-1221.jpg\" alt=\"Watermarked11(2017-05-11-1221)\" width=\"600\" height=\"450\" srcset=\"https:\/\/agora.xtec.cat\/insllicamunt2\/wp-content\/uploads\/usu1100\/2017\/05\/Watermarked112017-05-11-1221.jpg 600w, https:\/\/agora.xtec.cat\/insllicamunt2\/wp-content\/uploads\/usu1100\/2017\/05\/Watermarked112017-05-11-1221-300x225.jpg 300w, https:\/\/agora.xtec.cat\/insllicamunt2\/wp-content\/uploads\/usu1100\/2017\/05\/Watermarked112017-05-11-1221-200x150.jpg 200w\" sizes=\"auto, (max-width: 600px) 100vw, 600px\" \/><\/p>\n<p style=\"text-align: justify;\">\n","protected":false},"excerpt":{"rendered":"<p>Avui de bon mat\u00ed, un any m\u00e9s, l&#8217;ornit\u00f2leg i anellador d&#8217;aus Rafael Gonz\u00e1lez ens ha apropat al m\u00f3n dels ocells juntament amb la seva col\u00b7laboradora Nat\u00e0lia en el marc de l&#8217;activitat PAE d&#8217;Anellament d&#8217;aus proposada per l&#8217;Ajuntament de Lli\u00e7\u00e0 d&#8217;Amunt.<\/p>\n<p>El dia s&#8217;ha despertat ennuvolat, per\u00f2&hellip;  <a href=\"https:\/\/agora.xtec.cat\/insllicamunt2\/el-far-dhipatia\/grups\/lanellament-daus-al-parc-del-tenes\/\" title=\"Read L&#8217;anellament d&#8217;aus al Parc del Tenes\">Llegeix m\u00e9s\u00bb<\/a><\/p>\n","protected":false},"author":225,"featured_media":5900,"comment_status":"open","ping_status":"open","sticky":false,"template":"","format":"standard","meta":{"_bbp_topic_count":0,"_bbp_reply_count":0,"_bbp_total_topic_count":0,"_bbp_total_reply_count":0,"_bbp_voice_count":0,"_bbp_anonymous_reply_count":0,"_bbp_topic_count_hidden":0,"_bbp_reply_count_hidden":0,"_bbp_forum_subforum_count":0,"footnotes":""},"categories":[4,94,99,347,1040,3,346,98,29],"tags":[138,1155,1213,1599,1130,827,1598,137,844,551],"class_list":["post-5891","post","type-post","status-publish","format-standard","has-post-thumbnail","hentry","category-1r-deso","category-activitats-fora-del-centre","category-articles","category-biologia-i-geologia","category-el-far-dhipatia","category-grups","category-materies","category-noticies-breus","category-portada","tag-anellament-daus","tag-au","tag-biologia-i-geologia","tag-difusio","tag-natura","tag-ocell","tag-ornitoleg","tag-pae","tag-parc-del-tenes","tag-recerca"],"post_mailing_queue_ids":[],"_links":{"self":[{"href":"https:\/\/agora.xtec.cat\/insllicamunt2\/wp-json\/wp\/v2\/posts\/5891","targetHints":{"allow":["GET"]}}],"collection":[{"href":"https:\/\/agora.xtec.cat\/insllicamunt2\/wp-json\/wp\/v2\/posts"}],"about":[{"href":"https:\/\/agora.xtec.cat\/insllicamunt2\/wp-json\/wp\/v2\/types\/post"}],"author":[{"embeddable":true,"href":"https:\/\/agora.xtec.cat\/insllicamunt2\/wp-json\/wp\/v2\/users\/225"}],"replies":[{"embeddable":true,"href":"https:\/\/agora.xtec.cat\/insllicamunt2\/wp-json\/wp\/v2\/comments?post=5891"}],"version-history":[{"count":3,"href":"https:\/\/agora.xtec.cat\/insllicamunt2\/wp-json\/wp\/v2\/posts\/5891\/revisions"}],"predecessor-version":[{"id":5922,"href":"https:\/\/agora.xtec.cat\/insllicamunt2\/wp-json\/wp\/v2\/posts\/5891\/revisions\/5922"}],"wp:featuredmedia":[{"embeddable":true,"href":"https:\/\/agora.xtec.cat\/insllicamunt2\/wp-json\/wp\/v2\/media\/5900"}],"wp:attachment":[{"href":"https:\/\/agora.xtec.cat\/insllicamunt2\/wp-json\/wp\/v2\/media?parent=5891"}],"wp:term":[{"taxonomy":"category","embeddable":true,"href":"https:\/\/agora.xtec.cat\/insllicamunt2\/wp-json\/wp\/v2\/categories?post=5891"},{"taxonomy":"post_tag","embeddable":true,"href":"https:\/\/agora.xtec.cat\/insllicamunt2\/wp-json\/wp\/v2\/tags?post=5891"}],"curies":[{"name":"wp","href":"https:\/\/api.w.org\/{rel}","templated":true}]}}