{"id":5879,"date":"2017-05-10T18:05:46","date_gmt":"2017-05-10T16:05:46","guid":{"rendered":"http:\/\/agora.xtec.cat\/insllicamunt2\/?p=5879"},"modified":"2017-05-10T18:12:00","modified_gmt":"2017-05-10T16:12:00","slug":"lhipatia-a-linefc","status":"publish","type":"post","link":"https:\/\/agora.xtec.cat\/insllicamunt2\/el-far-dhipatia\/grups\/lhipatia-a-linefc\/","title":{"rendered":"L&#8217;Hip\u00e0tia a l&#8217;INEFC"},"content":{"rendered":"<p style=\"text-align: justify;\">Avui dimecres 10 de maig de 2017, 1r ESO ha visitat l&#8217;INEFC de Montju\u00efc, universitat de l&#8217;esport on s&#8217;estudia el grau.<\/p>\n<p style=\"text-align: justify;\"><a href=\"http:\/\/agora.xtec.cat\/insllicamunt2\/wp-content\/uploads\/usu1100\/2017\/05\/DSC_0613.jpg\"><img loading=\"lazy\" decoding=\"async\" class=\"aligncenter size-full wp-image-5882\" src=\"http:\/\/agora.xtec.cat\/insllicamunt2\/wp-content\/uploads\/usu1100\/2017\/05\/DSC_0613.jpg\" alt=\"DSC_0613\" width=\"600\" height=\"338\" srcset=\"https:\/\/agora.xtec.cat\/insllicamunt2\/wp-content\/uploads\/usu1100\/2017\/05\/DSC_0613.jpg 600w, https:\/\/agora.xtec.cat\/insllicamunt2\/wp-content\/uploads\/usu1100\/2017\/05\/DSC_0613-300x169.jpg 300w\" sizes=\"auto, (max-width: 600px) 100vw, 600px\" \/><\/a><\/p>\n<p style=\"text-align: justify;\">Hem pogut veure les seves instal.lacions esportives i ens han informat de les mat\u00e8ries que s&#8217;hi imparteixen i en qu\u00e8 consisteix el grau.<\/p>\n<p style=\"text-align: justify;\"><a href=\"http:\/\/agora.xtec.cat\/insllicamunt2\/wp-content\/uploads\/usu1100\/2017\/05\/DSC_0605.jpg\"><img loading=\"lazy\" decoding=\"async\" class=\"aligncenter size-full wp-image-5880\" src=\"http:\/\/agora.xtec.cat\/insllicamunt2\/wp-content\/uploads\/usu1100\/2017\/05\/DSC_0605.jpg\" alt=\"DSC_0605\" width=\"600\" height=\"338\" srcset=\"https:\/\/agora.xtec.cat\/insllicamunt2\/wp-content\/uploads\/usu1100\/2017\/05\/DSC_0605.jpg 600w, https:\/\/agora.xtec.cat\/insllicamunt2\/wp-content\/uploads\/usu1100\/2017\/05\/DSC_0605-300x169.jpg 300w\" sizes=\"auto, (max-width: 600px) 100vw, 600px\" \/><\/a><\/p>\n<p style=\"text-align: justify;\">A tots ens ha quedat ben clar que cal d&#8217;esfor\u00e7ar-se des d&#8217;un bon principi per poder escollir els estudis desitjats!<\/p>\n<p style=\"text-align: justify;\"><a href=\"http:\/\/agora.xtec.cat\/insllicamunt2\/wp-content\/uploads\/usu1100\/2017\/05\/DSC_0608.jpg\"><img loading=\"lazy\" decoding=\"async\" class=\"aligncenter size-full wp-image-5881\" src=\"http:\/\/agora.xtec.cat\/insllicamunt2\/wp-content\/uploads\/usu1100\/2017\/05\/DSC_0608.jpg\" alt=\"DSC_0608\" width=\"600\" height=\"338\" srcset=\"https:\/\/agora.xtec.cat\/insllicamunt2\/wp-content\/uploads\/usu1100\/2017\/05\/DSC_0608.jpg 600w, https:\/\/agora.xtec.cat\/insllicamunt2\/wp-content\/uploads\/usu1100\/2017\/05\/DSC_0608-300x169.jpg 300w\" sizes=\"auto, (max-width: 600px) 100vw, 600px\" \/><\/a><\/p>\n<p style=\"text-align: justify;\">Aqu\u00ed les instal\u00b7lacions s\u00f3n magn\u00edfiques, per\u00f2 de res val sense l&#8217;esfor\u00e7 personal constant.<\/p>\n<p style=\"text-align: justify;\"><a href=\"http:\/\/agora.xtec.cat\/insllicamunt2\/wp-content\/uploads\/usu1100\/2017\/05\/IMG-20170510-WA0007.jpg\"><img loading=\"lazy\" decoding=\"async\" class=\"aligncenter size-full wp-image-5883\" src=\"http:\/\/agora.xtec.cat\/insllicamunt2\/wp-content\/uploads\/usu1100\/2017\/05\/IMG-20170510-WA0007.jpg\" alt=\"IMG-20170510-WA0007\" width=\"600\" height=\"450\" srcset=\"https:\/\/agora.xtec.cat\/insllicamunt2\/wp-content\/uploads\/usu1100\/2017\/05\/IMG-20170510-WA0007.jpg 600w, https:\/\/agora.xtec.cat\/insllicamunt2\/wp-content\/uploads\/usu1100\/2017\/05\/IMG-20170510-WA0007-300x225.jpg 300w, https:\/\/agora.xtec.cat\/insllicamunt2\/wp-content\/uploads\/usu1100\/2017\/05\/IMG-20170510-WA0007-200x150.jpg 200w\" sizes=\"auto, (max-width: 600px) 100vw, 600px\" \/><\/a><\/p>\n<p style=\"text-align: justify;\">Despr\u00e9s hem caminat per l&#8217;Anella Ol\u00edmpica, davant de les piscines Picornell i de l&#8217;estadi Ol\u00edmpic, per tal d&#8217;arribar al Museu Ol\u00edmpic de l&#8217;Esport.<\/p>\n<p style=\"text-align: justify;\"><a href=\"http:\/\/agora.xtec.cat\/insllicamunt2\/wp-content\/uploads\/usu1100\/2017\/05\/IMG-20170510-WA0016.jpg\"><img loading=\"lazy\" decoding=\"async\" class=\"aligncenter size-full wp-image-5886\" src=\"http:\/\/agora.xtec.cat\/insllicamunt2\/wp-content\/uploads\/usu1100\/2017\/05\/IMG-20170510-WA0016.jpg\" alt=\"IMG-20170510-WA0016\" width=\"600\" height=\"450\" srcset=\"https:\/\/agora.xtec.cat\/insllicamunt2\/wp-content\/uploads\/usu1100\/2017\/05\/IMG-20170510-WA0016.jpg 600w, https:\/\/agora.xtec.cat\/insllicamunt2\/wp-content\/uploads\/usu1100\/2017\/05\/IMG-20170510-WA0016-300x225.jpg 300w, https:\/\/agora.xtec.cat\/insllicamunt2\/wp-content\/uploads\/usu1100\/2017\/05\/IMG-20170510-WA0016-200x150.jpg 200w\" sizes=\"auto, (max-width: 600px) 100vw, 600px\" \/><\/a><\/p>\n<p style=\"text-align: justify;\">Al museu hem gaudit d&#8217;un passi de curtmetratges relacionats amb l&#8217;esport, premiats dins l&#8217;Sports Film Festival de Barcelona.<\/p>\n<p style=\"text-align: justify;\"><a href=\"http:\/\/agora.xtec.cat\/insllicamunt2\/wp-content\/uploads\/usu1100\/2017\/05\/IMG-20170510-WA0011.jpg\"><img loading=\"lazy\" decoding=\"async\" class=\"aligncenter size-full wp-image-5885\" src=\"http:\/\/agora.xtec.cat\/insllicamunt2\/wp-content\/uploads\/usu1100\/2017\/05\/IMG-20170510-WA0011.jpg\" alt=\"IMG-20170510-WA0011\" width=\"600\" height=\"450\" srcset=\"https:\/\/agora.xtec.cat\/insllicamunt2\/wp-content\/uploads\/usu1100\/2017\/05\/IMG-20170510-WA0011.jpg 600w, https:\/\/agora.xtec.cat\/insllicamunt2\/wp-content\/uploads\/usu1100\/2017\/05\/IMG-20170510-WA0011-300x225.jpg 300w, https:\/\/agora.xtec.cat\/insllicamunt2\/wp-content\/uploads\/usu1100\/2017\/05\/IMG-20170510-WA0011-200x150.jpg 200w\" sizes=\"auto, (max-width: 600px) 100vw, 600px\" \/><\/a><\/p>\n<p style=\"text-align: justify;\">Just despr\u00e9s hem fet la visita al museu seguint les fotografies i objectes que ens han ajudat a con\u00e8ixer la hist\u00f2ria de l&#8217;esport.<\/p>\n<p style=\"text-align: center;\"><a href=\"http:\/\/agora.xtec.cat\/insllicamunt2\/wp-content\/uploads\/usu1100\/2017\/05\/IMG-20170510-WA0009.jpg\"><img loading=\"lazy\" decoding=\"async\" class=\"aligncenter size-full wp-image-5884\" src=\"http:\/\/agora.xtec.cat\/insllicamunt2\/wp-content\/uploads\/usu1100\/2017\/05\/IMG-20170510-WA0009.jpg\" alt=\"IMG-20170510-WA0009\" width=\"600\" height=\"450\" srcset=\"https:\/\/agora.xtec.cat\/insllicamunt2\/wp-content\/uploads\/usu1100\/2017\/05\/IMG-20170510-WA0009.jpg 600w, https:\/\/agora.xtec.cat\/insllicamunt2\/wp-content\/uploads\/usu1100\/2017\/05\/IMG-20170510-WA0009-300x225.jpg 300w, https:\/\/agora.xtec.cat\/insllicamunt2\/wp-content\/uploads\/usu1100\/2017\/05\/IMG-20170510-WA0009-200x150.jpg 200w\" sizes=\"auto, (max-width: 600px) 100vw, 600px\" \/><\/a><\/p>\n","protected":false},"excerpt":{"rendered":"<p>Avui dimecres 10 de maig de 2017, 1r ESO ha visitat l&#8217;INEFC de Montju\u00efc, universitat de l&#8217;esport on s&#8217;estudia el grau.<br \/>\n<a href=\"http:\/\/agora.xtec.cat\/insllicamunt2\/wp-content\/uploads\/usu1100\/2017\/05\/DSC_0613.jpg\"><\/a><br \/>\nHem pogut veure les seves instal.lacions esportives i ens han informat de les mat\u00e8ries que s&#8217;hi imparteixen i en qu\u00e8 consisteix el grau.<br \/>\n<a href=\"http:\/\/agora.xtec.cat\/insllicamunt2\/wp-content\/uploads\/usu1100\/2017\/05\/DSC_0605.jpg\"><\/a><br \/>\nA&hellip;  <a href=\"https:\/\/agora.xtec.cat\/insllicamunt2\/el-far-dhipatia\/grups\/lhipatia-a-linefc\/\" title=\"Read L&#8217;Hip\u00e0tia a l&#8217;INEFC\">Llegeix m\u00e9s\u00bb<\/a><\/p>\n","protected":false},"author":258,"featured_media":5882,"comment_status":"open","ping_status":"open","sticky":false,"template":"","format":"standard","meta":{"_bbp_topic_count":0,"_bbp_reply_count":0,"_bbp_total_topic_count":0,"_bbp_total_reply_count":0,"_bbp_voice_count":0,"_bbp_anonymous_reply_count":0,"_bbp_topic_count_hidden":0,"_bbp_reply_count_hidden":0,"_bbp_forum_subforum_count":0,"footnotes":""},"categories":[4,94,99,352,1040,3,346,98,29],"tags":[1595,79,388,578,190,1593,1592,1596,1594,1597],"class_list":["post-5879","post","type-post","status-publish","format-standard","has-post-thumbnail","hentry","category-1r-deso","category-activitats-fora-del-centre","category-articles","category-educacio-fisica","category-el-far-dhipatia","category-grups","category-materies","category-noticies-breus","category-portada","tag-anella-olimpica","tag-barcelona","tag-curtmetratge","tag-educacio-fisica","tag-esport","tag-grau-universitari","tag-inefc","tag-museu-olimpic-de-lesport","tag-olimpiades","tag-sports-film-festival"],"post_mailing_queue_ids":[],"_links":{"self":[{"href":"https:\/\/agora.xtec.cat\/insllicamunt2\/wp-json\/wp\/v2\/posts\/5879","targetHints":{"allow":["GET"]}}],"collection":[{"href":"https:\/\/agora.xtec.cat\/insllicamunt2\/wp-json\/wp\/v2\/posts"}],"about":[{"href":"https:\/\/agora.xtec.cat\/insllicamunt2\/wp-json\/wp\/v2\/types\/post"}],"author":[{"embeddable":true,"href":"https:\/\/agora.xtec.cat\/insllicamunt2\/wp-json\/wp\/v2\/users\/258"}],"replies":[{"embeddable":true,"href":"https:\/\/agora.xtec.cat\/insllicamunt2\/wp-json\/wp\/v2\/comments?post=5879"}],"version-history":[{"count":2,"href":"https:\/\/agora.xtec.cat\/insllicamunt2\/wp-json\/wp\/v2\/posts\/5879\/revisions"}],"predecessor-version":[{"id":5890,"href":"https:\/\/agora.xtec.cat\/insllicamunt2\/wp-json\/wp\/v2\/posts\/5879\/revisions\/5890"}],"wp:featuredmedia":[{"embeddable":true,"href":"https:\/\/agora.xtec.cat\/insllicamunt2\/wp-json\/wp\/v2\/media\/5882"}],"wp:attachment":[{"href":"https:\/\/agora.xtec.cat\/insllicamunt2\/wp-json\/wp\/v2\/media?parent=5879"}],"wp:term":[{"taxonomy":"category","embeddable":true,"href":"https:\/\/agora.xtec.cat\/insllicamunt2\/wp-json\/wp\/v2\/categories?post=5879"},{"taxonomy":"post_tag","embeddable":true,"href":"https:\/\/agora.xtec.cat\/insllicamunt2\/wp-json\/wp\/v2\/tags?post=5879"}],"curies":[{"name":"wp","href":"https:\/\/api.w.org\/{rel}","templated":true}]}}