{"id":5846,"date":"2017-05-05T13:41:32","date_gmt":"2017-05-05T11:41:32","guid":{"rendered":"http:\/\/agora.xtec.cat\/insllicamunt2\/?p=5846"},"modified":"2017-05-09T16:57:55","modified_gmt":"2017-05-09T14:57:55","slug":"efectes-de-la-contaminacio-per-metalls-pesants","status":"publish","type":"post","link":"https:\/\/agora.xtec.cat\/insllicamunt2\/el-far-dhipatia\/grups\/efectes-de-la-contaminacio-per-metalls-pesants\/","title":{"rendered":"Efectes de la contaminaci\u00f3 per metalls pesants"},"content":{"rendered":"<p style=\"text-align: justify;\">Els alumnes de 4t d&#8217;ESO de la mat\u00e8ria optativa de Biologia i Geologia han comen\u00e7at avui la pr\u00e0ctica 12, que consisteix en una investigaci\u00f3 sobre els efectes de la contaminaci\u00f3 per metalls pesants.<\/p>\n<p style=\"text-align: center;\"><a href=\"http:\/\/agora.xtec.cat\/insllicamunt2\/wp-content\/uploads\/usu1100\/2017\/05\/Watermarked32017-05-05-1310.jpg\"><img loading=\"lazy\" decoding=\"async\" class=\"aligncenter size-full wp-image-5850\" src=\"http:\/\/agora.xtec.cat\/insllicamunt2\/wp-content\/uploads\/usu1100\/2017\/05\/Watermarked32017-05-05-1310.jpg\" alt=\"Watermarked3(2017-05-05-1310)\" width=\"600\" height=\"450\" srcset=\"https:\/\/agora.xtec.cat\/insllicamunt2\/wp-content\/uploads\/usu1100\/2017\/05\/Watermarked32017-05-05-1310.jpg 600w, https:\/\/agora.xtec.cat\/insllicamunt2\/wp-content\/uploads\/usu1100\/2017\/05\/Watermarked32017-05-05-1310-300x225.jpg 300w, https:\/\/agora.xtec.cat\/insllicamunt2\/wp-content\/uploads\/usu1100\/2017\/05\/Watermarked32017-05-05-1310-200x150.jpg 200w\" sizes=\"auto, (max-width: 600px) 100vw, 600px\" \/><\/a><\/p>\n<p style=\"text-align: justify;\">Els alumnes disposen d&#8217;un informe de pr\u00e0ctiques en el que es detallen amb tota claredat tant els fonaments te\u00f2rics de la pr\u00e0ctica com el protocol a seguir.<\/p>\n<p style=\"text-align: center;\"><a href=\"http:\/\/agora.xtec.cat\/insllicamunt2\/wp-content\/uploads\/usu1100\/2017\/05\/Watermarked102017-05-05-1310.jpg\"><img loading=\"lazy\" decoding=\"async\" class=\"aligncenter size-full wp-image-5857\" src=\"http:\/\/agora.xtec.cat\/insllicamunt2\/wp-content\/uploads\/usu1100\/2017\/05\/Watermarked102017-05-05-1310.jpg\" alt=\"Watermarked10(2017-05-05-1310)\" width=\"600\" height=\"450\" srcset=\"https:\/\/agora.xtec.cat\/insllicamunt2\/wp-content\/uploads\/usu1100\/2017\/05\/Watermarked102017-05-05-1310.jpg 600w, https:\/\/agora.xtec.cat\/insllicamunt2\/wp-content\/uploads\/usu1100\/2017\/05\/Watermarked102017-05-05-1310-300x225.jpg 300w, https:\/\/agora.xtec.cat\/insllicamunt2\/wp-content\/uploads\/usu1100\/2017\/05\/Watermarked102017-05-05-1310-200x150.jpg 200w\" sizes=\"auto, (max-width: 600px) 100vw, 600px\" \/><\/a><\/p>\n<p style=\"text-align: justify;\">La pr\u00e0ctica s&#8217;emmarca en el bloc d&#8217;ecologia, on es treballen els conceptes b\u00e0sics de n\u00ednxol ecol\u00f2gic, factors abi\u00f2tics i bi\u00f2tics limitants, les relacions intraespec\u00edfiques i interespec\u00edfiques, esp\u00e8cie, poblaci\u00f3, comunitat i ecosistema, colonitzaci\u00f3, successi\u00f3 ecol\u00f2gica i cl\u00edmax, cicles biogeoqu\u00edmics, fluxos de mat\u00e8ria i energia, contaminaci\u00f3 i gesti\u00f3 ambiental.<\/p>\n<p style=\"text-align: center;\"><a href=\"http:\/\/agora.xtec.cat\/insllicamunt2\/wp-content\/uploads\/usu1100\/2017\/05\/Watermarked112017-05-05-1310.jpg\"><img loading=\"lazy\" decoding=\"async\" class=\"aligncenter size-full wp-image-5858\" src=\"http:\/\/agora.xtec.cat\/insllicamunt2\/wp-content\/uploads\/usu1100\/2017\/05\/Watermarked112017-05-05-1310.jpg\" alt=\"Watermarked11(2017-05-05-1310)\" width=\"600\" height=\"450\" srcset=\"https:\/\/agora.xtec.cat\/insllicamunt2\/wp-content\/uploads\/usu1100\/2017\/05\/Watermarked112017-05-05-1310.jpg 600w, https:\/\/agora.xtec.cat\/insllicamunt2\/wp-content\/uploads\/usu1100\/2017\/05\/Watermarked112017-05-05-1310-300x225.jpg 300w, https:\/\/agora.xtec.cat\/insllicamunt2\/wp-content\/uploads\/usu1100\/2017\/05\/Watermarked112017-05-05-1310-200x150.jpg 200w\" sizes=\"auto, (max-width: 600px) 100vw, 600px\" \/><\/a><\/p>\n<p style=\"text-align: justify;\">A la pr\u00e0ctica s&#8217;estudia de manera experimental els efectes de la contaminaci\u00f3 qu\u00edmica en la germinaci\u00f3 i en el creixement de llavors de gram\u00ednia del g\u00e8nere <i>Festuca<\/i>, que es comercialitza com a gespa. El metall pesant considerat com a contaminant \u00e9s el coure, i s&#8217;ha escollit el compost soluble en aigua CuCl<sub>2<\/sub> \u00b7 2H<sub>2<\/sub>O en dissoluci\u00f3 aquosa pr\u00e8via al 1mg\/ml.<\/p>\n<p style=\"text-align: center;\"><a href=\"http:\/\/agora.xtec.cat\/insllicamunt2\/wp-content\/uploads\/usu1100\/2017\/05\/Watermarked42017-05-05-1310.jpg\"><img loading=\"lazy\" decoding=\"async\" class=\"aligncenter size-full wp-image-5851\" src=\"http:\/\/agora.xtec.cat\/insllicamunt2\/wp-content\/uploads\/usu1100\/2017\/05\/Watermarked42017-05-05-1310.jpg\" alt=\"Watermarked4(2017-05-05-1310)\" width=\"600\" height=\"450\" srcset=\"https:\/\/agora.xtec.cat\/insllicamunt2\/wp-content\/uploads\/usu1100\/2017\/05\/Watermarked42017-05-05-1310.jpg 600w, https:\/\/agora.xtec.cat\/insllicamunt2\/wp-content\/uploads\/usu1100\/2017\/05\/Watermarked42017-05-05-1310-300x225.jpg 300w, https:\/\/agora.xtec.cat\/insllicamunt2\/wp-content\/uploads\/usu1100\/2017\/05\/Watermarked42017-05-05-1310-200x150.jpg 200w\" sizes=\"auto, (max-width: 600px) 100vw, 600px\" \/><\/a><\/p>\n<p style=\"text-align: justify;\">Els alumnes han preparat la soluci\u00f3 pr\u00e8via utilitzant una balan\u00e7a de precisi\u00f3, tenint en compte que la densitat de l&#8217;aigua \u00e9s igual a 1.<\/p>\n<p style=\"text-align: center;\"><a href=\"http:\/\/agora.xtec.cat\/insllicamunt2\/wp-content\/uploads\/usu1100\/2017\/05\/Watermarked152017-05-05-1310.jpg\"><img loading=\"lazy\" decoding=\"async\" class=\"aligncenter size-full wp-image-5862\" src=\"http:\/\/agora.xtec.cat\/insllicamunt2\/wp-content\/uploads\/usu1100\/2017\/05\/Watermarked152017-05-05-1310.jpg\" alt=\"Watermarked15(2017-05-05-1310)\" width=\"600\" height=\"450\" srcset=\"https:\/\/agora.xtec.cat\/insllicamunt2\/wp-content\/uploads\/usu1100\/2017\/05\/Watermarked152017-05-05-1310.jpg 600w, https:\/\/agora.xtec.cat\/insllicamunt2\/wp-content\/uploads\/usu1100\/2017\/05\/Watermarked152017-05-05-1310-300x225.jpg 300w, https:\/\/agora.xtec.cat\/insllicamunt2\/wp-content\/uploads\/usu1100\/2017\/05\/Watermarked152017-05-05-1310-200x150.jpg 200w\" sizes=\"auto, (max-width: 600px) 100vw, 600px\" \/><\/a><\/p>\n<p style=\"text-align: justify;\">Mentrestant, altres\u00a0alumnes han estat preparant uns cercles de paper de filtre en condicions netes per a evitar contaminar el paper.<\/p>\n<p style=\"text-align: center;\"><a href=\"http:\/\/agora.xtec.cat\/insllicamunt2\/wp-content\/uploads\/usu1100\/2017\/05\/Watermarked132017-05-05-1310.jpg\"><img loading=\"lazy\" decoding=\"async\" class=\"aligncenter size-full wp-image-5860\" src=\"http:\/\/agora.xtec.cat\/insllicamunt2\/wp-content\/uploads\/usu1100\/2017\/05\/Watermarked132017-05-05-1310.jpg\" alt=\"Watermarked13(2017-05-05-1310)\" width=\"600\" height=\"450\" srcset=\"https:\/\/agora.xtec.cat\/insllicamunt2\/wp-content\/uploads\/usu1100\/2017\/05\/Watermarked132017-05-05-1310.jpg 600w, https:\/\/agora.xtec.cat\/insllicamunt2\/wp-content\/uploads\/usu1100\/2017\/05\/Watermarked132017-05-05-1310-300x225.jpg 300w, https:\/\/agora.xtec.cat\/insllicamunt2\/wp-content\/uploads\/usu1100\/2017\/05\/Watermarked132017-05-05-1310-200x150.jpg 200w\" sizes=\"auto, (max-width: 600px) 100vw, 600px\" \/><\/a><\/p>\n<p style=\"text-align: justify;\">S&#8217;han colocat 3 cercles de paper de filtre a cadascuna de les plaques de Petri noves i perfectament netes. S&#8217;ha utilitza un total de 6 plaques de Petri per al cultiu a diferents concentracions.<\/p>\n<p style=\"text-align: center;\"><a href=\"http:\/\/agora.xtec.cat\/insllicamunt2\/wp-content\/uploads\/usu1100\/2017\/05\/Watermarked62017-05-05-1310.jpg\"><img loading=\"lazy\" decoding=\"async\" class=\"aligncenter size-full wp-image-5853\" src=\"http:\/\/agora.xtec.cat\/insllicamunt2\/wp-content\/uploads\/usu1100\/2017\/05\/Watermarked62017-05-05-1310.jpg\" alt=\"Watermarked6(2017-05-05-1310)\" width=\"600\" height=\"450\" srcset=\"https:\/\/agora.xtec.cat\/insllicamunt2\/wp-content\/uploads\/usu1100\/2017\/05\/Watermarked62017-05-05-1310.jpg 600w, https:\/\/agora.xtec.cat\/insllicamunt2\/wp-content\/uploads\/usu1100\/2017\/05\/Watermarked62017-05-05-1310-300x225.jpg 300w, https:\/\/agora.xtec.cat\/insllicamunt2\/wp-content\/uploads\/usu1100\/2017\/05\/Watermarked62017-05-05-1310-200x150.jpg 200w\" sizes=\"auto, (max-width: 600px) 100vw, 600px\" \/><\/a><\/p>\n<p style=\"text-align: justify;\">Les concentracions que s&#8217;han fet s\u00f3n al 100%, al 30%, al 10%, al 3% i a l&#8217;1% de CuCl<sub>2<\/sub> aq. A m\u00e9s, s&#8217;ha fet un altre cultiu nom\u00e9s amb aigua destil\u00b7lada (concentraci\u00f3 al 0%) que constitueix la prova control que permet tabular els resultats que s&#8217;obtinguin.<\/p>\n<p style=\"text-align: center;\"><a href=\"http:\/\/agora.xtec.cat\/insllicamunt2\/wp-content\/uploads\/usu1100\/2017\/05\/Watermarked122017-05-05-1310.jpg\"><img loading=\"lazy\" decoding=\"async\" class=\"aligncenter size-full wp-image-5859\" src=\"http:\/\/agora.xtec.cat\/insllicamunt2\/wp-content\/uploads\/usu1100\/2017\/05\/Watermarked122017-05-05-1310.jpg\" alt=\"Watermarked12(2017-05-05-1310)\" width=\"600\" height=\"450\" srcset=\"https:\/\/agora.xtec.cat\/insllicamunt2\/wp-content\/uploads\/usu1100\/2017\/05\/Watermarked122017-05-05-1310.jpg 600w, https:\/\/agora.xtec.cat\/insllicamunt2\/wp-content\/uploads\/usu1100\/2017\/05\/Watermarked122017-05-05-1310-300x225.jpg 300w, https:\/\/agora.xtec.cat\/insllicamunt2\/wp-content\/uploads\/usu1100\/2017\/05\/Watermarked122017-05-05-1310-200x150.jpg 200w\" sizes=\"auto, (max-width: 600px) 100vw, 600px\" \/><\/a><\/p>\n<p style=\"text-align: justify;\">Per preparar cadascuna de les concentracions s&#8217;han utilitzat pipetes, peres xucladores de precisi\u00f3 i tubs d&#8217;assaig.<\/p>\n<p style=\"text-align: center;\"><a href=\"http:\/\/agora.xtec.cat\/insllicamunt2\/wp-content\/uploads\/usu1100\/2017\/05\/Watermarked72017-05-05-1310.jpg\"><img loading=\"lazy\" decoding=\"async\" class=\"aligncenter size-full wp-image-5854\" src=\"http:\/\/agora.xtec.cat\/insllicamunt2\/wp-content\/uploads\/usu1100\/2017\/05\/Watermarked72017-05-05-1310.jpg\" alt=\"Watermarked7(2017-05-05-1310)\" width=\"600\" height=\"450\" srcset=\"https:\/\/agora.xtec.cat\/insllicamunt2\/wp-content\/uploads\/usu1100\/2017\/05\/Watermarked72017-05-05-1310.jpg 600w, https:\/\/agora.xtec.cat\/insllicamunt2\/wp-content\/uploads\/usu1100\/2017\/05\/Watermarked72017-05-05-1310-300x225.jpg 300w, https:\/\/agora.xtec.cat\/insllicamunt2\/wp-content\/uploads\/usu1100\/2017\/05\/Watermarked72017-05-05-1310-200x150.jpg 200w\" sizes=\"auto, (max-width: 600px) 100vw, 600px\" \/><\/a><\/p>\n<p style=\"text-align: justify;\">La proporci\u00f3 de soluci\u00f3 i d&#8217;aigua utilitzada a\u00a0cada preparaci\u00f3 ha estat l&#8217;adequada per a obtenir les concentracions desitjades. Ha calgut ser molt prec\u00eds!<\/p>\n<p style=\"text-align: center;\"><a href=\"http:\/\/agora.xtec.cat\/insllicamunt2\/wp-content\/uploads\/usu1100\/2017\/05\/Watermarked92017-05-05-1310.jpg\"><img loading=\"lazy\" decoding=\"async\" class=\"aligncenter size-full wp-image-5856\" src=\"http:\/\/agora.xtec.cat\/insllicamunt2\/wp-content\/uploads\/usu1100\/2017\/05\/Watermarked92017-05-05-1310.jpg\" alt=\"Watermarked9(2017-05-05-1310)\" width=\"600\" height=\"450\" srcset=\"https:\/\/agora.xtec.cat\/insllicamunt2\/wp-content\/uploads\/usu1100\/2017\/05\/Watermarked92017-05-05-1310.jpg 600w, https:\/\/agora.xtec.cat\/insllicamunt2\/wp-content\/uploads\/usu1100\/2017\/05\/Watermarked92017-05-05-1310-300x225.jpg 300w, https:\/\/agora.xtec.cat\/insllicamunt2\/wp-content\/uploads\/usu1100\/2017\/05\/Watermarked92017-05-05-1310-200x150.jpg 200w\" sizes=\"auto, (max-width: 600px) 100vw, 600px\" \/><\/a><\/p>\n<p style=\"text-align: justify;\">La mescla s&#8217;ha barrejat b\u00e9 en el tub d&#8217;assaig abans de vessar-la sobre el paper de filtre a la placa de Petri convenientment etiquetada.<\/p>\n<p style=\"text-align: center;\"><a href=\"http:\/\/agora.xtec.cat\/insllicamunt2\/wp-content\/uploads\/usu1100\/2017\/05\/Watermarked12017-05-05-1310.jpg\"><img loading=\"lazy\" decoding=\"async\" class=\"aligncenter size-full wp-image-5848\" src=\"http:\/\/agora.xtec.cat\/insllicamunt2\/wp-content\/uploads\/usu1100\/2017\/05\/Watermarked12017-05-05-1310.jpg\" alt=\"Watermarked1(2017-05-05-1310)\" width=\"600\" height=\"450\" srcset=\"https:\/\/agora.xtec.cat\/insllicamunt2\/wp-content\/uploads\/usu1100\/2017\/05\/Watermarked12017-05-05-1310.jpg 600w, https:\/\/agora.xtec.cat\/insllicamunt2\/wp-content\/uploads\/usu1100\/2017\/05\/Watermarked12017-05-05-1310-300x225.jpg 300w, https:\/\/agora.xtec.cat\/insllicamunt2\/wp-content\/uploads\/usu1100\/2017\/05\/Watermarked12017-05-05-1310-200x150.jpg 200w\" sizes=\"auto, (max-width: 600px) 100vw, 600px\" \/><\/a><\/p>\n<p style=\"text-align: justify;\">La difer\u00e8ncia de concentracions \u00e9s ja visible pel color m\u00e9s o menys fosc del preparat.<\/p>\n<p style=\"text-align: center;\"><a href=\"http:\/\/agora.xtec.cat\/insllicamunt2\/wp-content\/uploads\/usu1100\/2017\/05\/Watermarked52017-05-05-1310.jpg\"><img loading=\"lazy\" decoding=\"async\" class=\"aligncenter size-full wp-image-5852\" src=\"http:\/\/agora.xtec.cat\/insllicamunt2\/wp-content\/uploads\/usu1100\/2017\/05\/Watermarked52017-05-05-1310.jpg\" alt=\"Watermarked5(2017-05-05-1310)\" width=\"600\" height=\"450\" srcset=\"https:\/\/agora.xtec.cat\/insllicamunt2\/wp-content\/uploads\/usu1100\/2017\/05\/Watermarked52017-05-05-1310.jpg 600w, https:\/\/agora.xtec.cat\/insllicamunt2\/wp-content\/uploads\/usu1100\/2017\/05\/Watermarked52017-05-05-1310-300x225.jpg 300w, https:\/\/agora.xtec.cat\/insllicamunt2\/wp-content\/uploads\/usu1100\/2017\/05\/Watermarked52017-05-05-1310-200x150.jpg 200w\" sizes=\"auto, (max-width: 600px) 100vw, 600px\" \/><\/a><\/p>\n<p style=\"text-align: justify;\">Abans de posar les llavors de gram\u00ednia a les preparacions, ha calgut escollir les llavors \u00f2ptimes per a l&#8217;experiment: llavors de mides similars i senceres.<\/p>\n<p style=\"text-align: center;\"><a href=\"http:\/\/agora.xtec.cat\/insllicamunt2\/wp-content\/uploads\/usu1100\/2017\/05\/Watermarked82017-05-05-1310.jpg\"><img loading=\"lazy\" decoding=\"async\" class=\"aligncenter size-full wp-image-5855\" src=\"http:\/\/agora.xtec.cat\/insllicamunt2\/wp-content\/uploads\/usu1100\/2017\/05\/Watermarked82017-05-05-1310.jpg\" alt=\"Watermarked8(2017-05-05-1310)\" width=\"600\" height=\"450\" srcset=\"https:\/\/agora.xtec.cat\/insllicamunt2\/wp-content\/uploads\/usu1100\/2017\/05\/Watermarked82017-05-05-1310.jpg 600w, https:\/\/agora.xtec.cat\/insllicamunt2\/wp-content\/uploads\/usu1100\/2017\/05\/Watermarked82017-05-05-1310-300x225.jpg 300w, https:\/\/agora.xtec.cat\/insllicamunt2\/wp-content\/uploads\/usu1100\/2017\/05\/Watermarked82017-05-05-1310-200x150.jpg 200w\" sizes=\"auto, (max-width: 600px) 100vw, 600px\" \/><\/a><\/p>\n<p style=\"text-align: justify;\">Cada preparaci\u00f3 ha de tenir 20 llavors disposades aleat\u00f2riament per tota la superf\u00edcie de la placa, evitant que les llavors es toquin.<\/p>\n<p style=\"text-align: center;\"><a href=\"http:\/\/agora.xtec.cat\/insllicamunt2\/wp-content\/uploads\/usu1100\/2017\/05\/Watermarked162017-05-05-1310.jpg\"><img loading=\"lazy\" decoding=\"async\" class=\"aligncenter size-full wp-image-5863\" src=\"http:\/\/agora.xtec.cat\/insllicamunt2\/wp-content\/uploads\/usu1100\/2017\/05\/Watermarked162017-05-05-1310.jpg\" alt=\"Watermarked16(2017-05-05-1310)\" width=\"600\" height=\"450\" srcset=\"https:\/\/agora.xtec.cat\/insllicamunt2\/wp-content\/uploads\/usu1100\/2017\/05\/Watermarked162017-05-05-1310.jpg 600w, https:\/\/agora.xtec.cat\/insllicamunt2\/wp-content\/uploads\/usu1100\/2017\/05\/Watermarked162017-05-05-1310-300x225.jpg 300w, https:\/\/agora.xtec.cat\/insllicamunt2\/wp-content\/uploads\/usu1100\/2017\/05\/Watermarked162017-05-05-1310-200x150.jpg 200w\" sizes=\"auto, (max-width: 600px) 100vw, 600px\" \/><\/a><\/p>\n<p style=\"text-align: justify;\">A la fotografia seg\u00fcent es pot observar el proc\u00e9s de cultiu:<\/p>\n<p style=\"text-align: center;\"><a href=\"http:\/\/agora.xtec.cat\/insllicamunt2\/wp-content\/uploads\/usu1100\/2017\/05\/Watermarked172017-05-05-1310.jpg\"><img loading=\"lazy\" decoding=\"async\" class=\"aligncenter size-full wp-image-5864\" src=\"http:\/\/agora.xtec.cat\/insllicamunt2\/wp-content\/uploads\/usu1100\/2017\/05\/Watermarked172017-05-05-1310.jpg\" alt=\"Watermarked17(2017-05-05-1310)\" width=\"600\" height=\"450\" srcset=\"https:\/\/agora.xtec.cat\/insllicamunt2\/wp-content\/uploads\/usu1100\/2017\/05\/Watermarked172017-05-05-1310.jpg 600w, https:\/\/agora.xtec.cat\/insllicamunt2\/wp-content\/uploads\/usu1100\/2017\/05\/Watermarked172017-05-05-1310-300x225.jpg 300w, https:\/\/agora.xtec.cat\/insllicamunt2\/wp-content\/uploads\/usu1100\/2017\/05\/Watermarked172017-05-05-1310-200x150.jpg 200w\" sizes=\"auto, (max-width: 600px) 100vw, 600px\" \/><\/a><\/p>\n<p style=\"text-align: justify;\">Una vegada realitzat el cultiu, s&#8217;han tancat les plaques de Petri.<\/p>\n<p style=\"text-align: center;\"><a href=\"http:\/\/agora.xtec.cat\/insllicamunt2\/wp-content\/uploads\/usu1100\/2017\/05\/Watermarked22017-05-05-1310.jpg\"><img loading=\"lazy\" decoding=\"async\" class=\"aligncenter size-full wp-image-5849\" src=\"http:\/\/agora.xtec.cat\/insllicamunt2\/wp-content\/uploads\/usu1100\/2017\/05\/Watermarked22017-05-05-1310.jpg\" alt=\"Watermarked2(2017-05-05-1310)\" width=\"600\" height=\"450\" srcset=\"https:\/\/agora.xtec.cat\/insllicamunt2\/wp-content\/uploads\/usu1100\/2017\/05\/Watermarked22017-05-05-1310.jpg 600w, https:\/\/agora.xtec.cat\/insllicamunt2\/wp-content\/uploads\/usu1100\/2017\/05\/Watermarked22017-05-05-1310-300x225.jpg 300w, https:\/\/agora.xtec.cat\/insllicamunt2\/wp-content\/uploads\/usu1100\/2017\/05\/Watermarked22017-05-05-1310-200x150.jpg 200w\" sizes=\"auto, (max-width: 600px) 100vw, 600px\" \/><\/a><\/p>\n<p style=\"text-align: justify;\">Aqu\u00ed teniu les preparacions acabades amb les 6 concentracions:<\/p>\n<p style=\"text-align: center;\"><a href=\"http:\/\/agora.xtec.cat\/insllicamunt2\/wp-content\/uploads\/usu1100\/2017\/05\/Watermarked142017-05-05-1310.jpg\"><img loading=\"lazy\" decoding=\"async\" class=\"aligncenter size-full wp-image-5861\" src=\"http:\/\/agora.xtec.cat\/insllicamunt2\/wp-content\/uploads\/usu1100\/2017\/05\/Watermarked142017-05-05-1310.jpg\" alt=\"Watermarked14(2017-05-05-1310)\" width=\"600\" height=\"450\" srcset=\"https:\/\/agora.xtec.cat\/insllicamunt2\/wp-content\/uploads\/usu1100\/2017\/05\/Watermarked142017-05-05-1310.jpg 600w, https:\/\/agora.xtec.cat\/insllicamunt2\/wp-content\/uploads\/usu1100\/2017\/05\/Watermarked142017-05-05-1310-300x225.jpg 300w, https:\/\/agora.xtec.cat\/insllicamunt2\/wp-content\/uploads\/usu1100\/2017\/05\/Watermarked142017-05-05-1310-200x150.jpg 200w\" sizes=\"auto, (max-width: 600px) 100vw, 600px\" \/><\/a><\/p>\n<p style=\"text-align: justify;\">Finalment hem posat el cultiu a l&#8217;estufa del laboratori per mantenir-lo a una temperatura constant de 22\u00baC.<\/p>\n<p style=\"text-align: center;\"><a href=\"http:\/\/agora.xtec.cat\/insllicamunt2\/wp-content\/uploads\/usu1100\/2017\/05\/Watermarked182017-05-05-1310.jpg\"><img loading=\"lazy\" decoding=\"async\" class=\"aligncenter size-full wp-image-5865\" src=\"http:\/\/agora.xtec.cat\/insllicamunt2\/wp-content\/uploads\/usu1100\/2017\/05\/Watermarked182017-05-05-1310.jpg\" alt=\"Watermarked18(2017-05-05-1310)\" width=\"600\" height=\"450\" srcset=\"https:\/\/agora.xtec.cat\/insllicamunt2\/wp-content\/uploads\/usu1100\/2017\/05\/Watermarked182017-05-05-1310.jpg 600w, https:\/\/agora.xtec.cat\/insllicamunt2\/wp-content\/uploads\/usu1100\/2017\/05\/Watermarked182017-05-05-1310-300x225.jpg 300w, https:\/\/agora.xtec.cat\/insllicamunt2\/wp-content\/uploads\/usu1100\/2017\/05\/Watermarked182017-05-05-1310-200x150.jpg 200w\" sizes=\"auto, (max-width: 600px) 100vw, 600px\" \/><\/a><\/p>\n<p style=\"text-align: justify;\">D&#8217;aqu\u00ed a una setmana els alumnes estudiaran la proporci\u00f3 de llavors germinades i l&#8217;\u00edndex de creixement de l&#8217;arrel i de l&#8217;epic\u00f2til per a cada concentraci\u00f3 de metall pesant i discutiran els resultats per a obtenir conclusions sobre la contaminaci\u00f3.<\/p>\n","protected":false},"excerpt":{"rendered":"<p>Els alumnes de 4t d&#8217;ESO de la mat\u00e8ria optativa de Biologia i Geologia han comen\u00e7at avui la pr\u00e0ctica 12, que consisteix en una investigaci\u00f3 sobre els efectes de la contaminaci\u00f3 per metalls pesants.<br \/>\n<a href=\"http:\/\/agora.xtec.cat\/insllicamunt2\/wp-content\/uploads\/usu1100\/2017\/05\/Watermarked32017-05-05-1310.jpg\"><\/a><br \/>\nEls alumnes disposen d&#8217;un informe de pr\u00e0ctiques en el que es detallen&hellip;  <a href=\"https:\/\/agora.xtec.cat\/insllicamunt2\/el-far-dhipatia\/grups\/efectes-de-la-contaminacio-per-metalls-pesants\/\" title=\"Read Efectes de la contaminaci\u00f3 per metalls pesants\">Llegeix m\u00e9s\u00bb<\/a><\/p>\n","protected":false},"author":225,"featured_media":5861,"comment_status":"open","ping_status":"open","sticky":false,"template":"","format":"standard","meta":{"_bbp_topic_count":0,"_bbp_reply_count":0,"_bbp_total_topic_count":0,"_bbp_total_reply_count":0,"_bbp_voice_count":0,"_bbp_anonymous_reply_count":0,"_bbp_topic_count_hidden":0,"_bbp_reply_count_hidden":0,"_bbp_forum_subforum_count":0,"footnotes":""},"categories":[7,93,99,347,1040,3,346,98,29],"tags":[279,1213,694,368,770,1586,394,551],"class_list":["post-5846","post","type-post","status-publish","format-standard","has-post-thumbnail","hentry","category-4t-deso","category-activitats-daula","category-articles","category-biologia-i-geologia","category-el-far-dhipatia","category-grups","category-materies","category-noticies-breus","category-portada","tag-4t-deso","tag-biologia-i-geologia","tag-contaminacio","tag-ecologia","tag-experimentacio","tag-metall-pesant","tag-practiques-de-laboratori","tag-recerca"],"post_mailing_queue_ids":[],"_links":{"self":[{"href":"https:\/\/agora.xtec.cat\/insllicamunt2\/wp-json\/wp\/v2\/posts\/5846","targetHints":{"allow":["GET"]}}],"collection":[{"href":"https:\/\/agora.xtec.cat\/insllicamunt2\/wp-json\/wp\/v2\/posts"}],"about":[{"href":"https:\/\/agora.xtec.cat\/insllicamunt2\/wp-json\/wp\/v2\/types\/post"}],"author":[{"embeddable":true,"href":"https:\/\/agora.xtec.cat\/insllicamunt2\/wp-json\/wp\/v2\/users\/225"}],"replies":[{"embeddable":true,"href":"https:\/\/agora.xtec.cat\/insllicamunt2\/wp-json\/wp\/v2\/comments?post=5846"}],"version-history":[{"count":4,"href":"https:\/\/agora.xtec.cat\/insllicamunt2\/wp-json\/wp\/v2\/posts\/5846\/revisions"}],"predecessor-version":[{"id":5876,"href":"https:\/\/agora.xtec.cat\/insllicamunt2\/wp-json\/wp\/v2\/posts\/5846\/revisions\/5876"}],"wp:featuredmedia":[{"embeddable":true,"href":"https:\/\/agora.xtec.cat\/insllicamunt2\/wp-json\/wp\/v2\/media\/5861"}],"wp:attachment":[{"href":"https:\/\/agora.xtec.cat\/insllicamunt2\/wp-json\/wp\/v2\/media?parent=5846"}],"wp:term":[{"taxonomy":"category","embeddable":true,"href":"https:\/\/agora.xtec.cat\/insllicamunt2\/wp-json\/wp\/v2\/categories?post=5846"},{"taxonomy":"post_tag","embeddable":true,"href":"https:\/\/agora.xtec.cat\/insllicamunt2\/wp-json\/wp\/v2\/tags?post=5846"}],"curies":[{"name":"wp","href":"https:\/\/api.w.org\/{rel}","templated":true}]}}