{"id":5737,"date":"2017-04-25T08:28:52","date_gmt":"2017-04-25T06:28:52","guid":{"rendered":"http:\/\/agora.xtec.cat\/insllicamunt2\/?p=5737"},"modified":"2017-04-28T13:37:49","modified_gmt":"2017-04-28T11:37:49","slug":"tots-som-petits-princeps-making-of","status":"publish","type":"post","link":"https:\/\/agora.xtec.cat\/insllicamunt2\/el-far-dhipatia\/grups\/tots-som-petits-princeps-making-of\/","title":{"rendered":"Tots som Petits Pr\u00ednceps! Making of"},"content":{"rendered":"<p style=\"text-align: justify;\">Com cada any, Sant Jordi \u00e9s celebrat a l\u2019INS Hip\u00e0tia d\u2019Alexandria com una de les seves festes m\u00e9s importants. La diada tindr\u00e0 lloc a l\u2019Alian\u00e7a dem\u00e0, dia 25 d\u2019abril, i en aquesta ocasi\u00f3 constar\u00e0 de dues parts. Durant la primera part de la jornada tindrem l\u2019oportunitat de veure el musical \u201cEl Petit Pr\u00edncep\u201d i durant la segona part de la jornada es faran els lliuraments de premis del certamen literari.<\/p>\n<p style=\"text-align: justify;\">Durant el dies previs a la Gala de Sant Jordi, el centre ha estat immers en una s\u00e8rie de tallers que tenien com a objectiu abordar els preparatius de la jornada. Els tallers s\u2019han organitzat per tal que l\u2019alumnat particip\u00e9s dels aspectes organitzatius del musical i tamb\u00e9 s\u2019ha treballat al voltant de la figura del conte \u201cEl petit pr\u00edncep\u201d i del seu autor, Antoine de Saint-Exup\u00e9ry, escriptor, poeta i aviador franc\u00e8s.<\/p>\n<p style=\"text-align: justify;\">A continuaci\u00f3 disposeu d\u2019una breu descripci\u00f3 sobre el continguts dels diferents tallers:<\/p>\n<p><b>Taller &#8220;Preparaci\u00f3 de la Gala de Sant Jordi&#8221;:<\/b><\/p>\n<p style=\"text-align: justify;\">Els alumnes que han realitzat el taller de la preparaci\u00f3 de la gala de Sant Jordi han preparat una presentaci\u00f3 que es projectar\u00e0 durant la gala de dem\u00e0. Aquesta presentaci\u00f3 inclou les els guanyadors del certamen literari i els textos premiats. A m\u00e9s a m\u00e9s, s\u2019exposaran els guanyadors del concurs de fotografia matem\u00e0tica. Veurem tamb\u00e9 altres premis, v\u00eddeos i mencions a alumnes que participen activament a l\u2019institut i d\u2019activitats d\u2019educaci\u00f3 f\u00edsica.<\/p>\n<p><b>Taller \u201cCiutad\u00e0 del m\u00f3n\u201d:<\/b><\/p>\n<p style=\"text-align: justify;\">Per con\u00e8ixer la vida i la figura de l\u2019autor, en el taller Ciutad\u00e0 del m\u00f3n s\u2019ha treballat una mini biografia de l\u2019autor de El Petit Pr\u00edncep, Antoine de Saint-Exup\u00e9ry. Els alumnes han constru\u00eft un globus terraqui on han anat marcant les visites i experi\u00e8ncies d\u2019aquest autor. En uns n\u00favols han deixat const\u00e0ncia de les seves frases i pensaments m\u00e9s famosos.<\/p>\n<p><b>Taller &#8220;Vestuari i escenari&#8221;:<\/b><\/p>\n<p style=\"text-align: justify;\">Des de Visual i pl\u00e0stica els alumnes de 2n d\u2019ESO han preparat el vestuari dels int\u00e8rprets del musical i han confeccionat diversos decorats per a incorporar a l\u2019escenari durant l\u2019obra.<\/p>\n<p><b>Taller &#8220;Musical&#8221;:<\/b><\/p>\n<p style=\"text-align: justify;\">Un grup d\u2019alumnes porten molt de temps assajant i preparant el musical sobre El Petit Pr\u00edncep. L\u2019espectacle implica el treball de expressions art\u00edstiques com la representaci\u00f3 i interpretaci\u00f3, el cant, la posada en escena, l\u2019aprenentatge del gui\u00f3\u2026<\/p>\n<p><b>Taller &#8220;Coreografia&#8221;:<\/b><\/p>\n<p style=\"text-align: justify;\">A m\u00e9s a m\u00e9s, un altre taller ha dedicat les seves sessions a preparar les coreografies que acompanyaran el musical. En aquest taller s\u2019han elaborat coreografies, formades per vuit nois i noies de 2n d\u2019ESO.<\/p>\n<p style=\"text-align: justify;\"><b>Taller &#8220;Esmorzar&#8221;:<\/b><\/p>\n<p style=\"text-align: justify;\">No hi ha Sant Jordi sense esmorzar i \u00e9s per aquesta ra\u00f3 que un equip de treball s\u2019ha responsabilitzat del taller de preparaci\u00f3 de l\u2019esmorzar. A m\u00e9s a m\u00e9s, han organitzat una recollida popular d\u2019aliments destinats a les persones necessitades. Aquests aliments seran enviats al Banc d\u2019Aliments de Granollers.<\/p>\n<p><b>Taller &#8220;Videojocs&#8221;:<\/b><\/p>\n<p style=\"text-align: justify;\">El personatge principal del conte que ens ha servit com a fil conductor del nostre Sant Jordi, El Petit Pr\u00edncep, ha esdevingut protagonista de la realitat virtual dels videojocs. Els alumnes del taller han creat col\u00b7laborativament i mitjan\u00e7ant el coaprenentatge diversos jocs que en breu podrem gaudir.<\/p>\n<p><b>Taller &#8220;Conte Pluriling\u00fce&#8221;:<\/b><\/p>\n<p style=\"text-align: justify;\">Ni El petit pr\u00edncep t\u00e9 fronteres ling\u00fc\u00edstiques ni tampoc les t\u00e9 l\u2019Hip\u00e0tia. Els alumnes d\u2019aquest taller han treballar en la creaci\u00f3 d\u2019un conte en les quatre del centre inspirats en els relats d\u2019Antoine de Saint-Exup\u00e9ry.<\/p>\n<p><b>Taller &#8220;Making of&#8221;:<\/b><\/p>\n<p style=\"text-align: justify;\">Els alumnes del taller del \u201cMaking Of\u201d, durant aquests dies de projectes, hem realitzat la gravaci\u00f3 i edici\u00f3 de diversos v\u00eddeos sobre els tallers que s\u2019han fet i que ara volem compartir amb vosaltres:<\/p>\n<p style=\"text-align: center;\"><iframe loading=\"lazy\" src=\"\/\/www.youtube.com\/embed\/XHKSmM22mHA\" width=\"640\" height=\"360\" frameborder=\"0\" allowfullscreen=\"allowfullscreen\"><\/iframe><\/p>\n<p style=\"text-align: center;\">\n<p style=\"text-align: justify;\">Aquest article i el v\u00eddeo anterior han estat realitzats col\u00b7laborativament per:<\/p>\n<p style=\"text-align: justify;\">Marc D\u00edaz, Albert Hidalgo, Jordi Not, V\u00edctor Rodas, David Rodr\u00edguez, Mar\u00eda Bayarri, Bea Maldonado, Pol Mart\u00ednez, Alejandra Montoya, Aida S\u00e1nchez, Queralt Vaca, Oriol Arimon, Marc Vidal, \u00d2scar Gil, V\u00edctor Sabariego, Laura Dom\u00ednguez, V\u00edctor Oca\u00f1a, Sergi Niub\u00f3, Jhonatan T\u00f3rrez i Unax Jim\u00e9nez.<\/p>\n","protected":false},"excerpt":{"rendered":"<p>Com cada any, Sant Jordi \u00e9s celebrat a l\u2019INS Hip\u00e0tia d\u2019Alexandria com una de les seves festes m\u00e9s importants. La diada tindr\u00e0 lloc a l\u2019Alian\u00e7a dem\u00e0, dia 25 d\u2019abril, i en aquesta ocasi\u00f3 constar\u00e0 de dues parts. Durant la primera part de la jornada tindrem&hellip;  <a href=\"https:\/\/agora.xtec.cat\/insllicamunt2\/el-far-dhipatia\/grups\/tots-som-petits-princeps-making-of\/\" title=\"Read Tots som Petits Pr\u00ednceps! Making of\">Llegeix m\u00e9s\u00bb<\/a><\/p>\n","protected":false},"author":248,"featured_media":5740,"comment_status":"open","ping_status":"open","sticky":false,"template":"","format":"standard","meta":{"_bbp_topic_count":0,"_bbp_reply_count":0,"_bbp_total_topic_count":0,"_bbp_total_reply_count":0,"_bbp_voice_count":0,"_bbp_anonymous_reply_count":0,"_bbp_topic_count_hidden":0,"_bbp_reply_count_hidden":0,"_bbp_forum_subforum_count":0,"footnotes":""},"categories":[4,5,6,7,101,408,99,401,593,96,1040,3,400,98,29,97,399],"tags":[1548,1547,1551,1038,1037,1543,149,65,1544,389,100,490,1542,1550,159,1549],"class_list":["post-5737","post","type-post","status-publish","format-standard","has-post-thumbnail","hentry","category-1r-deso","category-2n-deso","category-3r-deso","category-4t-deso","category-activitats-de-centre","category-al-voltant-de-la-lectura","category-articles","category-la-biblioteca-dalexandria","category-comunitat-educativa","category-editorial-i-opinio","category-el-far-dhipatia","category-grups","category-mar-i-cel","category-noticies-breus","category-portada","category-premis-i-concursos","category-projectes","tag-conte","tag-coreografia","tag-escenari","tag-esmorzar","tag-gala","tag-making-of","tag-musica","tag-musical","tag-premi-literari","tag-projecte","tag-sant-jordi","tag-taller","tag-tallers","tag-vestuari","tag-video","tag-videojoc"],"post_mailing_queue_ids":[],"_links":{"self":[{"href":"https:\/\/agora.xtec.cat\/insllicamunt2\/wp-json\/wp\/v2\/posts\/5737","targetHints":{"allow":["GET"]}}],"collection":[{"href":"https:\/\/agora.xtec.cat\/insllicamunt2\/wp-json\/wp\/v2\/posts"}],"about":[{"href":"https:\/\/agora.xtec.cat\/insllicamunt2\/wp-json\/wp\/v2\/types\/post"}],"author":[{"embeddable":true,"href":"https:\/\/agora.xtec.cat\/insllicamunt2\/wp-json\/wp\/v2\/users\/248"}],"replies":[{"embeddable":true,"href":"https:\/\/agora.xtec.cat\/insllicamunt2\/wp-json\/wp\/v2\/comments?post=5737"}],"version-history":[{"count":4,"href":"https:\/\/agora.xtec.cat\/insllicamunt2\/wp-json\/wp\/v2\/posts\/5737\/revisions"}],"predecessor-version":[{"id":5753,"href":"https:\/\/agora.xtec.cat\/insllicamunt2\/wp-json\/wp\/v2\/posts\/5737\/revisions\/5753"}],"wp:featuredmedia":[{"embeddable":true,"href":"https:\/\/agora.xtec.cat\/insllicamunt2\/wp-json\/wp\/v2\/media\/5740"}],"wp:attachment":[{"href":"https:\/\/agora.xtec.cat\/insllicamunt2\/wp-json\/wp\/v2\/media?parent=5737"}],"wp:term":[{"taxonomy":"category","embeddable":true,"href":"https:\/\/agora.xtec.cat\/insllicamunt2\/wp-json\/wp\/v2\/categories?post=5737"},{"taxonomy":"post_tag","embeddable":true,"href":"https:\/\/agora.xtec.cat\/insllicamunt2\/wp-json\/wp\/v2\/tags?post=5737"}],"curies":[{"name":"wp","href":"https:\/\/api.w.org\/{rel}","templated":true}]}}