{"id":5710,"date":"2017-04-20T13:12:08","date_gmt":"2017-04-20T11:12:08","guid":{"rendered":"http:\/\/agora.xtec.cat\/insllicamunt2\/?p=5710"},"modified":"2017-04-22T09:02:29","modified_gmt":"2017-04-22T07:02:29","slug":"fantastica-experiencia-dintercanvi-a-berlin","status":"publish","type":"post","link":"https:\/\/agora.xtec.cat\/insllicamunt2\/el-far-dhipatia\/grups\/2n-deso\/fantastica-experiencia-dintercanvi-a-berlin\/","title":{"rendered":"Fant\u00e0stica experi\u00e8ncia d&#8217;intercanvi a Berl\u00edn!"},"content":{"rendered":"<p style=\"text-align: justify;\">Un grup d\u2019alumnes d\u2019alemany de 2n d\u2019ESO ha participat durant una setmana en la segona part d\u2019un programa d\u2019intercanvi entre l\u2019INS Hip\u00e0tia d\u2019Alexandria i una escola de Berl\u00edn, la Freie Montessori Schule Berlin. Durant vuit dies el nostre alumnat ha tingut l\u2019oportunitat de conviure amb fam\u00edlies alemanyes i compartir amb alumnes alemanys el dia a dia en una de les capitals m\u00e9s atractives d\u2019Europa.<\/p>\n<p style=\"text-align: center;\"><iframe loading=\"lazy\" id=\"vp1TmhQd\" title=\"Video Player\" src=\"https:\/\/s3.amazonaws.com\/embed.animoto.com\/play.html?w=swf\/production\/vp1&amp;e=1492686395&amp;f=TmhQd8qITLMEoquzutLL7A&amp;d=0&amp;m=p&amp;r=360p&amp;volume=100&amp;start_res=360p&amp;i=m&amp;asset_domain=s3-p.animoto.com&amp;animoto_domain=animoto.com&amp;options=\" width=\"432\" height=\"243\" frameborder=\"0\"><\/iframe><\/p>\n<p>&nbsp;<\/p>\n<p style=\"text-align: justify;\">Pel que fa al programa acad\u00e8mic, els alumnes han participat en diverses activitats que tenien com a objectiu impulsar un intercanvi ling\u00fc\u00edstic i intercultural que els permet\u00e9s desenvolupar les habilitats comunicatives en una de les seves lleng\u00fces i en dues lleng\u00fces estrangeres.<\/p>\n<p style=\"text-align: justify;\">Durant els dos primers dies, el nostre alumnat va formar part d\u2019unes activitats emmarcades en un programa en el qual participava alumnat de Noruega i Berl\u00edn. L\u2019intercanvi ling\u00fc\u00edstic es va centrar a treballar la comunicaci\u00f3 en llengua anglesa, alemanya i castellana a trav\u00e9s de la creaci\u00f3 d\u2019hist\u00f2ries i la representaci\u00f3 de teatre d\u2019ombres. Aquest intercanvi ling\u00fc\u00edstic va ser tamb\u00e9 el tema central de la tasca de dimarts, en la qual els alumnes van crear lemes en format de p\u00f2ster en diferents lleng\u00fces amb el company d\u2019intercanvi i que van poder penjar a l\u2019escola.<\/p>\n<p style=\"text-align: justify;\">Durant el vespre de dijous i el mat\u00ed de divendres els alumnes van realitzar un tour per un dels barris m\u00e9s caracter\u00edstics i icona de l\u2019esperit de Berl\u00edn: Kreuzberg. La ruta tenia com a objectiu treballar aspectes culturals i socials al voltant de l\u2019Street Art, manifestacions art\u00edstiques que han esdevingut s\u00edmbols de la ciutat.<\/p>\n<p style=\"text-align: justify;\"><span style=\"font-weight: 400;\">Durant la jornada de dilluns, els alumnes de l\u2019Hip\u00e0tia van visitar el centre de Berl\u00edn i van visitar els llocs emblem\u00e0tics de la ciutat. Durant la jornada de dimarts van tamb\u00e9, per\u00f2, poder gaudir d\u2019una passejada a trav\u00e9s del bosc fins arribar al llac M\u00fcggelsee i gaudir, aix\u00ed, de la natura que tamb\u00e9 podem trobar en una ciutat tan plena d\u2019energia com Berl\u00edn.<\/span><\/p>\n<p style=\"text-align: justify;\">Una experi\u00e8ncia que no oblidarem!!!<\/p>\n<p>&nbsp;<\/p>\n","protected":false},"excerpt":{"rendered":"<p>Un grup d\u2019alumnes d\u2019alemany de 2n d\u2019ESO ha participat durant una setmana en la segona part d\u2019un programa d\u2019intercanvi entre l\u2019INS Hip\u00e0tia d\u2019Alexandria i una escola de Berl\u00edn, la Freie Montessori Schule Berlin. Durant vuit dies el nostre alumnat ha tingut l\u2019oportunitat de conviure amb&hellip;  <a href=\"https:\/\/agora.xtec.cat\/insllicamunt2\/el-far-dhipatia\/grups\/2n-deso\/fantastica-experiencia-dintercanvi-a-berlin\/\" title=\"Read Fant\u00e0stica experi\u00e8ncia d&#8217;intercanvi a Berl\u00edn!\">Llegeix m\u00e9s\u00bb<\/a><\/p>\n","protected":false},"author":248,"featured_media":5714,"comment_status":"open","ping_status":"open","sticky":false,"template":"","format":"standard","meta":{"_bbp_topic_count":0,"_bbp_reply_count":0,"_bbp_total_topic_count":0,"_bbp_total_reply_count":0,"_bbp_voice_count":0,"_bbp_anonymous_reply_count":0,"_bbp_topic_count_hidden":0,"_bbp_reply_count_hidden":0,"_bbp_forum_subforum_count":0,"footnotes":""},"categories":[5,94,351,1040,98,29,95],"tags":[56,971,969,987],"class_list":["post-5710","post","type-post","status-publish","format-standard","has-post-thumbnail","hentry","category-2n-deso","category-activitats-fora-del-centre","category-alemany","category-el-far-dhipatia","category-noticies-breus","category-portada","category-viatges","tag-alemany","tag-berlin","tag-intercanvi","tag-llengues-estrangeres"],"post_mailing_queue_ids":[],"_links":{"self":[{"href":"https:\/\/agora.xtec.cat\/insllicamunt2\/wp-json\/wp\/v2\/posts\/5710","targetHints":{"allow":["GET"]}}],"collection":[{"href":"https:\/\/agora.xtec.cat\/insllicamunt2\/wp-json\/wp\/v2\/posts"}],"about":[{"href":"https:\/\/agora.xtec.cat\/insllicamunt2\/wp-json\/wp\/v2\/types\/post"}],"author":[{"embeddable":true,"href":"https:\/\/agora.xtec.cat\/insllicamunt2\/wp-json\/wp\/v2\/users\/248"}],"replies":[{"embeddable":true,"href":"https:\/\/agora.xtec.cat\/insllicamunt2\/wp-json\/wp\/v2\/comments?post=5710"}],"version-history":[{"count":3,"href":"https:\/\/agora.xtec.cat\/insllicamunt2\/wp-json\/wp\/v2\/posts\/5710\/revisions"}],"predecessor-version":[{"id":5735,"href":"https:\/\/agora.xtec.cat\/insllicamunt2\/wp-json\/wp\/v2\/posts\/5710\/revisions\/5735"}],"wp:featuredmedia":[{"embeddable":true,"href":"https:\/\/agora.xtec.cat\/insllicamunt2\/wp-json\/wp\/v2\/media\/5714"}],"wp:attachment":[{"href":"https:\/\/agora.xtec.cat\/insllicamunt2\/wp-json\/wp\/v2\/media?parent=5710"}],"wp:term":[{"taxonomy":"category","embeddable":true,"href":"https:\/\/agora.xtec.cat\/insllicamunt2\/wp-json\/wp\/v2\/categories?post=5710"},{"taxonomy":"post_tag","embeddable":true,"href":"https:\/\/agora.xtec.cat\/insllicamunt2\/wp-json\/wp\/v2\/tags?post=5710"}],"curies":[{"name":"wp","href":"https:\/\/api.w.org\/{rel}","templated":true}]}}