{"id":5560,"date":"2017-03-30T10:09:49","date_gmt":"2017-03-30T08:09:49","guid":{"rendered":"http:\/\/agora.xtec.cat\/insllicamunt2\/?p=5560"},"modified":"2017-03-30T12:53:38","modified_gmt":"2017-03-30T10:53:38","slug":"perseverant-vencem-les-pors","status":"publish","type":"post","link":"https:\/\/agora.xtec.cat\/insllicamunt2\/el-far-dhipatia\/grups\/perseverant-vencem-les-pors\/","title":{"rendered":"Perseverant vencem les pors"},"content":{"rendered":"<p style=\"text-align: justify;\">El Petit Pr\u00edncep viu en un planeta molt petit on cada dia germinen llavors de rosers i de baobabs. Quan les plantes s\u00f3n petites \u00e9s dif\u00edcil diferenciar-les, per\u00f2 \u00e9s necessari fer-ho, perqu\u00e8 els baobabs, una vegada han crescut, ja no \u00e9s possible arrencar-los, i creixen tant que poden destruir el planeta del personatge d&#8217;Antoine de Saint Exup\u00e9ry. La por als baobabs fa perseverant al Petit Pr\u00edncep en la seva lluita per combatre&#8217;ls, i aquest treball constant, que pot ser feixuc i mon\u00f2ton, acaba donant els seus fruits, evitant aix\u00ed el mal que l&#8217;amena\u00e7a.<\/p>\n<p style=\"text-align: center;\"><a href=\"http:\/\/agora.xtec.cat\/insllicamunt2\/wp-content\/uploads\/usu1100\/2017\/03\/Watermarked82017-03-30-1105.jpg\"><img loading=\"lazy\" decoding=\"async\" class=\"aligncenter size-full wp-image-5573\" src=\"http:\/\/agora.xtec.cat\/insllicamunt2\/wp-content\/uploads\/usu1100\/2017\/03\/Watermarked82017-03-30-1105.jpg\" alt=\"watermarked82017-03-30-1105\" width=\"600\" height=\"450\" srcset=\"https:\/\/agora.xtec.cat\/insllicamunt2\/wp-content\/uploads\/usu1100\/2017\/03\/Watermarked82017-03-30-1105.jpg 600w, https:\/\/agora.xtec.cat\/insllicamunt2\/wp-content\/uploads\/usu1100\/2017\/03\/Watermarked82017-03-30-1105-300x225.jpg 300w, https:\/\/agora.xtec.cat\/insllicamunt2\/wp-content\/uploads\/usu1100\/2017\/03\/Watermarked82017-03-30-1105-200x150.jpg 200w\" sizes=\"auto, (max-width: 600px) 100vw, 600px\" \/><\/a><\/p>\n<p style=\"text-align: justify;\">De la mateixa manera, tots tenim pors que mitjan\u00e7ant el nostre esfor\u00e7 constant i dedicaci\u00f3 podem evitar.<\/p>\n<p style=\"text-align: center;\"><a href=\"http:\/\/agora.xtec.cat\/insllicamunt2\/wp-content\/uploads\/usu1100\/2017\/03\/Watermarked102017-03-30-1105.jpg\"><img loading=\"lazy\" decoding=\"async\" class=\"aligncenter size-full wp-image-5575\" src=\"http:\/\/agora.xtec.cat\/insllicamunt2\/wp-content\/uploads\/usu1100\/2017\/03\/Watermarked102017-03-30-1105.jpg\" alt=\"watermarked102017-03-30-1105\" width=\"600\" height=\"450\" srcset=\"https:\/\/agora.xtec.cat\/insllicamunt2\/wp-content\/uploads\/usu1100\/2017\/03\/Watermarked102017-03-30-1105.jpg 600w, https:\/\/agora.xtec.cat\/insllicamunt2\/wp-content\/uploads\/usu1100\/2017\/03\/Watermarked102017-03-30-1105-300x225.jpg 300w, https:\/\/agora.xtec.cat\/insllicamunt2\/wp-content\/uploads\/usu1100\/2017\/03\/Watermarked102017-03-30-1105-200x150.jpg 200w\" sizes=\"auto, (max-width: 600px) 100vw, 600px\" \/><\/a><\/p>\n<p style=\"text-align: justify;\">En aquesta vida, tot ens ho hem de guanyar, per\u00f2 tamb\u00e9 sempre (o gaireb\u00e9\u00a0sempre) ens veiem recompensats per l&#8217;esfor\u00e7 realitzat.<\/p>\n<p style=\"text-align: center;\"><a href=\"http:\/\/agora.xtec.cat\/insllicamunt2\/wp-content\/uploads\/usu1100\/2017\/03\/Watermarked72017-03-30-1105.jpg\"><img loading=\"lazy\" decoding=\"async\" class=\"aligncenter size-full wp-image-5572\" src=\"http:\/\/agora.xtec.cat\/insllicamunt2\/wp-content\/uploads\/usu1100\/2017\/03\/Watermarked72017-03-30-1105.jpg\" alt=\"watermarked72017-03-30-1105\" width=\"600\" height=\"450\" srcset=\"https:\/\/agora.xtec.cat\/insllicamunt2\/wp-content\/uploads\/usu1100\/2017\/03\/Watermarked72017-03-30-1105.jpg 600w, https:\/\/agora.xtec.cat\/insllicamunt2\/wp-content\/uploads\/usu1100\/2017\/03\/Watermarked72017-03-30-1105-300x225.jpg 300w, https:\/\/agora.xtec.cat\/insllicamunt2\/wp-content\/uploads\/usu1100\/2017\/03\/Watermarked72017-03-30-1105-200x150.jpg 200w\" sizes=\"auto, (max-width: 600px) 100vw, 600px\" \/><\/a><\/p>\n<p style=\"text-align: justify;\">En el marc del projecte de centre Tutoria entre iguals (TEI), els alumnes de 1r i de 3r d&#8217;ESO han realitzat una activitat conjunta sobre la perseveran\u00e7a en la lluita contra les nostres pors.<\/p>\n<p style=\"text-align: center;\"><a href=\"http:\/\/agora.xtec.cat\/insllicamunt2\/wp-content\/uploads\/usu1100\/2017\/03\/Watermarked62017-03-30-1105.jpg\"><img loading=\"lazy\" decoding=\"async\" class=\"aligncenter size-full wp-image-5571\" src=\"http:\/\/agora.xtec.cat\/insllicamunt2\/wp-content\/uploads\/usu1100\/2017\/03\/Watermarked62017-03-30-1105.jpg\" alt=\"watermarked62017-03-30-1105\" width=\"600\" height=\"450\" srcset=\"https:\/\/agora.xtec.cat\/insllicamunt2\/wp-content\/uploads\/usu1100\/2017\/03\/Watermarked62017-03-30-1105.jpg 600w, https:\/\/agora.xtec.cat\/insllicamunt2\/wp-content\/uploads\/usu1100\/2017\/03\/Watermarked62017-03-30-1105-300x225.jpg 300w, https:\/\/agora.xtec.cat\/insllicamunt2\/wp-content\/uploads\/usu1100\/2017\/03\/Watermarked62017-03-30-1105-200x150.jpg 200w\" sizes=\"auto, (max-width: 600px) 100vw, 600px\" \/><\/a><\/p>\n<p style=\"text-align: justify;\">Les parelles TEI han compartit les seves pors i han escollit una d&#8217;elles per tal de realitzar l&#8217;activitat.<\/p>\n<p style=\"text-align: center;\"><a href=\"http:\/\/agora.xtec.cat\/insllicamunt2\/wp-content\/uploads\/usu1100\/2017\/03\/Watermarked32017-03-30-1105.jpg\"><img loading=\"lazy\" decoding=\"async\" class=\"aligncenter size-full wp-image-5568\" src=\"http:\/\/agora.xtec.cat\/insllicamunt2\/wp-content\/uploads\/usu1100\/2017\/03\/Watermarked32017-03-30-1105.jpg\" alt=\"watermarked32017-03-30-1105\" width=\"600\" height=\"450\" srcset=\"https:\/\/agora.xtec.cat\/insllicamunt2\/wp-content\/uploads\/usu1100\/2017\/03\/Watermarked32017-03-30-1105.jpg 600w, https:\/\/agora.xtec.cat\/insllicamunt2\/wp-content\/uploads\/usu1100\/2017\/03\/Watermarked32017-03-30-1105-300x225.jpg 300w, https:\/\/agora.xtec.cat\/insllicamunt2\/wp-content\/uploads\/usu1100\/2017\/03\/Watermarked32017-03-30-1105-200x150.jpg 200w\" sizes=\"auto, (max-width: 600px) 100vw, 600px\" \/><\/a><\/p>\n<p style=\"text-align: justify;\">L&#8217;activitat ha consistit en plasmar gr\u00e0ficament o simb\u00f2licament mitjan\u00e7ant un dibuix sobre una cartolina la por escollida o l&#8217;acci\u00f3 perseverant per a combatre-la.<\/p>\n<p style=\"text-align: center;\"><a href=\"http:\/\/agora.xtec.cat\/insllicamunt2\/wp-content\/uploads\/usu1100\/2017\/03\/Watermarked52017-03-30-1105.jpg\"><img loading=\"lazy\" decoding=\"async\" class=\"aligncenter size-full wp-image-5570\" src=\"http:\/\/agora.xtec.cat\/insllicamunt2\/wp-content\/uploads\/usu1100\/2017\/03\/Watermarked52017-03-30-1105.jpg\" alt=\"watermarked52017-03-30-1105\" width=\"600\" height=\"450\" srcset=\"https:\/\/agora.xtec.cat\/insllicamunt2\/wp-content\/uploads\/usu1100\/2017\/03\/Watermarked52017-03-30-1105.jpg 600w, https:\/\/agora.xtec.cat\/insllicamunt2\/wp-content\/uploads\/usu1100\/2017\/03\/Watermarked52017-03-30-1105-300x225.jpg 300w, https:\/\/agora.xtec.cat\/insllicamunt2\/wp-content\/uploads\/usu1100\/2017\/03\/Watermarked52017-03-30-1105-200x150.jpg 200w\" sizes=\"auto, (max-width: 600px) 100vw, 600px\" \/><\/a><\/p>\n<p style=\"text-align: justify;\">Els alumnes r\u00e0pidament han trobat la millor manera per a expressar mitjan\u00e7ant un dibuix all\u00f2 que volien explicar.<\/p>\n<p style=\"text-align: center;\"><a href=\"http:\/\/agora.xtec.cat\/insllicamunt2\/wp-content\/uploads\/usu1100\/2017\/03\/Watermarked12017-03-30-1105.jpg\"><img loading=\"lazy\" decoding=\"async\" class=\"aligncenter size-full wp-image-5566\" src=\"http:\/\/agora.xtec.cat\/insllicamunt2\/wp-content\/uploads\/usu1100\/2017\/03\/Watermarked12017-03-30-1105.jpg\" alt=\"watermarked12017-03-30-1105\" width=\"600\" height=\"450\" srcset=\"https:\/\/agora.xtec.cat\/insllicamunt2\/wp-content\/uploads\/usu1100\/2017\/03\/Watermarked12017-03-30-1105.jpg 600w, https:\/\/agora.xtec.cat\/insllicamunt2\/wp-content\/uploads\/usu1100\/2017\/03\/Watermarked12017-03-30-1105-300x225.jpg 300w, https:\/\/agora.xtec.cat\/insllicamunt2\/wp-content\/uploads\/usu1100\/2017\/03\/Watermarked12017-03-30-1105-200x150.jpg 200w\" sizes=\"auto, (max-width: 600px) 100vw, 600px\" \/><\/a><\/p>\n<p style=\"text-align: justify;\">Han repassat els dibuixos amb punta fina negra i l&#8217;han pintat amb llapis de colors.<\/p>\n<p style=\"text-align: justify;\"><a href=\"http:\/\/agora.xtec.cat\/insllicamunt2\/wp-content\/uploads\/usu1100\/2017\/03\/Watermarked22017-03-30-1105.jpg\"><img loading=\"lazy\" decoding=\"async\" class=\"aligncenter size-full wp-image-5567\" src=\"http:\/\/agora.xtec.cat\/insllicamunt2\/wp-content\/uploads\/usu1100\/2017\/03\/Watermarked22017-03-30-1105.jpg\" alt=\"watermarked22017-03-30-1105\" width=\"600\" height=\"450\" srcset=\"https:\/\/agora.xtec.cat\/insllicamunt2\/wp-content\/uploads\/usu1100\/2017\/03\/Watermarked22017-03-30-1105.jpg 600w, https:\/\/agora.xtec.cat\/insllicamunt2\/wp-content\/uploads\/usu1100\/2017\/03\/Watermarked22017-03-30-1105-300x225.jpg 300w, https:\/\/agora.xtec.cat\/insllicamunt2\/wp-content\/uploads\/usu1100\/2017\/03\/Watermarked22017-03-30-1105-200x150.jpg 200w\" sizes=\"auto, (max-width: 600px) 100vw, 600px\" \/><\/a><\/p>\n<p style=\"text-align: justify;\">Les pors escollides han estat realment molt diverses, per\u00f2 segur que tots ens en sentim identificats!<\/p>\n<p style=\"text-align: center;\"><a href=\"http:\/\/agora.xtec.cat\/insllicamunt2\/wp-content\/uploads\/usu1100\/2017\/03\/Watermarked92017-03-30-1105.jpg\"><img loading=\"lazy\" decoding=\"async\" class=\"aligncenter size-full wp-image-5574\" src=\"http:\/\/agora.xtec.cat\/insllicamunt2\/wp-content\/uploads\/usu1100\/2017\/03\/Watermarked92017-03-30-1105.jpg\" alt=\"watermarked92017-03-30-1105\" width=\"600\" height=\"450\" srcset=\"https:\/\/agora.xtec.cat\/insllicamunt2\/wp-content\/uploads\/usu1100\/2017\/03\/Watermarked92017-03-30-1105.jpg 600w, https:\/\/agora.xtec.cat\/insllicamunt2\/wp-content\/uploads\/usu1100\/2017\/03\/Watermarked92017-03-30-1105-300x225.jpg 300w, https:\/\/agora.xtec.cat\/insllicamunt2\/wp-content\/uploads\/usu1100\/2017\/03\/Watermarked92017-03-30-1105-200x150.jpg 200w\" sizes=\"auto, (max-width: 600px) 100vw, 600px\" \/><\/a><\/p>\n<p style=\"text-align: justify;\">Aviat disposarem de tots els dibuixos i els compartirem amb tothom. No us perdeu una propera publicaci\u00f3.<\/p>\n<p style=\"text-align: center;\"><a href=\"http:\/\/agora.xtec.cat\/insllicamunt2\/wp-content\/uploads\/usu1100\/2017\/03\/Watermarked42017-03-30-1105.jpg\"><img loading=\"lazy\" decoding=\"async\" class=\"aligncenter size-full wp-image-5569\" src=\"http:\/\/agora.xtec.cat\/insllicamunt2\/wp-content\/uploads\/usu1100\/2017\/03\/Watermarked42017-03-30-1105.jpg\" alt=\"watermarked42017-03-30-1105\" width=\"600\" height=\"450\" srcset=\"https:\/\/agora.xtec.cat\/insllicamunt2\/wp-content\/uploads\/usu1100\/2017\/03\/Watermarked42017-03-30-1105.jpg 600w, https:\/\/agora.xtec.cat\/insllicamunt2\/wp-content\/uploads\/usu1100\/2017\/03\/Watermarked42017-03-30-1105-300x225.jpg 300w, https:\/\/agora.xtec.cat\/insllicamunt2\/wp-content\/uploads\/usu1100\/2017\/03\/Watermarked42017-03-30-1105-200x150.jpg 200w\" sizes=\"auto, (max-width: 600px) 100vw, 600px\" \/><\/a><\/p>\n<p style=\"text-align: justify;\">I esperem que tots aconseguim combatre exitosament les nostres pors! Nom\u00e9s cal fer-hi front.<\/p>\n<p style=\"text-align: justify;\">\n","protected":false},"excerpt":{"rendered":"<p>El Petit Pr\u00edncep viu en un planeta molt petit on cada dia germinen llavors de rosers i de baobabs. Quan les plantes s\u00f3n petites \u00e9s dif\u00edcil diferenciar-les, per\u00f2 \u00e9s necessari fer-ho, perqu\u00e8 els baobabs, una vegada han crescut, ja no \u00e9s possible arrencar-los, i creixen&hellip;  <a href=\"https:\/\/agora.xtec.cat\/insllicamunt2\/el-far-dhipatia\/grups\/perseverant-vencem-les-pors\/\" title=\"Read Perseverant vencem les pors\">Llegeix m\u00e9s\u00bb<\/a><\/p>\n","protected":false},"author":225,"featured_media":5576,"comment_status":"open","ping_status":"open","sticky":false,"template":"","format":"standard","meta":{"_bbp_topic_count":0,"_bbp_reply_count":0,"_bbp_total_topic_count":0,"_bbp_total_reply_count":0,"_bbp_voice_count":0,"_bbp_anonymous_reply_count":0,"_bbp_topic_count_hidden":0,"_bbp_reply_count_hidden":0,"_bbp_forum_subforum_count":0,"footnotes":""},"categories":[4,6,101,408,99,401,1040,3,346,98,29,399,361,1173],"tags":[998,854,1507,1506,1497,1504,1505,59,1503,1175,1174],"class_list":["post-5560","post","type-post","status-publish","format-standard","has-post-thumbnail","hentry","category-1r-deso","category-3r-deso","category-activitats-de-centre","category-al-voltant-de-la-lectura","category-articles","category-la-biblioteca-dalexandria","category-el-far-dhipatia","category-grups","category-materies","category-noticies-breus","category-portada","category-projectes","category-tutoria","category-tutoria-entre-iguals","tag-1r-deso","tag-3r-deso","tag-antoide-de-saint-exupery","tag-constancia","tag-el-petit-princep","tag-futur","tag-perseveranca","tag-plec","tag-por","tag-tei","tag-tutoria-entre-iguals"],"post_mailing_queue_ids":[],"_links":{"self":[{"href":"https:\/\/agora.xtec.cat\/insllicamunt2\/wp-json\/wp\/v2\/posts\/5560","targetHints":{"allow":["GET"]}}],"collection":[{"href":"https:\/\/agora.xtec.cat\/insllicamunt2\/wp-json\/wp\/v2\/posts"}],"about":[{"href":"https:\/\/agora.xtec.cat\/insllicamunt2\/wp-json\/wp\/v2\/types\/post"}],"author":[{"embeddable":true,"href":"https:\/\/agora.xtec.cat\/insllicamunt2\/wp-json\/wp\/v2\/users\/225"}],"replies":[{"embeddable":true,"href":"https:\/\/agora.xtec.cat\/insllicamunt2\/wp-json\/wp\/v2\/comments?post=5560"}],"version-history":[{"count":4,"href":"https:\/\/agora.xtec.cat\/insllicamunt2\/wp-json\/wp\/v2\/posts\/5560\/revisions"}],"predecessor-version":[{"id":5581,"href":"https:\/\/agora.xtec.cat\/insllicamunt2\/wp-json\/wp\/v2\/posts\/5560\/revisions\/5581"}],"wp:featuredmedia":[{"embeddable":true,"href":"https:\/\/agora.xtec.cat\/insllicamunt2\/wp-json\/wp\/v2\/media\/5576"}],"wp:attachment":[{"href":"https:\/\/agora.xtec.cat\/insllicamunt2\/wp-json\/wp\/v2\/media?parent=5560"}],"wp:term":[{"taxonomy":"category","embeddable":true,"href":"https:\/\/agora.xtec.cat\/insllicamunt2\/wp-json\/wp\/v2\/categories?post=5560"},{"taxonomy":"post_tag","embeddable":true,"href":"https:\/\/agora.xtec.cat\/insllicamunt2\/wp-json\/wp\/v2\/tags?post=5560"}],"curies":[{"name":"wp","href":"https:\/\/api.w.org\/{rel}","templated":true}]}}