{"id":556,"date":"2015-03-20T22:06:03","date_gmt":"2015-03-20T21:06:03","guid":{"rendered":"http:\/\/agora.xtec.cat\/insllicamunt2\/?p=556"},"modified":"2019-03-07T19:04:56","modified_gmt":"2019-03-07T18:04:56","slug":"projecte-immersio-intercanvis","status":"publish","type":"post","link":"https:\/\/agora.xtec.cat\/insllicamunt2\/el-far-dhipatia\/grups\/projecte-immersio-intercanvis\/","title":{"rendered":"Al voltant de l&#8217;esport"},"content":{"rendered":"<p lang=\"ca-ES\" align=\"center\"><img loading=\"lazy\" decoding=\"async\" class=\"aligncenter size-full wp-image-9561\" src=\"http:\/\/agora.xtec.cat\/insllicamunt2\/wp-content\/uploads\/usu1100\/2015\/03\/s4.jpg\" alt=\"\" width=\"640\" height=\"360\" srcset=\"https:\/\/agora.xtec.cat\/insllicamunt2\/wp-content\/uploads\/usu1100\/2015\/03\/s4.jpg 640w, https:\/\/agora.xtec.cat\/insllicamunt2\/wp-content\/uploads\/usu1100\/2015\/03\/s4-300x169.jpg 300w\" sizes=\"auto, (max-width: 640px) 100vw, 640px\" \/><\/p>\n<p lang=\"ca-ES\" align=\"center\"><span style=\"font-size: x-large;\"><strong>&#8211; 1r ESO &#8211;<\/strong> <\/span><\/p>\n<p lang=\"ca-ES\" align=\"center\">\u201c<span style=\"font-size: large;\">COREOGRAFIES FESTA DE NADAL\u201d <\/span><\/p>\n<p lang=\"ca-ES\" align=\"justify\"><span style=\"font-size: medium;\">Actuen els 2 grups classe fent una representaci\u00f3 relacionada amb la seq\u00fc\u00e8ncia did\u00e0ctica de balls i jocs populars.<\/span><\/p>\n<p lang=\"ca-ES\" align=\"center\">\u201c<span style=\"font-size: large;\">BICICLETADA PEL TENES\u201d<\/span><\/p>\n<p lang=\"ca-ES\" align=\"justify\"><span style=\"font-size: medium;\">Projecte al voltant del Tenes que integra diferents \u00e0rees en els cursos de 1r, 2n i 3r ESO. La pedalada encap\u00e7ala la viv\u00e8ncia del projecte tot fent un recorregut pels camins paral\u00b7lels al riu Tenes on Policia Local i Protecci\u00f3 Civil ens acompanya en alguns trams del recorregut facilitant-ne la organitzaci\u00f3.<\/span><\/p>\n<p lang=\"ca-ES\" align=\"center\"><img loading=\"lazy\" decoding=\"async\" class=\"aligncenter size-full wp-image-9558\" src=\"http:\/\/agora.xtec.cat\/insllicamunt2\/wp-content\/uploads\/usu1100\/2015\/03\/s1.jpg\" alt=\"\" width=\"640\" height=\"360\" srcset=\"https:\/\/agora.xtec.cat\/insllicamunt2\/wp-content\/uploads\/usu1100\/2015\/03\/s1.jpg 640w, https:\/\/agora.xtec.cat\/insllicamunt2\/wp-content\/uploads\/usu1100\/2015\/03\/s1-300x169.jpg 300w\" sizes=\"auto, (max-width: 640px) 100vw, 640px\" \/><\/p>\n<p lang=\"ca-ES\" align=\"center\">\u201c<span style=\"font-size: large;\">PATINS i PATINETS al PATINODROM\u201d<\/span><\/p>\n<p lang=\"ca-ES\" align=\"justify\"><span style=\"font-size: medium;\">Club Pat\u00ed Lli\u00e7\u00e0 ens facilita poder vivenciar la pr\u00e0ctica del patinatge de velocitat al patin\u00f2drom de Ca l&#8217;Artigas durant 2 sessions a 1r i 2n ESO. Aix\u00ed mateix l&#8217;Ajuntament ens facilita que hi puguem arribar tot el grup classe en bus p\u00fablic.<\/span><\/p>\n<p lang=\"ca-ES\" align=\"center\">\u201c<span style=\"font-size: large;\">FESTA ESPORTIVA AMB TOTS ELS CURSOS\u201d<\/span><\/p>\n<p lang=\"ca-ES\" align=\"justify\"><span style=\"font-size: medium;\">Previ al Nadal o al fi de curs s&#8217;organitza amb tots els nivells de l&#8217;institut una gran festa esportiva a les instal\u00b7lacions esportives municipals sigui el pavell\u00f3 i\/o camp de gespa exterior on tothom hi t\u00e9 cabuda, professors i alumnes.<\/span><\/p>\n<p lang=\"ca-ES\" align=\"center\"><span style=\"font-size: x-large;\"><strong>&#8211; 2n ESO \u2013<\/strong> <\/span><\/p>\n<p lang=\"ca-ES\" align=\"center\">\u201c<span style=\"font-size: large;\">COREOGRAFIES FESTA DE NADAL\u201d <\/span><\/p>\n<p lang=\"ca-ES\" align=\"justify\"><span style=\"font-size: medium;\">Actuen els 2 grups classe fent una representaci\u00f3 relacionada amb la seq\u00fc\u00e8ncia did\u00e0ctica balls tipus <i>country<\/i> o balls coreografiats triats per el propi grup classe.<\/span><\/p>\n<p lang=\"ca-ES\" align=\"center\">\u201c<span style=\"font-size: large;\">OLIMPIADA ATLETICA\u201d<\/span><\/p>\n<p lang=\"ca-ES\" align=\"justify\"><span style=\"font-size: medium;\">El projecte esportiu de centre OLIMPIADA ATLETICA de 2n ESO, tindr\u00e0 la V edici\u00f3 aquest 2018. Es celebra a les pistes d&#8217;Atletisme de Parets del Vall\u00e8s. Els nostres alumnes es converteixen en atletes ol\u00edmpics de l&#8217;Institut Hip\u00e0tia tot corrent, saltant i llan\u00e7ant en 8 de les disciplines del programa atl\u00e8tic. L&#8217;alumnat es prepara dins l&#8217;assignatura d&#8217;EF durant 2 mesos de classes. Els professors en s\u00f3n jutges i tots som animadors. Hi ha medalles per als 3 primers i primeres atletes de cada prova. Tots els participants reben un obsequi pel seu esfor\u00e7 i col.laboraci\u00f3.<\/span><\/p>\n<p lang=\"ca-ES\" align=\"center\">\u201c<span style=\"font-size: large;\">PATINS i PATINETS al PATINODROM\u201d<\/span><\/p>\n<p lang=\"ca-ES\" align=\"justify\"><span style=\"font-size: medium;\">Club Pat\u00ed Lli\u00e7\u00e0 ens facilita poder vivenciar la pr\u00e0ctica del patinatge de velocitat al patin\u00f2drom de Ca l&#8217;Artigas durant 2 sessions a 1r i 2n ESO. Aix\u00ed mateix l&#8217;Ajuntament ens facilita que hi puguem arribar tot el grup classe en bus p\u00fablic.<\/span><\/p>\n<p lang=\"ca-ES\" align=\"center\">\u201c<span style=\"font-size: large;\">BICICLETADA ANEM PEL TENES\u201d<\/span><\/p>\n<p lang=\"ca-ES\" align=\"justify\"><span style=\"font-size: medium;\">Projecte ANEM PEL TENES que integra diferents \u00e0rees en els cursos de 1r, 2n i 3r ESO. La pedalada encap\u00e7ala la viv\u00e8ncia del projecte tot fent un recorregut pels camins paral\u00b7lels al riu Tenes on Policia Local i Protecci\u00f3 Civil ens acompanya en alguns trams del recorregut facilitant-ne la organitzaci\u00f3.<\/span><\/p>\n<p lang=\"ca-ES\" align=\"center\">\u201c<span style=\"font-size: large;\">FESTA ESPORTIVA AMB TOTS ELS CURSOS\u201d<\/span><\/p>\n<p lang=\"ca-ES\" align=\"justify\"><span style=\"font-size: medium;\">Previ al Nadal o al fi de curs s&#8217;organitza amb tots els nivells de l&#8217;institut una gran festa esportiva a les instal\u00b7lacions esportives municipals sigui el pavell\u00f3 i\/o camp de gespa exterior on tothom hi t\u00e9 cabuda, professors i alumnes.<\/span><\/p>\n<p lang=\"ca-ES\" align=\"center\"><img loading=\"lazy\" decoding=\"async\" class=\"aligncenter size-full wp-image-9562\" src=\"http:\/\/agora.xtec.cat\/insllicamunt2\/wp-content\/uploads\/usu1100\/2015\/03\/s5.jpg\" alt=\"\" width=\"640\" height=\"480\" srcset=\"https:\/\/agora.xtec.cat\/insllicamunt2\/wp-content\/uploads\/usu1100\/2015\/03\/s5.jpg 640w, https:\/\/agora.xtec.cat\/insllicamunt2\/wp-content\/uploads\/usu1100\/2015\/03\/s5-300x225.jpg 300w, https:\/\/agora.xtec.cat\/insllicamunt2\/wp-content\/uploads\/usu1100\/2015\/03\/s5-200x150.jpg 200w\" sizes=\"auto, (max-width: 640px) 100vw, 640px\" \/><\/p>\n<p lang=\"ca-ES\" align=\"center\">\u201c<span style=\"font-size: large;\">MATINAL D&#8217;ESPORT A LA PLATJA\u201d<\/span><\/p>\n<p lang=\"ca-ES\" align=\"justify\"><span style=\"font-size: medium;\">Juntament amb l&#8217;institut Maremar del Masnou organitzem aquesta trobada esportiva a la platja d&#8217;Ocata, al Maresme. Alumnes dels 2 centres repartits en 3 equips tenen la oportunitat de practicar esport conjuntament i fer amistat amb altres alumnes de la mateixa edat. Els esports de platja que practiquem son el voleibol, el <i>baseball<\/i>, futbol, pales platja i llan\u00e7ament de v\u00f2rtex.<\/span><\/p>\n<p lang=\"ca-ES\" align=\"justify\"><img loading=\"lazy\" decoding=\"async\" class=\"aligncenter size-full wp-image-9565\" src=\"http:\/\/agora.xtec.cat\/insllicamunt2\/wp-content\/uploads\/usu1100\/2015\/03\/s6.jpg\" alt=\"\" width=\"640\" height=\"360\" srcset=\"https:\/\/agora.xtec.cat\/insllicamunt2\/wp-content\/uploads\/usu1100\/2015\/03\/s6.jpg 640w, https:\/\/agora.xtec.cat\/insllicamunt2\/wp-content\/uploads\/usu1100\/2015\/03\/s6-300x169.jpg 300w\" sizes=\"auto, (max-width: 640px) 100vw, 640px\" \/><\/p>\n<p lang=\"ca-ES\" align=\"center\">\u201c<span style=\"font-size: large;\">ACTUACIONS DE BALL PER SANT JORDI\u201d <\/span><\/p>\n<p lang=\"ca-ES\" align=\"justify\"><span style=\"font-size: medium;\">Actuen els 2 grups classe fent una representaci\u00f3 relacionada amb els balls de Sal\u00f3 i l&#8217;Acrosport.<\/span><\/p>\n<p lang=\"ca-ES\" align=\"center\">\u201c<span style=\"font-size: large;\">BICICLETADA ANEM PEL TENES\u201d<\/span><\/p>\n<p lang=\"ca-ES\" align=\"justify\"><span style=\"font-size: medium;\">Projecte ANEM PEL TENES que integra diferents \u00e0rees en els cursos de 1r, 2n i 3r ESO. La pedalada encap\u00e7ala la viv\u00e8ncia del projecte tot fent un recorregut pels camins paral\u00b7lels al riu Tenes on Policia Local i Protecci\u00f3 Civil ens acompanya en alguns trams del recorregut facilitant-ne la organitzaci\u00f3.<\/span><\/p>\n<p lang=\"ca-ES\" align=\"center\">\u201c<span style=\"font-size: large;\">FESTA ESPORTIVA AMB TOTS ELS CURSOS\u201d<\/span><\/p>\n<p lang=\"ca-ES\" align=\"justify\"><span style=\"font-size: medium;\">Previ al Nadal o al fi de curs s&#8217;organitza amb tots els nivells de l&#8217;institut una gran festa esportiva a les instal\u00b7lacions esportives municipals sigui el pavell\u00f3 i\/o camp de gespa exterior on tothom hi t\u00e9 cabuda, professors i alumnes.<\/span><\/p>\n<p lang=\"ca-ES\" align=\"center\"><span style=\"font-size: x-large;\"><strong>&#8211; 4t ESO \u2013<\/strong><\/span><\/p>\n<p lang=\"ca-ES\" align=\"center\">\u201c<span style=\"font-size: large;\">LA DUATL\u00d3, BICICLETA i CURSA A PEU\u201d <\/span><\/p>\n<p><img loading=\"lazy\" decoding=\"async\" class=\"size-full wp-image-9560\" src=\"http:\/\/agora.xtec.cat\/insllicamunt2\/wp-content\/uploads\/usu1100\/2015\/03\/s3.jpg\" alt=\"\" width=\"521\" height=\"347\" srcset=\"https:\/\/agora.xtec.cat\/insllicamunt2\/wp-content\/uploads\/usu1100\/2015\/03\/s3.jpg 521w, https:\/\/agora.xtec.cat\/insllicamunt2\/wp-content\/uploads\/usu1100\/2015\/03\/s3-300x200.jpg 300w\" sizes=\"auto, (max-width: 521px) 100vw, 521px\" \/><\/p>\n<p lang=\"ca-ES\" align=\"justify\"><span style=\"font-size: medium;\">Ja son 4 les edicions de la DUATL\u00d3 4t ESO, projecte esportiu que consisteix en cursa a peu combinada amb bicicleta tot terreny pels camins del nostre municipi. Els nostres alumnes escollen poder participar de la modalitat individual o parelles. Es fa cursa a peu 1000m, tot seguit 6km en bicicleta per a continuar corrent 800m. El total del recorregut es pot fer sol o entre 2 persones.<\/span><\/p>\n<p lang=\"ca-ES\" align=\"justify\"><span style=\"font-size: medium;\">Policia Local ens ofereix suport, sense el qual no es podria organitzar la prova. Els professors i alguns alumnes en son organitzadors i jutges dels control. <\/span><\/p>\n<p lang=\"ca-ES\" align=\"justify\"><span style=\"font-size: medium;\">Tenen medalles els 3 campions i campiones de cada prova. Tots els participants reben un merescut obsequi pel seu esfor\u00e7 i superaci\u00f3 personal.<\/span><\/p>\n<p lang=\"ca-ES\" align=\"center\">\u201c<span style=\"font-size: large;\">PADEL A LES PISTES DE L&#8217;ALIAN\u00c7A\u201d <\/span><\/p>\n<p lang=\"ca-ES\" align=\"justify\"><span style=\"font-size: medium;\">Simult\u00e0niament als entrenaments de resist\u00e8ncia per a afrontar b\u00e9 la duatl\u00f3, el grup classe es parteix en dos per tal d&#8217;aprendre i millorar l&#8217;esport del P\u00e0del a les 2 pistes de p\u00e0del de l&#8217;alian\u00e7a que son a tocar de l&#8217;institut. De manera que es combinen aquestes dues activitats esportives; p\u00e0del i cursa a peu per el Pinar de la Riera.<\/span><\/p>\n<p lang=\"ca-ES\" align=\"center\">\u201c<span style=\"font-size: large;\">MUSICAL WEST SIDE STORY\u201d 2018<\/span><\/p>\n<p lang=\"ca-ES\" align=\"justify\"><span style=\"font-size: medium;\">Juntament amb les \u00e0rees de m\u00fasica i VP es preparen els musicals a l&#8217;Hip\u00e0tia. Altres anys s&#8217;han celebrat els seg\u00fcents musicals: 2014 <i>Grease<\/i>, 2015 i 2016 <i>Mar i Cel<\/i>, 2017 El petit pr\u00edncep i al 2018 es celebrar\u00e0 <i>West Side Story<\/i>. Projecte que es prepara amb antelaci\u00f3 des d&#8217;aquestes 3 \u00e0rees i que a 1 setmana vista del musical tot l&#8217;institut gira al voltant d&#8217;aquesta celebraci\u00f3, implicant-se ara s\u00ed, totes les \u00e0rees restants.<\/span><\/p>\n<p lang=\"ca-ES\" align=\"center\">\u201c<span style=\"font-size: large;\">FESTA ESPORTIVA AMB TOTS ELS CURSOS\u201d<\/span><\/p>\n<p lang=\"ca-ES\" align=\"justify\"><span style=\"font-size: medium;\">Previ al Nadal o al fi de curs s&#8217;organitza amb tots els nivells de l&#8217;institut una gran festa esportiva a les instal\u00b7lacions esportives municipals sigui el pavell\u00f3 i\/o camp de gespa exterior on tothom hi t\u00e9 cabuda, professors i alumnes.<\/span><\/p>\n<p lang=\"ca-ES\" align=\"center\">\u201c<span style=\"font-size: large;\">CAIAC I SNORKEL-VIATGE FI CURS MENORCA\u201d<\/span><\/p>\n<p lang=\"ca-ES\" align=\"center\"><img loading=\"lazy\" decoding=\"async\" class=\"aligncenter size-full wp-image-9559\" src=\"http:\/\/agora.xtec.cat\/insllicamunt2\/wp-content\/uploads\/usu1100\/2015\/03\/s2.jpg\" alt=\"\" width=\"640\" height=\"360\" srcset=\"https:\/\/agora.xtec.cat\/insllicamunt2\/wp-content\/uploads\/usu1100\/2015\/03\/s2.jpg 640w, https:\/\/agora.xtec.cat\/insllicamunt2\/wp-content\/uploads\/usu1100\/2015\/03\/s2-300x169.jpg 300w\" sizes=\"auto, (max-width: 640px) 100vw, 640px\" \/><\/p>\n<p lang=\"ca-ES\" align=\"justify\"><span style=\"font-size: medium;\">Per fi de curs, 4t ESO viatja a MENORCA, on una de les moltes activitats que es preparen \u00e9s el CAIAC i SNORKEL dins el parc Natural de S&#8217;Albufera i Es Grau, on l&#8217;alumnat t\u00e9 la oportunitat de combinar aquestes activitats esportives aqu\u00e0tiques juntament amb el senderisme per Cam\u00ed de Cavalls.<\/span><\/p>\n<p lang=\"ca-ES\" align=\"center\"><span style=\"font-size: x-large;\">&#8211; ACTIVITATS COL.LABORACIO AMPA\u2013<\/span><\/p>\n<p lang=\"ca-ES\" align=\"center\">\u201c<span style=\"font-size: large;\">EXTRAESCOLARS AMPA HIPATIA\u201d<\/span><\/p>\n<p lang=\"ca-ES\" align=\"justify\"><span style=\"font-size: medium;\">Tot l&#8217;alumnat del centre de 1r a 4t ESO, aix\u00ed com exalumnes, tenen la possibilitat si ho desitgen de participar d&#8217;aquestes activitats que s&#8217;imparteixen els dilluns i dimarts per la tarda.<\/span><\/p>\n<p lang=\"ca-ES\" align=\"justify\"><span style=\"font-size: medium;\">Conjuntament amb AMPA HIP\u00c0TIA D&#8217;ALEXANDRIA organitza activitats esportives com son PADEL (2 torns) i HIP HOP (2 torns), les activitats de balls son escenificades a les festes de Nadal i Sant Jordi on els alumnes poden lluir b\u00e9 les coreografies que preparen amb el seu professor.<\/span><\/p>\n<p lang=\"ca-ES\" align=\"center\">\u201c<span style=\"font-size: large;\">CARNESTOLTES\u201d<\/span><\/p>\n<p lang=\"ca-ES\" align=\"justify\"><span style=\"font-size: medium;\">Per b\u00e9 que \u00e9s una activitat on la iniciativa sorgeix del propi alumnat, les tutories i EF en t\u00e9 un pes important ja que hi ha una preparaci\u00f3 pr\u00e8via canalitzada per tutories i delegats de les classes. Durant el concurs i desfilada de disfresses AMPA hi sol ser present formant part del jurat.<\/span><\/p>\n<p lang=\"ca-ES\" align=\"center\">\u201c<span style=\"font-size: large;\">BML \u2013 BARCELONA MAGIC LINE\u201d<\/span><\/p>\n<p lang=\"ca-ES\" align=\"justify\"><span style=\"font-size: medium;\">Caminada solid\u00e0ria organitzada per l\u2019Hospital de Sant Joan de D\u00e9u i que AMPA i Hip\u00e0tia d&#8217;Alexandria hi col\u00b7laboren cada any per tal d&#8217;ajudar als nens malalts. Ja fa 4 anys que hi participem formant grups de 100 persones que caminem per Barcelona 10km seguint l&#8217;itinerari marcat per la organitzaci\u00f3.<\/span><\/p>\n<p lang=\"ca-ES\" align=\"justify\">\n","protected":false},"excerpt":{"rendered":"<p>&#8211; 1r ESO &#8211;<br \/>\n\u201cCOREOGRAFIES FESTA DE NADAL\u201d<br \/>\nActuen els 2 grups classe fent una representaci\u00f3 relacionada amb la seq\u00fc\u00e8ncia did\u00e0ctica de balls i jocs populars.<br \/>\n\u201cBICICLETADA PEL TENES\u201d<br \/>\nProjecte al voltant del Tenes que integra diferents \u00e0rees en els cursos de 1r, 2n i 3r ESO.&hellip;  <a href=\"https:\/\/agora.xtec.cat\/insllicamunt2\/el-far-dhipatia\/grups\/projecte-immersio-intercanvis\/\" title=\"Read Al voltant de l&#8217;esport\">Llegeix m\u00e9s\u00bb<\/a><\/p>\n","protected":false},"author":1,"featured_media":570,"comment_status":"open","ping_status":"closed","sticky":false,"template":"","format":"standard","meta":{"_bbp_topic_count":0,"_bbp_reply_count":0,"_bbp_total_topic_count":0,"_bbp_total_reply_count":0,"_bbp_voice_count":0,"_bbp_anonymous_reply_count":0,"_bbp_topic_count_hidden":0,"_bbp_reply_count_hidden":0,"_bbp_forum_subforum_count":0,"footnotes":""},"categories":[5,352,3,98,29],"tags":[191,190,189],"class_list":["post-556","post","type-post","status-publish","format-standard","has-post-thumbnail","hentry","category-2n-deso","category-educacio-fisica","category-grups","category-noticies-breus","category-portada","tag-atletisme","tag-esport","tag-olimpiada-atletica"],"post_mailing_queue_ids":[],"_links":{"self":[{"href":"https:\/\/agora.xtec.cat\/insllicamunt2\/wp-json\/wp\/v2\/posts\/556","targetHints":{"allow":["GET"]}}],"collection":[{"href":"https:\/\/agora.xtec.cat\/insllicamunt2\/wp-json\/wp\/v2\/posts"}],"about":[{"href":"https:\/\/agora.xtec.cat\/insllicamunt2\/wp-json\/wp\/v2\/types\/post"}],"author":[{"embeddable":true,"href":"https:\/\/agora.xtec.cat\/insllicamunt2\/wp-json\/wp\/v2\/users\/1"}],"replies":[{"embeddable":true,"href":"https:\/\/agora.xtec.cat\/insllicamunt2\/wp-json\/wp\/v2\/comments?post=556"}],"version-history":[{"count":4,"href":"https:\/\/agora.xtec.cat\/insllicamunt2\/wp-json\/wp\/v2\/posts\/556\/revisions"}],"predecessor-version":[{"id":10209,"href":"https:\/\/agora.xtec.cat\/insllicamunt2\/wp-json\/wp\/v2\/posts\/556\/revisions\/10209"}],"wp:featuredmedia":[{"embeddable":true,"href":"https:\/\/agora.xtec.cat\/insllicamunt2\/wp-json\/wp\/v2\/media\/570"}],"wp:attachment":[{"href":"https:\/\/agora.xtec.cat\/insllicamunt2\/wp-json\/wp\/v2\/media?parent=556"}],"wp:term":[{"taxonomy":"category","embeddable":true,"href":"https:\/\/agora.xtec.cat\/insllicamunt2\/wp-json\/wp\/v2\/categories?post=556"},{"taxonomy":"post_tag","embeddable":true,"href":"https:\/\/agora.xtec.cat\/insllicamunt2\/wp-json\/wp\/v2\/tags?post=556"}],"curies":[{"name":"wp","href":"https:\/\/api.w.org\/{rel}","templated":true}]}}