{"id":5533,"date":"2017-03-28T17:56:53","date_gmt":"2017-03-28T15:56:53","guid":{"rendered":"http:\/\/agora.xtec.cat\/insllicamunt2\/?p=5533"},"modified":"2017-03-28T21:26:50","modified_gmt":"2017-03-28T19:26:50","slug":"lhipatia-aterra-a-berlin","status":"publish","type":"post","link":"https:\/\/agora.xtec.cat\/insllicamunt2\/el-far-dhipatia\/grups\/lhipatia-aterra-a-berlin\/","title":{"rendered":"L&#8217;Hip\u00e0tia aterra a Berlin"},"content":{"rendered":"<p style=\"text-align: justify;\">Aquest mat\u00ed, els nostres companys de 2n d&#8217;ESO de la mat\u00e8ria d&#8217;alemany, acompanyats per les professores \u00c0ngels Qu\u00edlez i Rosana Terol han aterrat a\u00a0 Berlin, ja s&#8217;hi han trobat amb els nois i noies de l&#8217;escola Montessori amb els que l&#8217;Institut Hip\u00e0tia du a terme un intercanvi ling\u00fc\u00edstic i cultural.<\/p>\n<p style=\"text-align: center;\"><a href=\"http:\/\/agora.xtec.cat\/insllicamunt2\/wp-content\/uploads\/usu1100\/2017\/03\/IMG-20170328-WA0000.jpg\"><img loading=\"lazy\" decoding=\"async\" class=\"aligncenter size-full wp-image-5534\" src=\"http:\/\/agora.xtec.cat\/insllicamunt2\/wp-content\/uploads\/usu1100\/2017\/03\/IMG-20170328-WA0000.jpg\" alt=\"img-20170328-wa0000\" width=\"1600\" height=\"900\" srcset=\"https:\/\/agora.xtec.cat\/insllicamunt2\/wp-content\/uploads\/usu1100\/2017\/03\/IMG-20170328-WA0000.jpg 1600w, https:\/\/agora.xtec.cat\/insllicamunt2\/wp-content\/uploads\/usu1100\/2017\/03\/IMG-20170328-WA0000-300x169.jpg 300w, https:\/\/agora.xtec.cat\/insllicamunt2\/wp-content\/uploads\/usu1100\/2017\/03\/IMG-20170328-WA0000-768x432.jpg 768w, https:\/\/agora.xtec.cat\/insllicamunt2\/wp-content\/uploads\/usu1100\/2017\/03\/IMG-20170328-WA0000-1024x576.jpg 1024w\" sizes=\"auto, (max-width: 1600px) 100vw, 1600px\" \/><\/a><\/p>\n<p style=\"text-align: justify;\">Al mes de novembre els nois i noies berlinesos van venir a Lli\u00e7\u00e0 d&#8217;Amunt i van passar una setmana amb nosaltres i les fam\u00edlies dels nostres companys. L&#8217;experi\u00e8ncia va ser fant\u00e0stica.<\/p>\n<p style=\"text-align: justify;\">Ara ens toca anar a nosaltres com a convidats, ens han preparat nombroses activitats i experi\u00e8ncies que estem segurs enriquiran molt\u00edssim la vida dels que hi participen.<\/p>\n<p>Gaudiu molt del projecte!!!<\/p>\n","protected":false},"excerpt":{"rendered":"<p>Aquest mat\u00ed, els nostres companys de 2n d&#8217;ESO de la mat\u00e8ria d&#8217;alemany, acompanyats per les professores \u00c0ngels Qu\u00edlez i Rosana Terol han aterrat a\u00a0 Berlin, ja s&#8217;hi han trobat amb els nois i noies de l&#8217;escola Montessori amb els que l&#8217;Institut Hip\u00e0tia du a terme&hellip;  <a href=\"https:\/\/agora.xtec.cat\/insllicamunt2\/el-far-dhipatia\/grups\/lhipatia-aterra-a-berlin\/\" title=\"Read L&#8217;Hip\u00e0tia aterra a Berlin\">Llegeix m\u00e9s\u00bb<\/a><\/p>\n","protected":false},"author":222,"featured_media":5534,"comment_status":"open","ping_status":"open","sticky":false,"template":"","format":"standard","meta":{"_bbp_topic_count":0,"_bbp_reply_count":0,"_bbp_total_topic_count":0,"_bbp_total_reply_count":0,"_bbp_voice_count":0,"_bbp_anonymous_reply_count":0,"_bbp_topic_count_hidden":0,"_bbp_reply_count_hidden":0,"_bbp_forum_subforum_count":0,"footnotes":""},"categories":[5,101,94,351,99,593,1040,3,346,98,29,95],"tags":[56,971,969,1218],"class_list":["post-5533","post","type-post","status-publish","format-standard","has-post-thumbnail","hentry","category-2n-deso","category-activitats-de-centre","category-activitats-fora-del-centre","category-alemany","category-articles","category-comunitat-educativa","category-el-far-dhipatia","category-grups","category-materies","category-noticies-breus","category-portada","category-viatges","tag-alemany","tag-berlin","tag-intercanvi","tag-viatges"],"post_mailing_queue_ids":[],"_links":{"self":[{"href":"https:\/\/agora.xtec.cat\/insllicamunt2\/wp-json\/wp\/v2\/posts\/5533","targetHints":{"allow":["GET"]}}],"collection":[{"href":"https:\/\/agora.xtec.cat\/insllicamunt2\/wp-json\/wp\/v2\/posts"}],"about":[{"href":"https:\/\/agora.xtec.cat\/insllicamunt2\/wp-json\/wp\/v2\/types\/post"}],"author":[{"embeddable":true,"href":"https:\/\/agora.xtec.cat\/insllicamunt2\/wp-json\/wp\/v2\/users\/222"}],"replies":[{"embeddable":true,"href":"https:\/\/agora.xtec.cat\/insllicamunt2\/wp-json\/wp\/v2\/comments?post=5533"}],"version-history":[{"count":2,"href":"https:\/\/agora.xtec.cat\/insllicamunt2\/wp-json\/wp\/v2\/posts\/5533\/revisions"}],"predecessor-version":[{"id":5538,"href":"https:\/\/agora.xtec.cat\/insllicamunt2\/wp-json\/wp\/v2\/posts\/5533\/revisions\/5538"}],"wp:featuredmedia":[{"embeddable":true,"href":"https:\/\/agora.xtec.cat\/insllicamunt2\/wp-json\/wp\/v2\/media\/5534"}],"wp:attachment":[{"href":"https:\/\/agora.xtec.cat\/insllicamunt2\/wp-json\/wp\/v2\/media?parent=5533"}],"wp:term":[{"taxonomy":"category","embeddable":true,"href":"https:\/\/agora.xtec.cat\/insllicamunt2\/wp-json\/wp\/v2\/categories?post=5533"},{"taxonomy":"post_tag","embeddable":true,"href":"https:\/\/agora.xtec.cat\/insllicamunt2\/wp-json\/wp\/v2\/tags?post=5533"}],"curies":[{"name":"wp","href":"https:\/\/api.w.org\/{rel}","templated":true}]}}