{"id":5477,"date":"2017-03-27T13:52:47","date_gmt":"2017-03-27T11:52:47","guid":{"rendered":"http:\/\/agora.xtec.cat\/insllicamunt2\/?p=5477"},"modified":"2017-03-27T13:52:47","modified_gmt":"2017-03-27T11:52:47","slug":"paper-i-boli","status":"publish","type":"post","link":"https:\/\/agora.xtec.cat\/insllicamunt2\/el-far-dhipatia\/grups\/paper-i-boli\/","title":{"rendered":"Paper i boli!"},"content":{"rendered":"<p style=\"text-align: justify\">5 alumnes de 2n d&#8217;ESO del nostre centre han estat seleccionats per participar a la 57a edici\u00f3 del &#8220;Concurso Coca-Cola J\u00f3venes Talentos de Relato Corto&#8221;. Els alumnes escollits foren Al\u00edcia Gonz\u00e1lez, Anna Mendieta i Paula Rodr\u00edguez de 2A; i Dani Rodr\u00edguez i Eva Gorina de 2B.<\/p>\n<p style=\"text-align: center\"><a href=\"http:\/\/agora.xtec.cat\/insllicamunt2\/wp-content\/uploads\/usu1100\/2017\/03\/IMG_1910.jpg\"><img loading=\"lazy\" decoding=\"async\" class=\"alignnone size-large wp-image-5478\" src=\"http:\/\/agora.xtec.cat\/insllicamunt2\/wp-content\/uploads\/usu1100\/2017\/03\/IMG_1910.jpg\" alt=\"img_1910\" width=\"600\" height=\"450\" srcset=\"https:\/\/agora.xtec.cat\/insllicamunt2\/wp-content\/uploads\/usu1100\/2017\/03\/IMG_1910.jpg 600w, https:\/\/agora.xtec.cat\/insllicamunt2\/wp-content\/uploads\/usu1100\/2017\/03\/IMG_1910-300x225.jpg 300w, https:\/\/agora.xtec.cat\/insllicamunt2\/wp-content\/uploads\/usu1100\/2017\/03\/IMG_1910-200x150.jpg 200w\" sizes=\"auto, (max-width: 600px) 100vw, 600px\" \/><\/a><\/p>\n<p style=\"text-align: justify\">Dins la mat\u00e8ria de Llengua Castellana de 2n d&#8217;ESO, s&#8217;escolliren les millors redaccions i el passat 25 de mar\u00e7, els alumnes amb les seves fam\u00edlies, es presentaren a les 11 del mat\u00ed a la Facultat de Medicina de la UAB per escriure la redacci\u00f3 representant el nostre institut.<\/p>\n<p style=\"text-align: center\"><a href=\"http:\/\/agora.xtec.cat\/insllicamunt2\/wp-content\/uploads\/usu1100\/2017\/03\/IMG_1911.jpg\"><img loading=\"lazy\" decoding=\"async\" class=\"alignnone size-full wp-image-5479\" src=\"http:\/\/agora.xtec.cat\/insllicamunt2\/wp-content\/uploads\/usu1100\/2017\/03\/IMG_1911.jpg\" alt=\"img_1911\" width=\"600\" height=\"450\" srcset=\"https:\/\/agora.xtec.cat\/insllicamunt2\/wp-content\/uploads\/usu1100\/2017\/03\/IMG_1911.jpg 600w, https:\/\/agora.xtec.cat\/insllicamunt2\/wp-content\/uploads\/usu1100\/2017\/03\/IMG_1911-300x225.jpg 300w, https:\/\/agora.xtec.cat\/insllicamunt2\/wp-content\/uploads\/usu1100\/2017\/03\/IMG_1911-200x150.jpg 200w\" sizes=\"auto, (max-width: 600px) 100vw, 600px\" \/><\/a><\/p>\n<p style=\"text-align: justify\">La sorpresa fou que els 5 alumnes s&#8217;havien d&#8217;inspirar en el que hi havia dins una caixeta de cartr\u00f3, un trosset de gespa artificial i una frase que deia &#8220;Era su \u00faltima oportunidad para descubrirlo&#8221;. Aquest primer any de tauletes a les aules, no ens volem oblidar tampoc del tradicional &#8220;Paper i bol\u00edgraf&#8221;. Una bona experi\u00e8ncia pel nostre alumnat per inculcar-los autonomia, creativitat i en aquest cas millorar l&#8217;expressi\u00f3 escrita.<\/p>\n<p style=\"text-align: center\"><a href=\"http:\/\/agora.xtec.cat\/insllicamunt2\/wp-content\/uploads\/usu1100\/2017\/03\/IMG_1912.jpg\"><img loading=\"lazy\" decoding=\"async\" class=\"alignnone size-full wp-image-5480\" src=\"http:\/\/agora.xtec.cat\/insllicamunt2\/wp-content\/uploads\/usu1100\/2017\/03\/IMG_1912.jpg\" alt=\"img_1912\" width=\"600\" height=\"450\" srcset=\"https:\/\/agora.xtec.cat\/insllicamunt2\/wp-content\/uploads\/usu1100\/2017\/03\/IMG_1912.jpg 600w, https:\/\/agora.xtec.cat\/insllicamunt2\/wp-content\/uploads\/usu1100\/2017\/03\/IMG_1912-300x225.jpg 300w, https:\/\/agora.xtec.cat\/insllicamunt2\/wp-content\/uploads\/usu1100\/2017\/03\/IMG_1912-200x150.jpg 200w\" sizes=\"auto, (max-width: 600px) 100vw, 600px\" \/><\/a><\/p>\n","protected":false},"excerpt":{"rendered":"<p>5 alumnes de 2n d&#8217;ESO del nostre centre han estat seleccionats per participar a la 57a edici\u00f3 del &#8220;Concurso Coca-Cola J\u00f3venes Talentos de Relato Corto&#8221;. Els alumnes escollits foren Al\u00edcia Gonz\u00e1lez, Anna Mendieta i Paula Rodr\u00edguez de 2A; i Dani Rodr\u00edguez i Eva Gorina de&hellip;  <a href=\"https:\/\/agora.xtec.cat\/insllicamunt2\/el-far-dhipatia\/grups\/paper-i-boli\/\" title=\"Read Paper i boli!\">Llegeix m\u00e9s\u00bb<\/a><\/p>\n","protected":false},"author":257,"featured_media":5478,"comment_status":"open","ping_status":"open","sticky":false,"template":"","format":"standard","meta":{"_bbp_topic_count":0,"_bbp_reply_count":0,"_bbp_total_topic_count":0,"_bbp_total_reply_count":0,"_bbp_voice_count":0,"_bbp_anonymous_reply_count":0,"_bbp_topic_count_hidden":0,"_bbp_reply_count_hidden":0,"_bbp_forum_subforum_count":0,"footnotes":""},"categories":[5,94,408,99,401,348,1040,3,346,98,29],"tags":[511,516,970,413,957,59],"class_list":["post-5477","post","type-post","status-publish","format-standard","has-post-thumbnail","hentry","category-2n-deso","category-activitats-fora-del-centre","category-al-voltant-de-la-lectura","category-articles","category-la-biblioteca-dalexandria","category-castella","category-el-far-dhipatia","category-grups","category-materies","category-noticies-breus","category-portada","tag-concurs","tag-ilec","tag-linguistic","tag-llengua","tag-llengua-castellana","tag-plec"],"post_mailing_queue_ids":[],"_links":{"self":[{"href":"https:\/\/agora.xtec.cat\/insllicamunt2\/wp-json\/wp\/v2\/posts\/5477","targetHints":{"allow":["GET"]}}],"collection":[{"href":"https:\/\/agora.xtec.cat\/insllicamunt2\/wp-json\/wp\/v2\/posts"}],"about":[{"href":"https:\/\/agora.xtec.cat\/insllicamunt2\/wp-json\/wp\/v2\/types\/post"}],"author":[{"embeddable":true,"href":"https:\/\/agora.xtec.cat\/insllicamunt2\/wp-json\/wp\/v2\/users\/257"}],"replies":[{"embeddable":true,"href":"https:\/\/agora.xtec.cat\/insllicamunt2\/wp-json\/wp\/v2\/comments?post=5477"}],"version-history":[{"count":1,"href":"https:\/\/agora.xtec.cat\/insllicamunt2\/wp-json\/wp\/v2\/posts\/5477\/revisions"}],"predecessor-version":[{"id":5481,"href":"https:\/\/agora.xtec.cat\/insllicamunt2\/wp-json\/wp\/v2\/posts\/5477\/revisions\/5481"}],"wp:featuredmedia":[{"embeddable":true,"href":"https:\/\/agora.xtec.cat\/insllicamunt2\/wp-json\/wp\/v2\/media\/5478"}],"wp:attachment":[{"href":"https:\/\/agora.xtec.cat\/insllicamunt2\/wp-json\/wp\/v2\/media?parent=5477"}],"wp:term":[{"taxonomy":"category","embeddable":true,"href":"https:\/\/agora.xtec.cat\/insllicamunt2\/wp-json\/wp\/v2\/categories?post=5477"},{"taxonomy":"post_tag","embeddable":true,"href":"https:\/\/agora.xtec.cat\/insllicamunt2\/wp-json\/wp\/v2\/tags?post=5477"}],"curies":[{"name":"wp","href":"https:\/\/api.w.org\/{rel}","templated":true}]}}