{"id":5429,"date":"2017-04-18T09:16:34","date_gmt":"2017-04-18T07:16:34","guid":{"rendered":"http:\/\/agora.xtec.cat\/insllicamunt2\/?p=5429"},"modified":"2017-04-18T10:41:45","modified_gmt":"2017-04-18T08:41:45","slug":"el-petit-princep-10-vull-ser-el-teu-amic","status":"publish","type":"post","link":"https:\/\/agora.xtec.cat\/insllicamunt2\/el-far-dhipatia\/grups\/el-petit-princep-10-vull-ser-el-teu-amic\/","title":{"rendered":"El Petit Pr\u00edncep (10) &#8220;Vull ser el teu amic&#8221;"},"content":{"rendered":"<p>El Petit Pr\u00edncep (Antoine de Saint Exup\u00e9ry): cap\u00edtols XVII &#8211; XIX.<\/p>\n<p style=\"text-align: center;\"><span style=\"color: #ff0000;\"><a href=\"http:\/\/agora.xtec.cat\/insllicamunt2\/wp-content\/uploads\/usu1100\/2017\/04\/Watermarked2017-04-18-1040.jpg\"><img loading=\"lazy\" decoding=\"async\" class=\"aligncenter size-full wp-image-5692\" src=\"http:\/\/agora.xtec.cat\/insllicamunt2\/wp-content\/uploads\/usu1100\/2017\/04\/Watermarked2017-04-18-1040.jpg\" alt=\"Watermarked(2017-04-18-1040)\" width=\"600\" height=\"450\" srcset=\"https:\/\/agora.xtec.cat\/insllicamunt2\/wp-content\/uploads\/usu1100\/2017\/04\/Watermarked2017-04-18-1040.jpg 600w, https:\/\/agora.xtec.cat\/insllicamunt2\/wp-content\/uploads\/usu1100\/2017\/04\/Watermarked2017-04-18-1040-300x225.jpg 300w, https:\/\/agora.xtec.cat\/insllicamunt2\/wp-content\/uploads\/usu1100\/2017\/04\/Watermarked2017-04-18-1040-200x150.jpg 200w\" sizes=\"auto, (max-width: 600px) 100vw, 600px\" \/><\/a><\/span><\/p>\n<p style=\"text-align: justify;\"><span style=\"font-weight: 400;\">El petit pr\u00edncep \u00e9s a la Terra on nom\u00e9s troba una serp perqu\u00e8 es troba a l\u2019\u00c0frica i s\u2019avorreix. <\/span><\/p>\n<p><span style=\"font-weight: 400;\">\u201c- Ets una b\u00e8stia ben curiosa\u2026 prima com un dit\u2026<\/span><\/p>\n<p><span style=\"font-weight: 400;\">&#8211; Per\u00f2 s\u00f3c m\u00e9s poderosa que el dit d\u2019un rei &#8211; va dir la serp.<\/span><\/p>\n<p><span style=\"font-weight: 400;\">[&#8230;]<\/span><\/p>\n<p><span style=\"font-weight: 400;\">&#8211; No ets gaire poderosa\u2026 no tens ni potes\u2026 no pots ni viatjar.<\/span><\/p>\n<p><span style=\"font-weight: 400;\">&#8211; Puc portar-te m\u00e9s lluny que un vaixell &#8211; va dir la serp.\u201d<\/span><\/p>\n<p style=\"text-align: justify;\"><span style=\"font-weight: 400;\">La serp se li entortolliga al voltant del turmell i despr\u00e9s li diu que no li far\u00e0 res perqu\u00e8 ve d\u2019una estrella\u2026<\/span><\/p>\n<p><b>Reflexi\u00f3: <\/b><\/p>\n<p style=\"text-align: justify;\"><span style=\"font-weight: 400;\">De la banda m\u00e9s literal, per qu\u00e8 creus realment que la serp no li far\u00e0 res? <\/span><\/p>\n<p style=\"text-align: justify;\"><span style=\"font-weight: 400;\">I per un altre costat, qu\u00e8 en penses de l\u2019avorriment? T\u2019agrada avorrir-te de tant en tant? Creus en l\u2019amistat? Hi ha amistats de veritat? I la soledat? T\u2019agrada estar sol? Explica alguna cosa d\u2019aquesta mena de sentiments.<\/span><\/p>\n","protected":false},"excerpt":{"rendered":"<p>El Petit Pr\u00edncep (Antoine de Saint Exup\u00e9ry): cap\u00edtols XVII &#8211; XIX.<br \/>\n<a href=\"http:\/\/agora.xtec.cat\/insllicamunt2\/wp-content\/uploads\/usu1100\/2017\/04\/Watermarked2017-04-18-1040.jpg\"><\/a><br \/>\nEl petit pr\u00edncep \u00e9s a la Terra on nom\u00e9s troba una serp perqu\u00e8 es troba a l\u2019\u00c0frica i s\u2019avorreix.<br \/>\n\u201c- Ets una b\u00e8stia ben curiosa\u2026 prima com un dit\u2026<br \/>\n&#8211; Per\u00f2 s\u00f3c m\u00e9s poderosa que&hellip;  <a href=\"https:\/\/agora.xtec.cat\/insllicamunt2\/el-far-dhipatia\/grups\/el-petit-princep-10-vull-ser-el-teu-amic\/\" title=\"Read El Petit Pr\u00edncep (10) &#8220;Vull ser el teu amic&#8221;\">Llegeix m\u00e9s\u00bb<\/a><\/p>\n","protected":false},"author":242,"featured_media":5692,"comment_status":"open","ping_status":"open","sticky":false,"template":"","format":"standard","meta":{"_bbp_topic_count":0,"_bbp_reply_count":0,"_bbp_total_topic_count":0,"_bbp_total_reply_count":0,"_bbp_voice_count":0,"_bbp_anonymous_reply_count":0,"_bbp_topic_count_hidden":0,"_bbp_reply_count_hidden":0,"_bbp_forum_subforum_count":0,"footnotes":""},"categories":[4,5,6,7,101,408,99,401,593,1040,3,98,29],"tags":[913,1498,1497,516,61,59,523],"class_list":["post-5429","post","type-post","status-publish","format-standard","has-post-thumbnail","hentry","category-1r-deso","category-2n-deso","category-3r-deso","category-4t-deso","category-activitats-de-centre","category-al-voltant-de-la-lectura","category-articles","category-la-biblioteca-dalexandria","category-comunitat-educativa","category-el-far-dhipatia","category-grups","category-noticies-breus","category-portada","tag-al-voltant-de-la-lectura","tag-antoine-de-saint-exupery","tag-el-petit-princep","tag-ilec","tag-lectura","tag-plec","tag-projectes"],"post_mailing_queue_ids":[],"_links":{"self":[{"href":"https:\/\/agora.xtec.cat\/insllicamunt2\/wp-json\/wp\/v2\/posts\/5429","targetHints":{"allow":["GET"]}}],"collection":[{"href":"https:\/\/agora.xtec.cat\/insllicamunt2\/wp-json\/wp\/v2\/posts"}],"about":[{"href":"https:\/\/agora.xtec.cat\/insllicamunt2\/wp-json\/wp\/v2\/types\/post"}],"author":[{"embeddable":true,"href":"https:\/\/agora.xtec.cat\/insllicamunt2\/wp-json\/wp\/v2\/users\/242"}],"replies":[{"embeddable":true,"href":"https:\/\/agora.xtec.cat\/insllicamunt2\/wp-json\/wp\/v2\/comments?post=5429"}],"version-history":[{"count":3,"href":"https:\/\/agora.xtec.cat\/insllicamunt2\/wp-json\/wp\/v2\/posts\/5429\/revisions"}],"predecessor-version":[{"id":5693,"href":"https:\/\/agora.xtec.cat\/insllicamunt2\/wp-json\/wp\/v2\/posts\/5429\/revisions\/5693"}],"wp:featuredmedia":[{"embeddable":true,"href":"https:\/\/agora.xtec.cat\/insllicamunt2\/wp-json\/wp\/v2\/media\/5692"}],"wp:attachment":[{"href":"https:\/\/agora.xtec.cat\/insllicamunt2\/wp-json\/wp\/v2\/media?parent=5429"}],"wp:term":[{"taxonomy":"category","embeddable":true,"href":"https:\/\/agora.xtec.cat\/insllicamunt2\/wp-json\/wp\/v2\/categories?post=5429"},{"taxonomy":"post_tag","embeddable":true,"href":"https:\/\/agora.xtec.cat\/insllicamunt2\/wp-json\/wp\/v2\/tags?post=5429"}],"curies":[{"name":"wp","href":"https:\/\/api.w.org\/{rel}","templated":true}]}}