{"id":5422,"date":"2017-03-30T12:11:06","date_gmt":"2017-03-30T10:11:06","guid":{"rendered":"http:\/\/agora.xtec.cat\/insllicamunt2\/?p=5422"},"modified":"2017-03-30T13:00:16","modified_gmt":"2017-03-30T11:00:16","slug":"el-petit-princep-6-el-bevedor","status":"publish","type":"post","link":"https:\/\/agora.xtec.cat\/insllicamunt2\/el-far-dhipatia\/grups\/el-petit-princep-6-el-bevedor\/","title":{"rendered":"El Petit Pr\u00edncep (6) &#8220;El bevedor&#8221;"},"content":{"rendered":"<p>El Petit Pr\u00edncep (Antoine de Saint Exup\u00e9ry): cap\u00edtol XII.<\/p>\n<p style=\"text-align: center;\"><a href=\"http:\/\/agora.xtec.cat\/insllicamunt2\/wp-content\/uploads\/usu1100\/2017\/03\/Watermarked2017-03-30-0839.jpg\"><img loading=\"lazy\" decoding=\"async\" class=\"aligncenter size-full wp-image-5552\" src=\"http:\/\/agora.xtec.cat\/insllicamunt2\/wp-content\/uploads\/usu1100\/2017\/03\/Watermarked2017-03-30-0839.jpg\" alt=\"watermarked2017-03-30-0839\" width=\"600\" height=\"450\" srcset=\"https:\/\/agora.xtec.cat\/insllicamunt2\/wp-content\/uploads\/usu1100\/2017\/03\/Watermarked2017-03-30-0839.jpg 600w, https:\/\/agora.xtec.cat\/insllicamunt2\/wp-content\/uploads\/usu1100\/2017\/03\/Watermarked2017-03-30-0839-300x225.jpg 300w, https:\/\/agora.xtec.cat\/insllicamunt2\/wp-content\/uploads\/usu1100\/2017\/03\/Watermarked2017-03-30-0839-200x150.jpg 200w\" sizes=\"auto, (max-width: 600px) 100vw, 600px\" \/><\/a><\/p>\n<p style=\"text-align: justify;\">&#8220;- Bec per oblidar que tinc vergonya.<\/p>\n<p style=\"text-align: justify;\">&#8211; Vergonya de qu\u00e8?<\/p>\n<p style=\"text-align: justify;\">&#8211; No me&#8217;n recordo.&#8221;<\/p>\n<p><b>Reflexi\u00f3:<\/b><\/p>\n<p style=\"text-align: justify;\">No us sembla que \u00e9s una mica incoherent? Les rutines fan que les persones ens\u00a0fiquem en vicis sense adonar-nos. \u00a0Per exemple, per qu\u00e8 no fem els deures si aix\u00f2 ens perjudica? per qu\u00e8 mengem xuxes si ens fan venir c\u00e0ries? Tens alguna resposta per aix\u00f2?<\/p>\n","protected":false},"excerpt":{"rendered":"<p>El Petit Pr\u00edncep (Antoine de Saint Exup\u00e9ry): cap\u00edtol XII.<br \/>\n<a href=\"http:\/\/agora.xtec.cat\/insllicamunt2\/wp-content\/uploads\/usu1100\/2017\/03\/Watermarked2017-03-30-0839.jpg\"><\/a><br \/>\n&#8220;- Bec per oblidar que tinc vergonya.<br \/>\n&#8211; Vergonya de qu\u00e8?<br \/>\n&#8211; No me&#8217;n recordo.&#8221;<br \/>\nReflexi\u00f3:<br \/>\nNo us sembla que \u00e9s una mica incoherent? Les rutines fan que les persones ens\u00a0fiquem en vicis sense adonar-nos. \u00a0Per exemple, per qu\u00e8 no&hellip;  <a href=\"https:\/\/agora.xtec.cat\/insllicamunt2\/el-far-dhipatia\/grups\/el-petit-princep-6-el-bevedor\/\" title=\"Read El Petit Pr\u00edncep (6) &#8220;El bevedor&#8221;\">Llegeix m\u00e9s\u00bb<\/a><\/p>\n","protected":false},"author":248,"featured_media":5552,"comment_status":"open","ping_status":"open","sticky":false,"template":"","format":"standard","meta":{"_bbp_topic_count":0,"_bbp_reply_count":0,"_bbp_total_topic_count":0,"_bbp_total_reply_count":0,"_bbp_voice_count":0,"_bbp_anonymous_reply_count":0,"_bbp_topic_count_hidden":0,"_bbp_reply_count_hidden":0,"_bbp_forum_subforum_count":0,"footnotes":""},"categories":[4,5,6,7,101,408,99,401,593,1040,3,98,29],"tags":[913,1498,1497,516,61,59,523],"class_list":["post-5422","post","type-post","status-publish","format-standard","has-post-thumbnail","hentry","category-1r-deso","category-2n-deso","category-3r-deso","category-4t-deso","category-activitats-de-centre","category-al-voltant-de-la-lectura","category-articles","category-la-biblioteca-dalexandria","category-comunitat-educativa","category-el-far-dhipatia","category-grups","category-noticies-breus","category-portada","tag-al-voltant-de-la-lectura","tag-antoine-de-saint-exupery","tag-el-petit-princep","tag-ilec","tag-lectura","tag-plec","tag-projectes"],"post_mailing_queue_ids":[],"_links":{"self":[{"href":"https:\/\/agora.xtec.cat\/insllicamunt2\/wp-json\/wp\/v2\/posts\/5422","targetHints":{"allow":["GET"]}}],"collection":[{"href":"https:\/\/agora.xtec.cat\/insllicamunt2\/wp-json\/wp\/v2\/posts"}],"about":[{"href":"https:\/\/agora.xtec.cat\/insllicamunt2\/wp-json\/wp\/v2\/types\/post"}],"author":[{"embeddable":true,"href":"https:\/\/agora.xtec.cat\/insllicamunt2\/wp-json\/wp\/v2\/users\/248"}],"replies":[{"embeddable":true,"href":"https:\/\/agora.xtec.cat\/insllicamunt2\/wp-json\/wp\/v2\/comments?post=5422"}],"version-history":[{"count":4,"href":"https:\/\/agora.xtec.cat\/insllicamunt2\/wp-json\/wp\/v2\/posts\/5422\/revisions"}],"predecessor-version":[{"id":5553,"href":"https:\/\/agora.xtec.cat\/insllicamunt2\/wp-json\/wp\/v2\/posts\/5422\/revisions\/5553"}],"wp:featuredmedia":[{"embeddable":true,"href":"https:\/\/agora.xtec.cat\/insllicamunt2\/wp-json\/wp\/v2\/media\/5552"}],"wp:attachment":[{"href":"https:\/\/agora.xtec.cat\/insllicamunt2\/wp-json\/wp\/v2\/media?parent=5422"}],"wp:term":[{"taxonomy":"category","embeddable":true,"href":"https:\/\/agora.xtec.cat\/insllicamunt2\/wp-json\/wp\/v2\/categories?post=5422"},{"taxonomy":"post_tag","embeddable":true,"href":"https:\/\/agora.xtec.cat\/insllicamunt2\/wp-json\/wp\/v2\/tags?post=5422"}],"curies":[{"name":"wp","href":"https:\/\/api.w.org\/{rel}","templated":true}]}}