{"id":5417,"date":"2017-03-30T22:50:46","date_gmt":"2017-03-30T20:50:46","guid":{"rendered":"http:\/\/agora.xtec.cat\/insllicamunt2\/?p=5417"},"modified":"2017-03-30T23:17:17","modified_gmt":"2017-03-30T21:17:17","slug":"el-petit-princep-8-el-fanaler","status":"publish","type":"post","link":"https:\/\/agora.xtec.cat\/insllicamunt2\/el-far-dhipatia\/grups\/el-petit-princep-8-el-fanaler\/","title":{"rendered":"El Petit Pr\u00edncep (8) &#8220;el Fanaler&#8221;"},"content":{"rendered":"<p>El Petit Pr\u00edncep (Antoine de Saint Exup\u00e9ry): cap\u00edtol XIV.<\/p>\n<p style=\"text-align: center;\"><a href=\"http:\/\/agora.xtec.cat\/insllicamunt2\/wp-content\/uploads\/usu1100\/2017\/03\/Watermarked2017-03-30-0849.jpg\"><img loading=\"lazy\" decoding=\"async\" class=\"aligncenter size-full wp-image-5557\" src=\"http:\/\/agora.xtec.cat\/insllicamunt2\/wp-content\/uploads\/usu1100\/2017\/03\/Watermarked2017-03-30-0849.jpg\" alt=\"watermarked2017-03-30-0849\" width=\"600\" height=\"450\" srcset=\"https:\/\/agora.xtec.cat\/insllicamunt2\/wp-content\/uploads\/usu1100\/2017\/03\/Watermarked2017-03-30-0849.jpg 600w, https:\/\/agora.xtec.cat\/insllicamunt2\/wp-content\/uploads\/usu1100\/2017\/03\/Watermarked2017-03-30-0849-300x225.jpg 300w, https:\/\/agora.xtec.cat\/insllicamunt2\/wp-content\/uploads\/usu1100\/2017\/03\/Watermarked2017-03-30-0849-200x150.jpg 200w\" sizes=\"auto, (max-width: 600px) 100vw, 600px\" \/><\/a><\/p>\n<p style=\"text-align: justify;\">El petit Pr\u00edncep ha arribat a un nou planeta. All\u00e0 troba un fanaler, un senyor que \u00e9s molt responsable i que fa del seu ofici la seva vida, per\u00f2 est\u00e0 esgotat, perqu\u00e8 resulta que el moviment del seu planeta s&#8217;ha accelerat i ara els dies nom\u00e9s duren un minut, aix\u00ed que es passa la vida encenent i apagant el fanal. El Petit Pr\u00edncep no troba sentit a aquesta feina, per\u00f2 la responsabilitat del fanaler fa que no tingui descans.<\/p>\n<p><b>Reflexi\u00f3:<\/b><\/p>\n<p style=\"text-align: justify;\">La r\u00fatina \u00e9s bona? Quan fer les coses deixa de tenir sentit? Donar voltes a les coses sense buscar una sortida \u00e9s bo? Qu\u00e8 faries tu si fossis el fanaler?<\/p>\n","protected":false},"excerpt":{"rendered":"<p>El Petit Pr\u00edncep (Antoine de Saint Exup\u00e9ry): cap\u00edtol XIV.<br \/>\n<a href=\"http:\/\/agora.xtec.cat\/insllicamunt2\/wp-content\/uploads\/usu1100\/2017\/03\/Watermarked2017-03-30-0849.jpg\"><\/a><br \/>\nEl petit Pr\u00edncep ha arribat a un nou planeta. All\u00e0 troba un fanaler, un senyor que \u00e9s molt responsable i que fa del seu ofici la seva vida, per\u00f2 est\u00e0 esgotat, perqu\u00e8 resulta que el moviment&hellip;  <a href=\"https:\/\/agora.xtec.cat\/insllicamunt2\/el-far-dhipatia\/grups\/el-petit-princep-8-el-fanaler\/\" title=\"Read El Petit Pr\u00edncep (8) &#8220;el Fanaler&#8221;\">Llegeix m\u00e9s\u00bb<\/a><\/p>\n","protected":false},"author":222,"featured_media":5557,"comment_status":"open","ping_status":"open","sticky":false,"template":"","format":"standard","meta":{"_bbp_topic_count":0,"_bbp_reply_count":0,"_bbp_total_topic_count":0,"_bbp_total_reply_count":0,"_bbp_voice_count":0,"_bbp_anonymous_reply_count":0,"_bbp_topic_count_hidden":0,"_bbp_reply_count_hidden":0,"_bbp_forum_subforum_count":0,"footnotes":""},"categories":[4,5,6,7,101,408,99,401,593,1040,3,98,29],"tags":[913,1498,1497,516,61,59,523],"class_list":["post-5417","post","type-post","status-publish","format-standard","has-post-thumbnail","hentry","category-1r-deso","category-2n-deso","category-3r-deso","category-4t-deso","category-activitats-de-centre","category-al-voltant-de-la-lectura","category-articles","category-la-biblioteca-dalexandria","category-comunitat-educativa","category-el-far-dhipatia","category-grups","category-noticies-breus","category-portada","tag-al-voltant-de-la-lectura","tag-antoine-de-saint-exupery","tag-el-petit-princep","tag-ilec","tag-lectura","tag-plec","tag-projectes"],"post_mailing_queue_ids":[],"_links":{"self":[{"href":"https:\/\/agora.xtec.cat\/insllicamunt2\/wp-json\/wp\/v2\/posts\/5417","targetHints":{"allow":["GET"]}}],"collection":[{"href":"https:\/\/agora.xtec.cat\/insllicamunt2\/wp-json\/wp\/v2\/posts"}],"about":[{"href":"https:\/\/agora.xtec.cat\/insllicamunt2\/wp-json\/wp\/v2\/types\/post"}],"author":[{"embeddable":true,"href":"https:\/\/agora.xtec.cat\/insllicamunt2\/wp-json\/wp\/v2\/users\/222"}],"replies":[{"embeddable":true,"href":"https:\/\/agora.xtec.cat\/insllicamunt2\/wp-json\/wp\/v2\/comments?post=5417"}],"version-history":[{"count":3,"href":"https:\/\/agora.xtec.cat\/insllicamunt2\/wp-json\/wp\/v2\/posts\/5417\/revisions"}],"predecessor-version":[{"id":5558,"href":"https:\/\/agora.xtec.cat\/insllicamunt2\/wp-json\/wp\/v2\/posts\/5417\/revisions\/5558"}],"wp:featuredmedia":[{"embeddable":true,"href":"https:\/\/agora.xtec.cat\/insllicamunt2\/wp-json\/wp\/v2\/media\/5557"}],"wp:attachment":[{"href":"https:\/\/agora.xtec.cat\/insllicamunt2\/wp-json\/wp\/v2\/media?parent=5417"}],"wp:term":[{"taxonomy":"category","embeddable":true,"href":"https:\/\/agora.xtec.cat\/insllicamunt2\/wp-json\/wp\/v2\/categories?post=5417"},{"taxonomy":"post_tag","embeddable":true,"href":"https:\/\/agora.xtec.cat\/insllicamunt2\/wp-json\/wp\/v2\/tags?post=5417"}],"curies":[{"name":"wp","href":"https:\/\/api.w.org\/{rel}","templated":true}]}}