{"id":5414,"date":"2017-03-29T10:33:01","date_gmt":"2017-03-29T08:33:01","guid":{"rendered":"http:\/\/agora.xtec.cat\/insllicamunt2\/?p=5414"},"modified":"2017-03-30T08:34:14","modified_gmt":"2017-03-30T06:34:14","slug":"el-petit-princep-5-el-vanitos","status":"publish","type":"post","link":"https:\/\/agora.xtec.cat\/insllicamunt2\/el-far-dhipatia\/grups\/el-petit-princep-5-el-vanitos\/","title":{"rendered":"El Petit Pr\u00edncep (5) &#8220;El vanit\u00f3s&#8221;"},"content":{"rendered":"<p>El Petit Pr\u00edncep (Antoine de Saint Exup\u00e9ry): cap\u00edtol XI.<\/p>\n<p style=\"text-align: center;\"><a href=\"http:\/\/agora.xtec.cat\/insllicamunt2\/wp-content\/uploads\/usu1100\/2017\/03\/IMG_7469.jpg\"><img loading=\"lazy\" decoding=\"async\" class=\"aligncenter size-full wp-image-5549\" src=\"http:\/\/agora.xtec.cat\/insllicamunt2\/wp-content\/uploads\/usu1100\/2017\/03\/IMG_7469.jpg\" alt=\"img_7469\" width=\"1725\" height=\"1294\" srcset=\"https:\/\/agora.xtec.cat\/insllicamunt2\/wp-content\/uploads\/usu1100\/2017\/03\/IMG_7469.jpg 1725w, https:\/\/agora.xtec.cat\/insllicamunt2\/wp-content\/uploads\/usu1100\/2017\/03\/IMG_7469-300x225.jpg 300w, https:\/\/agora.xtec.cat\/insllicamunt2\/wp-content\/uploads\/usu1100\/2017\/03\/IMG_7469-768x576.jpg 768w, https:\/\/agora.xtec.cat\/insllicamunt2\/wp-content\/uploads\/usu1100\/2017\/03\/IMG_7469-1024x768.jpg 1024w, https:\/\/agora.xtec.cat\/insllicamunt2\/wp-content\/uploads\/usu1100\/2017\/03\/IMG_7469-200x150.jpg 200w\" sizes=\"auto, (max-width: 1725px) 100vw, 1725px\" \/><\/a><\/p>\n<p style=\"text-align: justify;\">En aquest planeta, el Petit Pr\u00edncep es troba un personatge ben curi\u00f3s, el vanit\u00f3s Ell \u00a0creu que tothom l&#8217;admira perqu\u00e8 \u00e9s el millor del m\u00f3n, per\u00f2 resulta que ning\u00fa passa pel seu planeta i per tant no \u00e9s admirat per ning\u00fa.<\/p>\n<p style=\"text-align: justify;\"><b>Reflexi\u00f3:<\/b><\/p>\n<p style=\"text-align: justify;\">Qu\u00e8 \u00e9s per a tu l&#8217;admiraci\u00f3? A qui admires? Per quins motius poden ser admirades les persones?<\/p>\n","protected":false},"excerpt":{"rendered":"<p>El Petit Pr\u00edncep (Antoine de Saint Exup\u00e9ry): cap\u00edtol XI.<br \/>\n<a href=\"http:\/\/agora.xtec.cat\/insllicamunt2\/wp-content\/uploads\/usu1100\/2017\/03\/IMG_7469.jpg\"><\/a><br \/>\nEn aquest planeta, el Petit Pr\u00edncep es troba un personatge ben curi\u00f3s, el vanit\u00f3s Ell \u00a0creu que tothom l&#8217;admira perqu\u00e8 \u00e9s el millor del m\u00f3n, per\u00f2 resulta que ning\u00fa passa pel seu planeta i per tant&hellip;  <a href=\"https:\/\/agora.xtec.cat\/insllicamunt2\/el-far-dhipatia\/grups\/el-petit-princep-5-el-vanitos\/\" title=\"Read El Petit Pr\u00edncep (5) &#8220;El vanit\u00f3s&#8221;\">Llegeix m\u00e9s\u00bb<\/a><\/p>\n","protected":false},"author":262,"featured_media":5549,"comment_status":"open","ping_status":"open","sticky":false,"template":"","format":"standard","meta":{"_bbp_topic_count":0,"_bbp_reply_count":0,"_bbp_total_topic_count":0,"_bbp_total_reply_count":0,"_bbp_voice_count":0,"_bbp_anonymous_reply_count":0,"_bbp_topic_count_hidden":0,"_bbp_reply_count_hidden":0,"_bbp_forum_subforum_count":0,"footnotes":""},"categories":[4,5,6,7,101,408,99,401,593,1040,3,98,29],"tags":[913,1498,1497,516,61,59,523],"class_list":["post-5414","post","type-post","status-publish","format-standard","has-post-thumbnail","hentry","category-1r-deso","category-2n-deso","category-3r-deso","category-4t-deso","category-activitats-de-centre","category-al-voltant-de-la-lectura","category-articles","category-la-biblioteca-dalexandria","category-comunitat-educativa","category-el-far-dhipatia","category-grups","category-noticies-breus","category-portada","tag-al-voltant-de-la-lectura","tag-antoine-de-saint-exupery","tag-el-petit-princep","tag-ilec","tag-lectura","tag-plec","tag-projectes"],"post_mailing_queue_ids":[],"_links":{"self":[{"href":"https:\/\/agora.xtec.cat\/insllicamunt2\/wp-json\/wp\/v2\/posts\/5414","targetHints":{"allow":["GET"]}}],"collection":[{"href":"https:\/\/agora.xtec.cat\/insllicamunt2\/wp-json\/wp\/v2\/posts"}],"about":[{"href":"https:\/\/agora.xtec.cat\/insllicamunt2\/wp-json\/wp\/v2\/types\/post"}],"author":[{"embeddable":true,"href":"https:\/\/agora.xtec.cat\/insllicamunt2\/wp-json\/wp\/v2\/users\/262"}],"replies":[{"embeddable":true,"href":"https:\/\/agora.xtec.cat\/insllicamunt2\/wp-json\/wp\/v2\/comments?post=5414"}],"version-history":[{"count":4,"href":"https:\/\/agora.xtec.cat\/insllicamunt2\/wp-json\/wp\/v2\/posts\/5414\/revisions"}],"predecessor-version":[{"id":5550,"href":"https:\/\/agora.xtec.cat\/insllicamunt2\/wp-json\/wp\/v2\/posts\/5414\/revisions\/5550"}],"wp:featuredmedia":[{"embeddable":true,"href":"https:\/\/agora.xtec.cat\/insllicamunt2\/wp-json\/wp\/v2\/media\/5549"}],"wp:attachment":[{"href":"https:\/\/agora.xtec.cat\/insllicamunt2\/wp-json\/wp\/v2\/media?parent=5414"}],"wp:term":[{"taxonomy":"category","embeddable":true,"href":"https:\/\/agora.xtec.cat\/insllicamunt2\/wp-json\/wp\/v2\/categories?post=5414"},{"taxonomy":"post_tag","embeddable":true,"href":"https:\/\/agora.xtec.cat\/insllicamunt2\/wp-json\/wp\/v2\/tags?post=5414"}],"curies":[{"name":"wp","href":"https:\/\/api.w.org\/{rel}","templated":true}]}}