{"id":5412,"date":"2017-03-29T10:32:28","date_gmt":"2017-03-29T08:32:28","guid":{"rendered":"http:\/\/agora.xtec.cat\/insllicamunt2\/?p=5412"},"modified":"2017-03-30T08:21:10","modified_gmt":"2017-03-30T06:21:10","slug":"el-petit-princep-4-el-rei","status":"publish","type":"post","link":"https:\/\/agora.xtec.cat\/insllicamunt2\/el-far-dhipatia\/grups\/el-petit-princep-4-el-rei\/","title":{"rendered":"El Petit Pr\u00edncep (4) &#8220;El rei&#8221;"},"content":{"rendered":"<p>El Petit Pr\u00edncep (Antoine de Saint Exup\u00e9ry): cap\u00edtol X.<\/p>\n<p style=\"text-align: center;\"><a href=\"http:\/\/agora.xtec.cat\/insllicamunt2\/wp-content\/uploads\/usu1100\/2017\/03\/Watermarked2017-03-26-1503.jpg\"><img loading=\"lazy\" decoding=\"async\" class=\"aligncenter size-full wp-image-5445\" src=\"http:\/\/agora.xtec.cat\/insllicamunt2\/wp-content\/uploads\/usu1100\/2017\/03\/Watermarked2017-03-26-1503.jpg\" alt=\"watermarked2017-03-26-1503\" width=\"600\" height=\"450\" srcset=\"https:\/\/agora.xtec.cat\/insllicamunt2\/wp-content\/uploads\/usu1100\/2017\/03\/Watermarked2017-03-26-1503.jpg 600w, https:\/\/agora.xtec.cat\/insllicamunt2\/wp-content\/uploads\/usu1100\/2017\/03\/Watermarked2017-03-26-1503-300x225.jpg 300w, https:\/\/agora.xtec.cat\/insllicamunt2\/wp-content\/uploads\/usu1100\/2017\/03\/Watermarked2017-03-26-1503-200x150.jpg 200w\" sizes=\"auto, (max-width: 600px) 100vw, 600px\" \/><\/a><\/p>\n<p style=\"text-align: justify;\">El petit pr\u00edncep ha marxat del seu petit planeta a una altra regi\u00f3 d\u2019asteroides: al primer, el 325, hi viu un rei.<\/p>\n<p style=\"text-align: justify;\">\u00c9s un rei molt curi\u00f3s perqu\u00e8 no li agrada la desobedi\u00e8ncia i la manera que no el desobeeixin \u00e9s la de donar ordres constantment. Aquestes ordres han de ser clares perqu\u00e8 ell no vol tenir la culpa que no s\u2019executin. Aleshores el petit pr\u00edncep li demana una posta de sol i el rei respon amb molt d\u2019enginy que la tindr\u00e0 quan la seva ci\u00e8ncia de governar li permeti&#8230; Ell s\u2019avorreix i decideix seguir amb el seu viatge, sense fer cas al rei que l\u2019intenta conv\u00e8ncer donant-li c\u00e0rrecs importants.<\/p>\n<p style=\"text-align: justify;\"><b>Reflexi\u00f3:<\/b><\/p>\n<p style=\"text-align: justify;\">Obeeixes sempre all\u00f2 que t\u2019ordenen o et prohibeixen? Quina \u00e9s la teva ci\u00e8ncia per governar?<br \/>\nEt jutges a tu mateix? T&#8217;has plantejat fer-ho? Qu\u00e8 hauries fet tu davant les ordres del rei?<\/p>\n","protected":false},"excerpt":{"rendered":"<p>El Petit Pr\u00edncep (Antoine de Saint Exup\u00e9ry): cap\u00edtol X.<br \/>\n<a href=\"http:\/\/agora.xtec.cat\/insllicamunt2\/wp-content\/uploads\/usu1100\/2017\/03\/Watermarked2017-03-26-1503.jpg\"><\/a><br \/>\nEl petit pr\u00edncep ha marxat del seu petit planeta a una altra regi\u00f3 d\u2019asteroides: al primer, el 325, hi viu un rei.<br \/>\n\u00c9s un rei molt curi\u00f3s perqu\u00e8 no li agrada la desobedi\u00e8ncia i la manera que&hellip;  <a href=\"https:\/\/agora.xtec.cat\/insllicamunt2\/el-far-dhipatia\/grups\/el-petit-princep-4-el-rei\/\" title=\"Read El Petit Pr\u00edncep (4) &#8220;El rei&#8221;\">Llegeix m\u00e9s\u00bb<\/a><\/p>\n","protected":false},"author":242,"featured_media":5445,"comment_status":"open","ping_status":"open","sticky":false,"template":"","format":"standard","meta":{"_bbp_topic_count":0,"_bbp_reply_count":0,"_bbp_total_topic_count":0,"_bbp_total_reply_count":0,"_bbp_voice_count":0,"_bbp_anonymous_reply_count":0,"_bbp_topic_count_hidden":0,"_bbp_reply_count_hidden":0,"_bbp_forum_subforum_count":0,"footnotes":""},"categories":[4,5,6,7,101,408,99,401,593,1040,3,98,29],"tags":[913,1498,1497,516,61,59,523],"class_list":["post-5412","post","type-post","status-publish","format-standard","has-post-thumbnail","hentry","category-1r-deso","category-2n-deso","category-3r-deso","category-4t-deso","category-activitats-de-centre","category-al-voltant-de-la-lectura","category-articles","category-la-biblioteca-dalexandria","category-comunitat-educativa","category-el-far-dhipatia","category-grups","category-noticies-breus","category-portada","tag-al-voltant-de-la-lectura","tag-antoine-de-saint-exupery","tag-el-petit-princep","tag-ilec","tag-lectura","tag-plec","tag-projectes"],"post_mailing_queue_ids":[],"_links":{"self":[{"href":"https:\/\/agora.xtec.cat\/insllicamunt2\/wp-json\/wp\/v2\/posts\/5412","targetHints":{"allow":["GET"]}}],"collection":[{"href":"https:\/\/agora.xtec.cat\/insllicamunt2\/wp-json\/wp\/v2\/posts"}],"about":[{"href":"https:\/\/agora.xtec.cat\/insllicamunt2\/wp-json\/wp\/v2\/types\/post"}],"author":[{"embeddable":true,"href":"https:\/\/agora.xtec.cat\/insllicamunt2\/wp-json\/wp\/v2\/users\/242"}],"replies":[{"embeddable":true,"href":"https:\/\/agora.xtec.cat\/insllicamunt2\/wp-json\/wp\/v2\/comments?post=5412"}],"version-history":[{"count":3,"href":"https:\/\/agora.xtec.cat\/insllicamunt2\/wp-json\/wp\/v2\/posts\/5412\/revisions"}],"predecessor-version":[{"id":5545,"href":"https:\/\/agora.xtec.cat\/insllicamunt2\/wp-json\/wp\/v2\/posts\/5412\/revisions\/5545"}],"wp:featuredmedia":[{"embeddable":true,"href":"https:\/\/agora.xtec.cat\/insllicamunt2\/wp-json\/wp\/v2\/media\/5445"}],"wp:attachment":[{"href":"https:\/\/agora.xtec.cat\/insllicamunt2\/wp-json\/wp\/v2\/media?parent=5412"}],"wp:term":[{"taxonomy":"category","embeddable":true,"href":"https:\/\/agora.xtec.cat\/insllicamunt2\/wp-json\/wp\/v2\/categories?post=5412"},{"taxonomy":"post_tag","embeddable":true,"href":"https:\/\/agora.xtec.cat\/insllicamunt2\/wp-json\/wp\/v2\/tags?post=5412"}],"curies":[{"name":"wp","href":"https:\/\/api.w.org\/{rel}","templated":true}]}}