{"id":5401,"date":"2017-03-24T10:21:11","date_gmt":"2017-03-24T09:21:11","guid":{"rendered":"http:\/\/agora.xtec.cat\/insllicamunt2\/?p=5401"},"modified":"2017-03-28T10:42:16","modified_gmt":"2017-03-28T08:42:16","slug":"el-petit-princep-2-els-baobabs","status":"publish","type":"post","link":"https:\/\/agora.xtec.cat\/insllicamunt2\/el-far-dhipatia\/grups\/el-petit-princep-2-els-baobabs\/","title":{"rendered":"El Petit Pr\u00edncep (2) &#8220;Els baobabs&#8221;"},"content":{"rendered":"<p>El Petit Pr\u00edncep (Antoine de Saint Exup\u00e9ry): cap\u00edtols V &#8211; VI.<\/p>\n<p style=\"text-align: center;\"><a href=\"http:\/\/agora.xtec.cat\/insllicamunt2\/wp-content\/uploads\/usu1100\/2017\/03\/Watermarked2017-03-26-1449.jpg\"><img loading=\"lazy\" decoding=\"async\" class=\"aligncenter size-full wp-image-5439\" src=\"http:\/\/agora.xtec.cat\/insllicamunt2\/wp-content\/uploads\/usu1100\/2017\/03\/Watermarked2017-03-26-1449.jpg\" alt=\"watermarked2017-03-26-1449\" width=\"600\" height=\"450\" srcset=\"https:\/\/agora.xtec.cat\/insllicamunt2\/wp-content\/uploads\/usu1100\/2017\/03\/Watermarked2017-03-26-1449.jpg 600w, https:\/\/agora.xtec.cat\/insllicamunt2\/wp-content\/uploads\/usu1100\/2017\/03\/Watermarked2017-03-26-1449-300x225.jpg 300w, https:\/\/agora.xtec.cat\/insllicamunt2\/wp-content\/uploads\/usu1100\/2017\/03\/Watermarked2017-03-26-1449-200x150.jpg 200w\" sizes=\"auto, (max-width: 600px) 100vw, 600px\" \/><\/a><\/p>\n<p style=\"text-align: justify;\">Cada dia el Petit Pr\u00edncep ha de treure les herbes del seu planeta perqu\u00e8 alguna d&#8217;elles podria ser un baobab, un arbre enorme amb unes grans arrels. I, v\u00e9s per on,\u00a0amb nom\u00e9s les arrels de tres baobabs podria esclatar el seu planeta.<\/p>\n<p style=\"text-align: justify;\">En acabar d&#8217;explicar la hist\u00f2ria dels baobabs, el Petit Pr\u00edncep s&#8217;enyora del seu planeta i demana veure una posta de sol, per\u00f2 ara ha d&#8217;esperar, les postes de sol no venen quan hom vol.<\/p>\n<p><b>Reflexi\u00f3:<\/b><\/p>\n<p style=\"text-align: justify;\">Com \u00e9s un baobab? I les seves arrels, quina for\u00e7a tan enorme han de tenir per fer esclatar tot un planeta sencer? Com \u00e9s el planeta del Petit Pr\u00edncep que no hi caben m\u00e9s de tres baobabs? Hi cabria a la classe, al vest\u00edbul del centre o al pati?<\/p>\n<p style=\"text-align: justify;\">Podr\u00edem dir en molts aspectes que el Petit Pr\u00edncep viu en un planeta a la seva mida, i aquesta mida no \u00e9s la de les persones grans. Ha aterrat el Petit Pr\u00edncep en un m\u00f3n de persones grans on la immediatesa que es vol\u00a0sent infant esdev\u00e9 paci\u00e8ncia al m\u00f3n de l&#8217;adult?<\/p>\n","protected":false},"excerpt":{"rendered":"<p>El Petit Pr\u00edncep (Antoine de Saint Exup\u00e9ry): cap\u00edtols V &#8211; VI.<br \/>\n<a href=\"http:\/\/agora.xtec.cat\/insllicamunt2\/wp-content\/uploads\/usu1100\/2017\/03\/Watermarked2017-03-26-1449.jpg\"><\/a><br \/>\nCada dia el Petit Pr\u00edncep ha de treure les herbes del seu planeta perqu\u00e8 alguna d&#8217;elles podria ser un baobab, un arbre enorme amb unes grans arrels. I, v\u00e9s per on,\u00a0amb nom\u00e9s les arrels&hellip;  <a href=\"https:\/\/agora.xtec.cat\/insllicamunt2\/el-far-dhipatia\/grups\/el-petit-princep-2-els-baobabs\/\" title=\"Read El Petit Pr\u00edncep (2) &#8220;Els baobabs&#8221;\">Llegeix m\u00e9s\u00bb<\/a><\/p>\n","protected":false},"author":216,"featured_media":5439,"comment_status":"open","ping_status":"open","sticky":false,"template":"","format":"standard","meta":{"_bbp_topic_count":0,"_bbp_reply_count":0,"_bbp_total_topic_count":0,"_bbp_total_reply_count":0,"_bbp_voice_count":0,"_bbp_anonymous_reply_count":0,"_bbp_topic_count_hidden":0,"_bbp_reply_count_hidden":0,"_bbp_forum_subforum_count":0,"footnotes":""},"categories":[4,5,6,7,101,408,99,401,593,1040,3,98,29],"tags":[913,1498,1497,516,61,59,523],"class_list":["post-5401","post","type-post","status-publish","format-standard","has-post-thumbnail","hentry","category-1r-deso","category-2n-deso","category-3r-deso","category-4t-deso","category-activitats-de-centre","category-al-voltant-de-la-lectura","category-articles","category-la-biblioteca-dalexandria","category-comunitat-educativa","category-el-far-dhipatia","category-grups","category-noticies-breus","category-portada","tag-al-voltant-de-la-lectura","tag-antoine-de-saint-exupery","tag-el-petit-princep","tag-ilec","tag-lectura","tag-plec","tag-projectes"],"post_mailing_queue_ids":[],"_links":{"self":[{"href":"https:\/\/agora.xtec.cat\/insllicamunt2\/wp-json\/wp\/v2\/posts\/5401","targetHints":{"allow":["GET"]}}],"collection":[{"href":"https:\/\/agora.xtec.cat\/insllicamunt2\/wp-json\/wp\/v2\/posts"}],"about":[{"href":"https:\/\/agora.xtec.cat\/insllicamunt2\/wp-json\/wp\/v2\/types\/post"}],"author":[{"embeddable":true,"href":"https:\/\/agora.xtec.cat\/insllicamunt2\/wp-json\/wp\/v2\/users\/216"}],"replies":[{"embeddable":true,"href":"https:\/\/agora.xtec.cat\/insllicamunt2\/wp-json\/wp\/v2\/comments?post=5401"}],"version-history":[{"count":3,"href":"https:\/\/agora.xtec.cat\/insllicamunt2\/wp-json\/wp\/v2\/posts\/5401\/revisions"}],"predecessor-version":[{"id":5517,"href":"https:\/\/agora.xtec.cat\/insllicamunt2\/wp-json\/wp\/v2\/posts\/5401\/revisions\/5517"}],"wp:featuredmedia":[{"embeddable":true,"href":"https:\/\/agora.xtec.cat\/insllicamunt2\/wp-json\/wp\/v2\/media\/5439"}],"wp:attachment":[{"href":"https:\/\/agora.xtec.cat\/insllicamunt2\/wp-json\/wp\/v2\/media?parent=5401"}],"wp:term":[{"taxonomy":"category","embeddable":true,"href":"https:\/\/agora.xtec.cat\/insllicamunt2\/wp-json\/wp\/v2\/categories?post=5401"},{"taxonomy":"post_tag","embeddable":true,"href":"https:\/\/agora.xtec.cat\/insllicamunt2\/wp-json\/wp\/v2\/tags?post=5401"}],"curies":[{"name":"wp","href":"https:\/\/api.w.org\/{rel}","templated":true}]}}