{"id":5185,"date":"2017-03-08T11:11:16","date_gmt":"2017-03-08T10:11:16","guid":{"rendered":"http:\/\/agora.xtec.cat\/insllicamunt2\/?p=5185"},"modified":"2017-03-08T11:11:16","modified_gmt":"2017-03-08T10:11:16","slug":"lamic-retrobat","status":"publish","type":"post","link":"https:\/\/agora.xtec.cat\/insllicamunt2\/el-far-dhipatia\/grups\/lamic-retrobat\/","title":{"rendered":"L&#8217;amic retrobat"},"content":{"rendered":"<p style=\"text-align: justify;\">Un nen de classe mitja coneix a un fam\u00f3s nen que acaba d&#8217;arribar a l&#8217;escola. Al principi es nota nervi\u00f3s de parlar amb aquest nen, per\u00f2 despr\u00e9s es fan amics. La segona guerra mundial avan\u00e7a, i els dos nens (ara adolescents) es tindran que separar a causa del racisme dels nazis.<\/p>\n<p style=\"text-align: center;\"><a href=\"http:\/\/agora.xtec.cat\/insllicamunt2\/wp-content\/uploads\/usu1100\/2017\/03\/lamicretrobat350.jpg\"><img loading=\"lazy\" decoding=\"async\" class=\"aligncenter size-full wp-image-5187\" src=\"http:\/\/agora.xtec.cat\/insllicamunt2\/wp-content\/uploads\/usu1100\/2017\/03\/lamicretrobat350.jpg\" alt=\"lamicretrobat350\" width=\"350\" height=\"549\" srcset=\"https:\/\/agora.xtec.cat\/insllicamunt2\/wp-content\/uploads\/usu1100\/2017\/03\/lamicretrobat350.jpg 350w, https:\/\/agora.xtec.cat\/insllicamunt2\/wp-content\/uploads\/usu1100\/2017\/03\/lamicretrobat350-191x300.jpg 191w\" sizes=\"auto, (max-width: 350px) 100vw, 350px\" \/><\/a><\/p>\n<p style=\"text-align: justify;\"><em>L&#8217;amic retrobat<\/em> el va escriure Fred Uhlman. \u00c9s una hist\u00f2ria fict\u00edcia ambientada en la segona guerra mundial i els seus anys anteriors al conflicte. Es tracta d&#8217;una hist\u00f2ria d&#8217;amistat i de noblesa entre companys d&#8217;escola. Aquesta hist\u00f2ria permet passar\u00a0una bona estona de lectura, en la que he trobat pros i contres:<\/p>\n<p style=\"text-align: justify;\"><b>Pros<\/b><\/p>\n<p style=\"text-align: justify;\">Una de les principals coses positives \u00e9s que la hist\u00f2ria \u00e9s atractiva, interessant, sobre un tema que crec que ha estat\u00a0molt explotat per\u00f2 en el que\u00a0aquesta hist\u00f2ria li dona\u00a0un gir diferent. La hist\u00f2ria \u00e9s a m\u00e9s l&#8217;excusa perfecta per a con\u00e8ixer la hist\u00f2ria d&#8217;Alemanya durant els\u00a0anys 30.<\/p>\n<p style=\"text-align: justify;\"><b>Contres<\/b><\/p>\n<p style=\"text-align: justify;\">El llibre \u00e9s al meu parer molt curt (de poc m\u00e9s de 100 p\u00e0gines), i aix\u00f2 fa que els cap\u00edtols siguin d&#8217;una, dues o tres p\u00e0gines, molt curts, i que no aprofundeixin en la hist\u00f2ria. Tamb\u00e9 cal dir que alguns passatges\u00a0se m&#8217;han fet una mica\u00a0avorrits, durant els quals no passa res que tingui una hist\u00f2ria realment s\u00f2lida.<\/p>\n<p style=\"text-align: justify;\">En la meva opini\u00f3 es tracta d&#8217;un llibre f\u00e0cil i aprofitable, per\u00f2 que no es pot comparar amb d&#8217;altres que estem llegint a l&#8217;institut com\u00a0l<i>&#8216;Ombra del Vent<\/i>.<\/p>\n","protected":false},"excerpt":{"rendered":"<p>Un nen de classe mitja coneix a un fam\u00f3s nen que acaba d&#8217;arribar a l&#8217;escola. Al principi es nota nervi\u00f3s de parlar amb aquest nen, per\u00f2 despr\u00e9s es fan amics. La segona guerra mundial avan\u00e7a, i els dos nens (ara adolescents) es tindran que separar&hellip;  <a href=\"https:\/\/agora.xtec.cat\/insllicamunt2\/el-far-dhipatia\/grups\/lamic-retrobat\/\" title=\"Read L&#8217;amic retrobat\">Llegeix m\u00e9s\u00bb<\/a><\/p>\n","protected":false},"author":274,"featured_media":5187,"comment_status":"open","ping_status":"open","sticky":false,"template":"","format":"standard","meta":{"_bbp_topic_count":0,"_bbp_reply_count":0,"_bbp_total_topic_count":0,"_bbp_total_reply_count":0,"_bbp_voice_count":0,"_bbp_anonymous_reply_count":0,"_bbp_topic_count_hidden":0,"_bbp_reply_count_hidden":0,"_bbp_forum_subforum_count":0,"footnotes":""},"categories":[6,408,99,401,96,1040,3,409,98,29],"tags":[1454,1455,1453,1456,1339,59],"class_list":["post-5185","post","type-post","status-publish","format-standard","has-post-thumbnail","hentry","category-3r-deso","category-al-voltant-de-la-lectura","category-articles","category-la-biblioteca-dalexandria","category-editorial-i-opinio","category-el-far-dhipatia","category-grups","category-lectura-recomanada","category-noticies-breus","category-portada","tag-alemanya","tag-anys-30","tag-guerra-mundial","tag-lamic-retrobat","tag-lectura-recomanada","tag-plec"],"post_mailing_queue_ids":[],"_links":{"self":[{"href":"https:\/\/agora.xtec.cat\/insllicamunt2\/wp-json\/wp\/v2\/posts\/5185","targetHints":{"allow":["GET"]}}],"collection":[{"href":"https:\/\/agora.xtec.cat\/insllicamunt2\/wp-json\/wp\/v2\/posts"}],"about":[{"href":"https:\/\/agora.xtec.cat\/insllicamunt2\/wp-json\/wp\/v2\/types\/post"}],"author":[{"embeddable":true,"href":"https:\/\/agora.xtec.cat\/insllicamunt2\/wp-json\/wp\/v2\/users\/274"}],"replies":[{"embeddable":true,"href":"https:\/\/agora.xtec.cat\/insllicamunt2\/wp-json\/wp\/v2\/comments?post=5185"}],"version-history":[{"count":3,"href":"https:\/\/agora.xtec.cat\/insllicamunt2\/wp-json\/wp\/v2\/posts\/5185\/revisions"}],"predecessor-version":[{"id":5203,"href":"https:\/\/agora.xtec.cat\/insllicamunt2\/wp-json\/wp\/v2\/posts\/5185\/revisions\/5203"}],"wp:featuredmedia":[{"embeddable":true,"href":"https:\/\/agora.xtec.cat\/insllicamunt2\/wp-json\/wp\/v2\/media\/5187"}],"wp:attachment":[{"href":"https:\/\/agora.xtec.cat\/insllicamunt2\/wp-json\/wp\/v2\/media?parent=5185"}],"wp:term":[{"taxonomy":"category","embeddable":true,"href":"https:\/\/agora.xtec.cat\/insllicamunt2\/wp-json\/wp\/v2\/categories?post=5185"},{"taxonomy":"post_tag","embeddable":true,"href":"https:\/\/agora.xtec.cat\/insllicamunt2\/wp-json\/wp\/v2\/tags?post=5185"}],"curies":[{"name":"wp","href":"https:\/\/api.w.org\/{rel}","templated":true}]}}