{"id":5153,"date":"2017-03-06T12:39:45","date_gmt":"2017-03-06T11:39:45","guid":{"rendered":"http:\/\/agora.xtec.cat\/insllicamunt2\/?p=5153"},"modified":"2017-03-06T12:39:45","modified_gmt":"2017-03-06T11:39:45","slug":"la-vida-en-verso-de-un-instituto","status":"publish","type":"post","link":"https:\/\/agora.xtec.cat\/insllicamunt2\/el-far-dhipatia\/grups\/la-vida-en-verso-de-un-instituto\/","title":{"rendered":"La Vida en Verso de un Instituto"},"content":{"rendered":"<p style=\"text-align: justify;\">LA VIDA EN VERSO DE UN INSTITUTO, escrit per Alberto S\u00e1ez Gordo i publicat per l&#8217;editorial C\u00edrculo Rojo, \u00e9s un llibre de poesia que relata hist\u00f2ries que succeeixen durant l&#8217;adolesc\u00e8ncia en els instituts. Aquesta \u00e9s una de les lectures que he realitzat durant l&#8217;hora de lectura (PLEC) a l&#8217;institut.<\/p>\n<div style=\"text-align: justify;\"><a href=\"http:\/\/agora.xtec.cat\/insllicamunt2\/wp-content\/uploads\/usu1100\/2017\/03\/libro-la-vida-en-verso.jpg\"><img loading=\"lazy\" decoding=\"async\" class=\"size-full wp-image-5154 aligncenter\" src=\"http:\/\/agora.xtec.cat\/insllicamunt2\/wp-content\/uploads\/usu1100\/2017\/03\/libro-la-vida-en-verso.jpg\" alt=\"libro-la-vida-en-verso\" width=\"200\" height=\"280\" \/><\/a><\/div>\n<p>Els relats estan basats en les experi\u00e8ncies de l&#8217;autor a l&#8217;Institut de Mollet del Vall\u00e8s, de manera que tenen un rerefons real i he pogut sentir-les com a pr\u00f2pies. Jo, que no s\u00f3c de llegir poesia, he trobat molt interessant el llibre, doncs reflexa el que es viu durant l&#8217;estada a l&#8217;institut. La lectura \u00e9s for\u00e7a f\u00e0cil, excepte algunes paraules que s\u00f3n m\u00e9s complexes, per\u00f2 res de l&#8217;altre m\u00f3n. Us ho recomano el llibre perqu\u00e8 \u00e9s divertit i alhora reflecteix la realitat.<\/p>\n<div style=\"text-align: justify;\"><\/div>\n","protected":false},"excerpt":{"rendered":"<p>LA VIDA EN VERSO DE UN INSTITUTO, escrit per Alberto S\u00e1ez Gordo i publicat per l&#8217;editorial C\u00edrculo Rojo, \u00e9s un llibre de poesia que relata hist\u00f2ries que succeeixen durant l&#8217;adolesc\u00e8ncia en els instituts. Aquesta \u00e9s una de les lectures que he realitzat durant l&#8217;hora de&hellip;  <a href=\"https:\/\/agora.xtec.cat\/insllicamunt2\/el-far-dhipatia\/grups\/la-vida-en-verso-de-un-instituto\/\" title=\"Read La Vida en Verso de un Instituto\">Llegeix m\u00e9s\u00bb<\/a><\/p>\n","protected":false},"author":232,"featured_media":5154,"comment_status":"open","ping_status":"open","sticky":false,"template":"","format":"standard","meta":{"_bbp_topic_count":0,"_bbp_reply_count":0,"_bbp_total_topic_count":0,"_bbp_total_reply_count":0,"_bbp_voice_count":0,"_bbp_anonymous_reply_count":0,"_bbp_topic_count_hidden":0,"_bbp_reply_count_hidden":0,"_bbp_forum_subforum_count":0,"footnotes":""},"categories":[6,93,408,99,401,96,1040,3,409,98,29,399],"tags":[1440,1441,1444,147,1259,59,424,1443],"class_list":["post-5153","post","type-post","status-publish","format-standard","has-post-thumbnail","hentry","category-3r-deso","category-activitats-daula","category-al-voltant-de-la-lectura","category-articles","category-la-biblioteca-dalexandria","category-editorial-i-opinio","category-el-far-dhipatia","category-grups","category-lectura-recomanada","category-noticies-breus","category-portada","category-projectes","tag-alberto-saez-gordo","tag-editorial-circulo-rojo","tag-histories","tag-institut","tag-lectura-autonoma","tag-plec","tag-poesia","tag-vers"],"post_mailing_queue_ids":[],"_links":{"self":[{"href":"https:\/\/agora.xtec.cat\/insllicamunt2\/wp-json\/wp\/v2\/posts\/5153","targetHints":{"allow":["GET"]}}],"collection":[{"href":"https:\/\/agora.xtec.cat\/insllicamunt2\/wp-json\/wp\/v2\/posts"}],"about":[{"href":"https:\/\/agora.xtec.cat\/insllicamunt2\/wp-json\/wp\/v2\/types\/post"}],"author":[{"embeddable":true,"href":"https:\/\/agora.xtec.cat\/insllicamunt2\/wp-json\/wp\/v2\/users\/232"}],"replies":[{"embeddable":true,"href":"https:\/\/agora.xtec.cat\/insllicamunt2\/wp-json\/wp\/v2\/comments?post=5153"}],"version-history":[{"count":3,"href":"https:\/\/agora.xtec.cat\/insllicamunt2\/wp-json\/wp\/v2\/posts\/5153\/revisions"}],"predecessor-version":[{"id":5168,"href":"https:\/\/agora.xtec.cat\/insllicamunt2\/wp-json\/wp\/v2\/posts\/5153\/revisions\/5168"}],"wp:featuredmedia":[{"embeddable":true,"href":"https:\/\/agora.xtec.cat\/insllicamunt2\/wp-json\/wp\/v2\/media\/5154"}],"wp:attachment":[{"href":"https:\/\/agora.xtec.cat\/insllicamunt2\/wp-json\/wp\/v2\/media?parent=5153"}],"wp:term":[{"taxonomy":"category","embeddable":true,"href":"https:\/\/agora.xtec.cat\/insllicamunt2\/wp-json\/wp\/v2\/categories?post=5153"},{"taxonomy":"post_tag","embeddable":true,"href":"https:\/\/agora.xtec.cat\/insllicamunt2\/wp-json\/wp\/v2\/tags?post=5153"}],"curies":[{"name":"wp","href":"https:\/\/api.w.org\/{rel}","templated":true}]}}