{"id":5112,"date":"2017-03-01T15:07:23","date_gmt":"2017-03-01T14:07:23","guid":{"rendered":"http:\/\/agora.xtec.cat\/insllicamunt2\/?p=5112"},"modified":"2017-03-05T08:52:31","modified_gmt":"2017-03-05T07:52:31","slug":"el-tenes-riu","status":"publish","type":"post","link":"https:\/\/agora.xtec.cat\/insllicamunt2\/el-far-dhipatia\/grups\/4t-deso\/el-tenes-riu\/","title":{"rendered":"El Tenes riu"},"content":{"rendered":"<p style=\"text-align: justify;\">Des de principis de febrer i durant cinc setmanes, 8 alumnes de 4t d\u2019ESO participen en l\u2019activitat de Servei comunitari <em>El Tenes riu<\/em>. Aquest servei es va iniciar el curs passat i enguany hem decidit repetir l\u2019experi\u00e8ncia.<\/p>\n<p style=\"text-align: justify;\"><a href=\"http:\/\/agora.xtec.cat\/insllicamunt2\/wp-content\/uploads\/usu1100\/2017\/03\/20161025_123837.jpg\"><img loading=\"lazy\" decoding=\"async\" class=\"size-large wp-image-5113 aligncenter\" src=\"http:\/\/agora.xtec.cat\/insllicamunt2\/wp-content\/uploads\/usu1100\/2017\/03\/20161025_123837-1024x768.jpg\" alt=\"20161025_123837\" width=\"1024\" height=\"768\" srcset=\"https:\/\/agora.xtec.cat\/insllicamunt2\/wp-content\/uploads\/usu1100\/2017\/03\/20161025_123837-1024x768.jpg 1024w, https:\/\/agora.xtec.cat\/insllicamunt2\/wp-content\/uploads\/usu1100\/2017\/03\/20161025_123837-300x225.jpg 300w, https:\/\/agora.xtec.cat\/insllicamunt2\/wp-content\/uploads\/usu1100\/2017\/03\/20161025_123837-768x576.jpg 768w, https:\/\/agora.xtec.cat\/insllicamunt2\/wp-content\/uploads\/usu1100\/2017\/03\/20161025_123837-200x150.jpg 200w, https:\/\/agora.xtec.cat\/insllicamunt2\/wp-content\/uploads\/usu1100\/2017\/03\/20161025_123837.jpg 1600w\" sizes=\"auto, (max-width: 1024px) 100vw, 1024px\" \/><\/a><\/p>\n<p style=\"text-align: justify;\">El Servei comunitari, inspirat en la filosofia d\u2019aprenentatge i servei, pret\u00e9n acostar l\u2019alumnat al m\u00f3n de l\u2019associacionisme i que es vinculi de primera m\u00e0 a una de les entitats del municipi.<\/p>\n<p style=\"text-align: justify;\"><a href=\"http:\/\/agora.xtec.cat\/insllicamunt2\/wp-content\/uploads\/usu1100\/2017\/03\/unnamed.jpg\"><img loading=\"lazy\" decoding=\"async\" class=\"size-large wp-image-5114 aligncenter\" src=\"http:\/\/agora.xtec.cat\/insllicamunt2\/wp-content\/uploads\/usu1100\/2017\/03\/unnamed-1024x768.jpg\" alt=\"unnamed\" width=\"1024\" height=\"768\" srcset=\"https:\/\/agora.xtec.cat\/insllicamunt2\/wp-content\/uploads\/usu1100\/2017\/03\/unnamed-1024x768.jpg 1024w, https:\/\/agora.xtec.cat\/insllicamunt2\/wp-content\/uploads\/usu1100\/2017\/03\/unnamed-300x225.jpg 300w, https:\/\/agora.xtec.cat\/insllicamunt2\/wp-content\/uploads\/usu1100\/2017\/03\/unnamed-768x576.jpg 768w, https:\/\/agora.xtec.cat\/insllicamunt2\/wp-content\/uploads\/usu1100\/2017\/03\/unnamed-200x150.jpg 200w, https:\/\/agora.xtec.cat\/insllicamunt2\/wp-content\/uploads\/usu1100\/2017\/03\/unnamed.jpg 1049w\" sizes=\"auto, (max-width: 1024px) 100vw, 1024px\" \/><\/a><\/p>\n<p style=\"text-align: justify;\">En el cas de <em>El Tenes riu<\/em>, es treballa conjuntament amb voluntaris de Protecci\u00f3 Civil de Lli\u00e7\u00e0 d\u2019Amunt, que supervisen, sobretot a nivell de mesures de seguretat, les activitats de recollida de brossa i deixalles de la llera del riu Tenes al seu pas pel municipi.<\/p>\n<p style=\"text-align: justify;\"><a href=\"http:\/\/agora.xtec.cat\/insllicamunt2\/wp-content\/uploads\/usu1100\/2017\/03\/unnamed.png\"><img loading=\"lazy\" decoding=\"async\" class=\"size-large wp-image-5115 aligncenter\" src=\"http:\/\/agora.xtec.cat\/insllicamunt2\/wp-content\/uploads\/usu1100\/2017\/03\/unnamed-1024x576.png\" alt=\"unnamed\" width=\"1024\" height=\"576\" srcset=\"https:\/\/agora.xtec.cat\/insllicamunt2\/wp-content\/uploads\/usu1100\/2017\/03\/unnamed-1024x576.png 1024w, https:\/\/agora.xtec.cat\/insllicamunt2\/wp-content\/uploads\/usu1100\/2017\/03\/unnamed-300x169.png 300w, https:\/\/agora.xtec.cat\/insllicamunt2\/wp-content\/uploads\/usu1100\/2017\/03\/unnamed-768x432.png 768w, https:\/\/agora.xtec.cat\/insllicamunt2\/wp-content\/uploads\/usu1100\/2017\/03\/unnamed.png 1280w\" sizes=\"auto, (max-width: 1024px) 100vw, 1024px\" \/><\/a><\/p>\n<p style=\"text-align: justify;\">Aquest servei comunitari s\u2019emmarca dins d\u2019un projecte de m\u00e9s volada, Apadrinem el patrimoni, que pret\u00e9n donar a con\u00e8ixer el nostre alumnat una de les seves realitats m\u00e9s properes, la del seu riu, i conscienciar-lo de l\u2019inter\u00e8s natural, social i hist\u00f2ric que hi batega. L\u2019Ajuntament de Lli\u00e7a d\u2019Amunt tamb\u00e9 col\u00b7labora en el Projecte, ja sigui en xerrades per part dels seus t\u00e8cnics a l\u2019aula, o mitjan\u00e7ant els serveis de neteja, que recull la brossa que l\u2019alumnat ha apilat i classificat per traslladar-la a la deixalleria.<\/p>\n","protected":false},"excerpt":{"rendered":"<p>Des de principis de febrer i durant cinc setmanes, 8 alumnes de 4t d\u2019ESO participen en l\u2019activitat de Servei comunitari El Tenes riu. Aquest servei es va iniciar el curs passat i enguany hem decidit repetir l\u2019experi\u00e8ncia.<br \/>\n<a href=\"http:\/\/agora.xtec.cat\/insllicamunt2\/wp-content\/uploads\/usu1100\/2017\/03\/20161025_123837.jpg\"><\/a><br \/>\nEl Servei comunitari, inspirat en la filosofia d\u2019aprenentatge&hellip;  <a href=\"https:\/\/agora.xtec.cat\/insllicamunt2\/el-far-dhipatia\/grups\/4t-deso\/el-tenes-riu\/\" title=\"Read El Tenes riu\">Llegeix m\u00e9s\u00bb<\/a><\/p>\n","protected":false},"author":239,"featured_media":5115,"comment_status":"open","ping_status":"open","sticky":false,"template":"","format":"standard","meta":{"_bbp_topic_count":0,"_bbp_reply_count":0,"_bbp_total_topic_count":0,"_bbp_total_reply_count":0,"_bbp_voice_count":0,"_bbp_anonymous_reply_count":0,"_bbp_topic_count_hidden":0,"_bbp_reply_count_hidden":0,"_bbp_forum_subforum_count":0,"footnotes":""},"categories":[7,101,94,800,99,1040,98,29,399,981],"tags":[279,852,793,281,792],"class_list":["post-5112","post","type-post","status-publish","format-standard","has-post-thumbnail","hentry","category-4t-deso","category-activitats-de-centre","category-activitats-fora-del-centre","category-apadrinem-el-riu-tenes","category-articles","category-el-far-dhipatia","category-noticies-breus","category-portada","category-projectes","category-servei-comunitari","tag-4t-deso","tag-apadrinem-el-patrimoni","tag-apadrinem-el-riu-tenes","tag-riu-tenes","tag-servei-comunitari"],"post_mailing_queue_ids":[],"_links":{"self":[{"href":"https:\/\/agora.xtec.cat\/insllicamunt2\/wp-json\/wp\/v2\/posts\/5112","targetHints":{"allow":["GET"]}}],"collection":[{"href":"https:\/\/agora.xtec.cat\/insllicamunt2\/wp-json\/wp\/v2\/posts"}],"about":[{"href":"https:\/\/agora.xtec.cat\/insllicamunt2\/wp-json\/wp\/v2\/types\/post"}],"author":[{"embeddable":true,"href":"https:\/\/agora.xtec.cat\/insllicamunt2\/wp-json\/wp\/v2\/users\/239"}],"replies":[{"embeddable":true,"href":"https:\/\/agora.xtec.cat\/insllicamunt2\/wp-json\/wp\/v2\/comments?post=5112"}],"version-history":[{"count":3,"href":"https:\/\/agora.xtec.cat\/insllicamunt2\/wp-json\/wp\/v2\/posts\/5112\/revisions"}],"predecessor-version":[{"id":5133,"href":"https:\/\/agora.xtec.cat\/insllicamunt2\/wp-json\/wp\/v2\/posts\/5112\/revisions\/5133"}],"wp:featuredmedia":[{"embeddable":true,"href":"https:\/\/agora.xtec.cat\/insllicamunt2\/wp-json\/wp\/v2\/media\/5115"}],"wp:attachment":[{"href":"https:\/\/agora.xtec.cat\/insllicamunt2\/wp-json\/wp\/v2\/media?parent=5112"}],"wp:term":[{"taxonomy":"category","embeddable":true,"href":"https:\/\/agora.xtec.cat\/insllicamunt2\/wp-json\/wp\/v2\/categories?post=5112"},{"taxonomy":"post_tag","embeddable":true,"href":"https:\/\/agora.xtec.cat\/insllicamunt2\/wp-json\/wp\/v2\/tags?post=5112"}],"curies":[{"name":"wp","href":"https:\/\/api.w.org\/{rel}","templated":true}]}}