{"id":5037,"date":"2017-02-08T20:29:46","date_gmt":"2017-02-08T19:29:46","guid":{"rendered":"http:\/\/agora.xtec.cat\/insllicamunt2\/?p=5037"},"modified":"2017-03-24T12:38:24","modified_gmt":"2017-03-24T11:38:24","slug":"refugiats-sense-refugi","status":"publish","type":"post","link":"https:\/\/agora.xtec.cat\/insllicamunt2\/el-far-dhipatia\/grups\/refugiats-sense-refugi\/","title":{"rendered":"Refugiats sense refugi?"},"content":{"rendered":"<p style=\"text-align: justify;\">Fa uns dies que estem treballant des de diferents \u00e0rees el conflicte al Pr\u00f2xim Orient i la situaci\u00f3 de milers de refugiats que han hagut de deixar casa seva com a conseq\u00fc\u00e8ncia.<\/p>\n<p style=\"text-align: justify;\">Davant d&#8217;aquesta situaci\u00f3 i com a centre educatiu obert a l&#8217;entorn i al nostre present que som cr\u00e8iem que ho hav\u00edem de treballar i vam decidir fer-ho als quatre cursos de l&#8217;ESO. Per aix\u00f2 des de les Ci\u00e8ncies Socials es va contextualitzar el conflicte perqu\u00e8 a la resta de mat\u00e8ries se&#8217;n pugui parlar i reflexionar. <em>Refugiats sense refugi?<\/em> \u00e9s el t\u00edtol que vam escollir per englobar totes les activitats que hem fet i que seguirem fent.<\/p>\n<p><a href=\"http:\/\/agora.xtec.cat\/insllicamunt2\/wp-content\/uploads\/usu1100\/2017\/02\/IMG_20170208_155714.jpg\"><img loading=\"lazy\" decoding=\"async\" class=\"wp-image-5039 aligncenter\" src=\"http:\/\/agora.xtec.cat\/insllicamunt2\/wp-content\/uploads\/usu1100\/2017\/02\/IMG_20170208_155714.jpg\" alt=\"img_20170208_155714\" width=\"315\" height=\"263\" srcset=\"https:\/\/agora.xtec.cat\/insllicamunt2\/wp-content\/uploads\/usu1100\/2017\/02\/IMG_20170208_155714.jpg 575w, https:\/\/agora.xtec.cat\/insllicamunt2\/wp-content\/uploads\/usu1100\/2017\/02\/IMG_20170208_155714-300x250.jpg 300w\" sizes=\"auto, (max-width: 315px) 100vw, 315px\" \/><\/a><\/p>\n<p style=\"text-align: justify;\">Ahir, 7 de febrer, va ser la data que vam escollir per a treballar de manera monogr\u00e0fica la crisi humanit\u00e0ria m\u00e9s gran dels darrers anys. Per aix\u00f2, i involucrant tota l&#8217;organitzaci\u00f3 de centre, a l&#8217;hora del PLEC, tots els alumnes de 1r a 4t van llegir i reflexionar al voltant del poema <em>Podries<\/em> de Joana Raspall. A m\u00e9s, a l&#8217;entrada de l&#8217;institut hi ha una exposici\u00f3 de llibres al voltant dels Drets Humans i les conseq\u00fc\u00e8ncies dels conflictes armats.<\/p>\n<p style=\"text-align: justify;\">I els alumnes de 2nB, els 3rs i els 4ts van assistir a la xerrada de quatre persones que coneixen la realitat dels camps de refugiats grecs de primera m\u00e0 perqu\u00e8 hi han estat treballant.<\/p>\n<p><a href=\"http:\/\/agora.xtec.cat\/insllicamunt2\/wp-content\/uploads\/usu1100\/2017\/02\/IMG_20170207_135303.jpg\"><img loading=\"lazy\" decoding=\"async\" class=\"size-full wp-image-5040 aligncenter\" src=\"http:\/\/agora.xtec.cat\/insllicamunt2\/wp-content\/uploads\/usu1100\/2017\/02\/IMG_20170207_135303.jpg\" alt=\"img_20170207_135303\" width=\"480\" height=\"517\" srcset=\"https:\/\/agora.xtec.cat\/insllicamunt2\/wp-content\/uploads\/usu1100\/2017\/02\/IMG_20170207_135303.jpg 480w, https:\/\/agora.xtec.cat\/insllicamunt2\/wp-content\/uploads\/usu1100\/2017\/02\/IMG_20170207_135303-279x300.jpg 279w\" sizes=\"auto, (max-width: 480px) 100vw, 480px\" \/><\/a><\/p>\n<p style=\"text-align: justify;\">El testimoni i l&#8217;experi\u00e8ncia de primera m\u00e0 d&#8217;en Milton S\u00e1nchez i Cesc S\u00e1nchez (de l&#8217;ONG empordanesa <em>Amb les teves mans<\/em>), Jorge Balc\u00e1zar (bomber cooperant de <em>Proemaid<\/em>) i Eva Correodoira (volunt\u00e0ria independent) van colpir als nostres alumnes.<\/p>\n<p><a href=\"http:\/\/agora.xtec.cat\/insllicamunt2\/wp-content\/uploads\/usu1100\/2017\/02\/IMG_20170208_155849.jpg\"><img loading=\"lazy\" decoding=\"async\" class=\"size-full wp-image-5041 aligncenter\" src=\"http:\/\/agora.xtec.cat\/insllicamunt2\/wp-content\/uploads\/usu1100\/2017\/02\/IMG_20170208_155849.jpg\" alt=\"img_20170208_155849\" width=\"640\" height=\"403\" srcset=\"https:\/\/agora.xtec.cat\/insllicamunt2\/wp-content\/uploads\/usu1100\/2017\/02\/IMG_20170208_155849.jpg 640w, https:\/\/agora.xtec.cat\/insllicamunt2\/wp-content\/uploads\/usu1100\/2017\/02\/IMG_20170208_155849-300x189.jpg 300w\" sizes=\"auto, (max-width: 640px) 100vw, 640px\" \/><\/a><\/p>\n<p><a href=\"http:\/\/agora.xtec.cat\/insllicamunt2\/wp-content\/uploads\/usu1100\/2017\/02\/20170208_161012.jpg\"><img loading=\"lazy\" decoding=\"async\" class=\"size-full wp-image-5047 aligncenter\" src=\"http:\/\/agora.xtec.cat\/insllicamunt2\/wp-content\/uploads\/usu1100\/2017\/02\/20170208_161012.jpg\" alt=\"_20170208_161012\" width=\"536\" height=\"480\" srcset=\"https:\/\/agora.xtec.cat\/insllicamunt2\/wp-content\/uploads\/usu1100\/2017\/02\/20170208_161012.jpg 536w, https:\/\/agora.xtec.cat\/insllicamunt2\/wp-content\/uploads\/usu1100\/2017\/02\/20170208_161012-300x269.jpg 300w\" sizes=\"auto, (max-width: 536px) 100vw, 536px\" \/><\/a><\/p>\n<p style=\"text-align: justify;\">En acabar la confer\u00e8ncia estava prevista la lectura del manifest i la signatura d&#8217;adhesi\u00f3 a la campanya <em>Casa nostra, casa vostra<\/em>, per\u00f2 el temps se&#8217;ns va esgotar. Ho farem de manera solemne perqu\u00e8 volem mostrar el nostre suport i continuarem amb altres accions perqu\u00e8 veiem que davant d&#8217;aquesta realitat, hem d&#8217;actuar.<\/p>\n","protected":false},"excerpt":{"rendered":"<p>Fa uns dies que estem treballant des de diferents \u00e0rees el conflicte al Pr\u00f2xim Orient i la situaci\u00f3 de milers de refugiats que han hagut de deixar casa seva com a conseq\u00fc\u00e8ncia.<br \/>\nDavant d&#8217;aquesta situaci\u00f3 i com a centre educatiu obert a l&#8217;entorn i al nostre&hellip;  <a href=\"https:\/\/agora.xtec.cat\/insllicamunt2\/el-far-dhipatia\/grups\/refugiats-sense-refugi\/\" title=\"Read Refugiats sense refugi?\">Llegeix m\u00e9s\u00bb<\/a><\/p>\n","protected":false},"author":246,"featured_media":5052,"comment_status":"open","ping_status":"open","sticky":false,"template":"","format":"standard","meta":{"_bbp_topic_count":0,"_bbp_reply_count":0,"_bbp_total_topic_count":0,"_bbp_total_reply_count":0,"_bbp_voice_count":0,"_bbp_anonymous_reply_count":0,"_bbp_topic_count_hidden":0,"_bbp_reply_count_hidden":0,"_bbp_forum_subforum_count":0,"footnotes":""},"categories":[93,101,408,96,3,98,29],"tags":[156,1427,147,923,1425,1426],"class_list":["post-5037","post","type-post","status-publish","format-standard","has-post-thumbnail","hentry","category-activitats-daula","category-activitats-de-centre","category-al-voltant-de-la-lectura","category-editorial-i-opinio","category-grups","category-noticies-breus","category-portada","tag-ciencies-socials","tag-conflicte","tag-institut","tag-refugiats","tag-testimonis","tag-voluntaris"],"post_mailing_queue_ids":[],"_links":{"self":[{"href":"https:\/\/agora.xtec.cat\/insllicamunt2\/wp-json\/wp\/v2\/posts\/5037","targetHints":{"allow":["GET"]}}],"collection":[{"href":"https:\/\/agora.xtec.cat\/insllicamunt2\/wp-json\/wp\/v2\/posts"}],"about":[{"href":"https:\/\/agora.xtec.cat\/insllicamunt2\/wp-json\/wp\/v2\/types\/post"}],"author":[{"embeddable":true,"href":"https:\/\/agora.xtec.cat\/insllicamunt2\/wp-json\/wp\/v2\/users\/246"}],"replies":[{"embeddable":true,"href":"https:\/\/agora.xtec.cat\/insllicamunt2\/wp-json\/wp\/v2\/comments?post=5037"}],"version-history":[{"count":4,"href":"https:\/\/agora.xtec.cat\/insllicamunt2\/wp-json\/wp\/v2\/posts\/5037\/revisions"}],"predecessor-version":[{"id":5060,"href":"https:\/\/agora.xtec.cat\/insllicamunt2\/wp-json\/wp\/v2\/posts\/5037\/revisions\/5060"}],"wp:featuredmedia":[{"embeddable":true,"href":"https:\/\/agora.xtec.cat\/insllicamunt2\/wp-json\/wp\/v2\/media\/5052"}],"wp:attachment":[{"href":"https:\/\/agora.xtec.cat\/insllicamunt2\/wp-json\/wp\/v2\/media?parent=5037"}],"wp:term":[{"taxonomy":"category","embeddable":true,"href":"https:\/\/agora.xtec.cat\/insllicamunt2\/wp-json\/wp\/v2\/categories?post=5037"},{"taxonomy":"post_tag","embeddable":true,"href":"https:\/\/agora.xtec.cat\/insllicamunt2\/wp-json\/wp\/v2\/tags?post=5037"}],"curies":[{"name":"wp","href":"https:\/\/api.w.org\/{rel}","templated":true}]}}