{"id":5033,"date":"2017-02-08T14:13:07","date_gmt":"2017-02-08T13:13:07","guid":{"rendered":"http:\/\/agora.xtec.cat\/insllicamunt2\/?p=5033"},"modified":"2017-03-28T21:34:00","modified_gmt":"2017-03-28T19:34:00","slug":"preinscripcio-2017-2018","status":"publish","type":"post","link":"https:\/\/agora.xtec.cat\/insllicamunt2\/el-far-dhipatia\/portada\/preinscripcio-2017-2018\/","title":{"rendered":"Preinscripci\u00f3 2017-2018 i Portes Obertes"},"content":{"rendered":"<h2 id=\"yui_3_17_2_3_1457700112704_1728\" style=\"margin: 10px 0px; font-family: arial,helvetica,clean,sans-serif; font-weight: bold; line-height: 40px; color: #2c3e50; text-rendering: optimizelegibility; font-size: 28px; font-style: normal; font-variant: normal; letter-spacing: normal; text-indent: 0px; text-transform: none; white-space: normal; word-spacing: 0px; background-color: #ffffff; text-align: justify;\"><a href=\"http:\/\/agora.xtec.cat\/insllicamunt2\/wp-content\/uploads\/usu1100\/2017\/02\/portes-obertes.png\"><img loading=\"lazy\" decoding=\"async\" class=\"size-full wp-image-5034 aligncenter\" src=\"http:\/\/agora.xtec.cat\/insllicamunt2\/wp-content\/uploads\/usu1100\/2017\/02\/portes-obertes.png\" alt=\"portes-obertes\" width=\"472\" height=\"110\" srcset=\"https:\/\/agora.xtec.cat\/insllicamunt2\/wp-content\/uploads\/usu1100\/2017\/02\/portes-obertes.png 472w, https:\/\/agora.xtec.cat\/insllicamunt2\/wp-content\/uploads\/usu1100\/2017\/02\/portes-obertes-300x70.png 300w\" sizes=\"auto, (max-width: 472px) 100vw, 472px\" \/><\/a><\/h2>\n<h2 id=\"yui_3_17_2_3_1457700112704_1728\" style=\"margin: 10px 0px; font-family: arial, helvetica, clean, sans-serif; font-weight: bold; line-height: 40px; color: #2c3e50; text-rendering: optimizeLegibility; font-size: 28px; font-style: normal; font-variant-ligatures: normal; font-variant-caps: normal; letter-spacing: normal; text-indent: 0px; text-transform: none; white-space: normal; word-spacing: 0px; background-color: #ffffff; text-align: center;\"><span style=\"font-size: large; color: #008080;\"><strong style=\"font-weight: bold;\"><span style=\"font-family: verdana,arial,helvetica,sans-serif;\">Portes Obertes 2017<\/span><\/strong><\/span><\/h2>\n<p style=\"text-align: center;\">Dia 20 de mar\u00e7 de 17.00h a 19.30h<\/p>\n<h2 style=\"margin: 10px 0px; font-family: arial,helvetica,clean,sans-serif; font-weight: bold; line-height: 40px; color: #2c3e50; text-rendering: optimizelegibility; font-size: 28px; font-style: normal; font-variant: normal; letter-spacing: normal; text-indent: 0px; text-transform: none; white-space: normal; word-spacing: 0px; background-color: #ffffff; text-align: justify;\"><span style=\"font-size: large; color: #008080;\"><strong style=\"font-weight: bold;\"><span style=\"font-family: verdana,arial,helvetica,sans-serif;\">Preinscripcions curs 2017-2018<\/span><\/strong><\/span><\/h2>\n<ul style=\"padding: 0px; margin: 0px 0px 10px 25px; color: #333333; font-family: arial,helvetica,clean,sans-serif; font-size: 14px; font-style: normal; font-variant: normal; font-weight: normal; letter-spacing: normal; line-height: 20px; text-indent: 0px; text-transform: none; white-space: normal; word-spacing: 0px; background-color: #ffffff; text-align: justify;\">\n<li style=\"line-height: 20px;\"><strong style=\"font-weight: bold;\">Preinscripci\u00f3<\/strong>:\n<ul style=\"padding: 0px; margin: 0px 0px 0px 25px;\">\n<li style=\"line-height: 20px;\">Presentaci\u00f3 de sol\u00b7licituds: <strong><span style=\"text-decoration: underline;\">del 23 de mar\u00e7 al 4 d&#8217;abril<\/span><\/strong>, ambd\u00f3s inclosos.\n<ul style=\"padding: 0px; margin: 0px 0px 0px 25px;\">\n<li style=\"line-height: 20px;\">Horari: de 09.00 a 14.00<\/li>\n<\/ul>\n<\/li>\n<\/ul>\n<\/li>\n<\/ul>\n<p style=\"margin: 0px 0px 10px; color: #333333; font-family: arial,helvetica,clean,sans-serif; font-size: 14px; font-style: normal; font-variant: normal; font-weight: normal; letter-spacing: normal; line-height: 20px; text-indent: 0px; text-transform: none; white-space: normal; word-spacing: 0px; background-color: #ffffff; text-align: justify;\"><span style=\"color: #800080;\"><em style=\"font-style: italic; line-height: 1.231;\"><strong style=\"font-weight: bold;\">DOCUMENTACI\u00d3 I CRITERIS DE PRIORITAT<\/strong><\/em><\/span><\/p>\n<p style=\"margin: 0px 0px 10px; color: #333333; font-family: arial,helvetica,clean,sans-serif; font-size: 14px; font-style: normal; font-variant: normal; font-weight: normal; letter-spacing: normal; line-height: 20px; text-indent: 0px; text-transform: none; white-space: normal; word-spacing: 0px; background-color: #ffffff; text-align: justify;\"><span style=\"line-height: 1.231;\">Juntament amb la sol\u00b7licitud de preinscripci\u00f3 (o de la impressi\u00f3 de la sol\u00b7licitud\u00a0que s&#8217;ha enviat\u00a0per Internet) cal presentar la\u00a0<\/span><strong style=\"font-weight: bold; line-height: 1.231;\">documentaci\u00f3<\/strong><span style=\"line-height: 1.231;\">\u00a0en el termini establert, preferentment en el centre que s&#8217;ha demanat en primer lloc.<\/span><\/p>\n<p style=\"margin: 0px 0px 10px; color: #333333; font-family: arial,helvetica,clean,sans-serif; font-size: 14px; font-style: normal; font-variant: normal; font-weight: normal; letter-spacing: normal; line-height: 20px; text-indent: 0px; text-transform: none; white-space: normal; word-spacing: 0px; background-color: #ffffff; text-align: justify;\">A cada sol\u00b7licitud se li assigna de manera aleat\u00f2ria un n\u00famero que ha de servir per ordenar-les en cas d&#8217;empat.<\/p>\n<p style=\"text-align: justify;\">Quan el nombre de sol\u00b7licituds d&#8217;admissi\u00f3 \u00e9s superior a l&#8217;oferta de places s&#8217;apliquen, per ordre: els\u00a0<strong style=\"font-weight: bold;\">criteris de prioritat<\/strong>\u00a0espec\u00edfics, els criteris generals i els criteris complementaris.<\/p>\n<p style=\"text-align: justify;\">Aquests criteris, i el\u00a0<strong style=\"font-weight: bold;\">barem<\/strong>\u00a0de punts que tenen associat, permeten puntuar objectivament totes les sol\u00b7licituds d&#8217;admissi\u00f3 i poder ordenar-les. En les situacions d&#8217;empat que es produeixin despr\u00e9s d&#8217;aplicar aquests criteris, l&#8217;ordenaci\u00f3 de les sol\u00b7licituds afectades es fa per sorteig p\u00fablic.<\/p>\n<p style=\"text-align: justify;\"><span style=\"color: #3366ff;\"><strong style=\"font-weight: bold;\">A) Documentaci\u00f3 identificativa<\/strong><\/span>\u00a0<em style=\"font-style: italic;\">(s&#8217;ha de presentar en tots els casos)<\/em><\/p>\n<ul style=\"padding: 0px; margin: 0px 0px 10px 25px; color: #333333; font-family: arial,helvetica,clean,sans-serif; font-size: 14px; font-style: normal; font-variant: normal; font-weight: normal; letter-spacing: normal; line-height: 20px; text-indent: 0px; text-transform: none; white-space: normal; word-spacing: 0px; background-color: #ffffff; text-align: justify;\">\n<li style=\"line-height: 20px;\"><strong style=\"font-weight: bold;\">Original i fotoc\u00f2pia\u00a0del\u00a0llibre de fam\u00edlia o altres documents relatius a la filiaci\u00f3<\/strong>. Si l&#8217;alumne\/a est\u00e0 en situaci\u00f3 d&#8217;acolliment, la resoluci\u00f3 d&#8217;acolliment del Departament de Benestar Social i Fam\u00edlia.<\/li>\n<li style=\"line-height: 20px;\"><strong style=\"font-weight: bold;\">Original i fotoc\u00f2pia\u00a0del DNI\u00a0de la persona sol\u00b7licitant <span style=\"text-decoration: underline;\">VIGENT<\/span><\/strong> (pare, mare o tutor\/a o guardador\/a de fet) o de la targeta de resid\u00e8ncia on consta el NIE si es tracta de persones estrangeres.<\/li>\n<li style=\"line-height: 20px;\"><strong style=\"font-weight: bold;\">Original i fotoc\u00f2pia\u00a0del DNI\u00a0de l\u2019alumne o alumna<\/strong>\u00a0<strong style=\"font-weight: bold;\"><span style=\"text-decoration: underline;\">VIGENT<\/span>\u00a0<\/strong>en cas que sigui major de 14 anys o tingui DNI tot i \u00e9sser menor de 14 anys.<\/li>\n<li style=\"line-height: 20px;\"><strong style=\"font-weight: bold;\">Original i fotoc\u00f2pia\u00a0de la\u00a0TSI<\/strong> (targeta sanit\u00e0ria individual) del nen o nena. Si no se&#8217;n disposa el Departament d&#8217;Ensenyament consultar\u00e0 el codi CIP de la targeta sanit\u00e0ria individual al CatSalut.<\/li>\n<li style=\"line-height: 20px;\"><a href=\"http:\/\/ensenyament.gencat.cat\/web\/shared\/OVT\/Departaments\/ENS\/Documents\/formulari_solicitud_preinscripcio.pdf\" target=\"_blank\"><strong style=\"font-weight: bold;\">Sol\u00b7licitud de preinscripci\u00f3\u00a0<\/strong><\/a><\/li>\n<\/ul>\n<p style=\"margin: 0px 0px 10px; color: #333333; font-family: arial,helvetica,clean,sans-serif; font-size: 14px; font-style: normal; font-variant: normal; font-weight: normal; letter-spacing: normal; line-height: 20px; text-indent: 0px; text-transform: none; white-space: normal; word-spacing: 0px; background-color: #ffffff; text-align: justify;\"><span style=\"line-height: 1.231;\">De forma extraordin\u00e0ria, les dades d&#8217;identificaci\u00f3 o de filiaci\u00f3 dels\u00a0<\/span><strong style=\"font-weight: bold; line-height: 1.231;\">alumnes estrangers<\/strong><span style=\"line-height: 1.231;\">\u00a0tamb\u00e9 es poden acreditar amb el document d&#8217;identitat, el passaport, el llibre de fam\u00edlia del pa\u00eds d&#8217;origen o la documentaci\u00f3 alternativa que la persona pugui aportar.<\/span><\/p>\n<p style=\"margin: 0px 0px 10px; color: #333333; font-family: arial,helvetica,clean,sans-serif; font-size: 14px; font-style: normal; font-variant: normal; font-weight: normal; letter-spacing: normal; line-height: 20px; text-indent: 0px; text-transform: none; white-space: normal; word-spacing: 0px; background-color: #ffffff; text-align: justify;\"><strong style=\"font-weight: bold;\">B) Documentaci\u00f3 acreditativa del criteri o els criteris de prioritat<\/strong>\u00a0<em style=\"font-style: italic;\">(s&#8217;ha de presentar nom\u00e9s per al criteri o els criteris de prioritat al\u00b7legats a la sol\u00b7licitud de preinscripci\u00f3)<\/em><\/p>\n<p style=\"text-align: justify;\"><span style=\"color: #800080;\"><strong style=\"font-weight: bold;\">CRITERI ESPEC\u00cdFIC<\/strong><\/span><\/p>\n<ul style=\"padding: 0px; margin: 0px 0px 10px 25px; color: #333333; font-family: arial,helvetica,clean,sans-serif; font-size: 14px; font-style: normal; font-variant: normal; font-weight: normal; letter-spacing: normal; line-height: 20px; text-indent: 0px; text-transform: none; white-space: normal; word-spacing: 0px; background-color: #ffffff; text-align: justify;\">\n<li style=\"line-height: 20px;\">T\u00e9 prefer\u00e8ncia l&#8217;alumnat que procedeixi dels centres i ensenyaments que hi s\u00f3n adscrits.\n<ul style=\"padding: 0px; margin: 0px 0px 0px 25px;\">\n<li style=\"line-height: 20px;\">No s&#8217;ha de presentar documentaci\u00f3.<\/li>\n<\/ul>\n<\/li>\n<\/ul>\n<p style=\"margin: 0px 0px 10px; color: #333333; font-family: arial,helvetica,clean,sans-serif; font-size: 14px; font-style: normal; font-variant: normal; font-weight: normal; letter-spacing: normal; line-height: 20px; text-indent: 0px; text-transform: none; white-space: normal; word-spacing: 0px; background-color: #ffffff; text-align: justify;\"><span style=\"color: #800080;\"><strong style=\"font-weight: bold; line-height: 1.231;\">CRITERIS GENERALS<\/strong><\/span><\/p>\n<ul style=\"padding: 0px; margin: 0px 0px 10px 25px; color: #333333; font-family: arial,helvetica,clean,sans-serif; font-size: 14px; font-style: normal; font-variant: normal; font-weight: normal; letter-spacing: normal; line-height: 20px; text-indent: 0px; text-transform: none; white-space: normal; word-spacing: 0px; background-color: #ffffff; text-align: justify;\">\n<li style=\"line-height: 20px;\"><strong style=\"font-weight: bold;\">Germans de l&#8217;alumne o alumna escolaritzats al centre<\/strong>\u00a0o\u00a0pares o tutors legals que hi treballin.\n<ul style=\"padding: 0px; margin: 0px 0px 0px 25px;\">\n<li style=\"line-height: 20px;\">La puntuaci\u00f3 tamb\u00e9 s&#8217;aplica per accedir a un centre p\u00fablic quan el germ\u00e0 o la germana est\u00e0 escolaritzat en un altre centre p\u00fablic que t\u00e9 la consideraci\u00f3 de centre \u00fanic (dos centres p\u00fablics adscrits en qu\u00e8 l&#8217;escola de prim\u00e0ria nom\u00e9s est\u00e0 adscrita a un sol centre de secund\u00e0ria):\u00a0<strong style=\"font-weight: bold;\">40 punts<\/strong>.\n<p style=\"margin: 0px 0px 10px;\">Documentaci\u00f3 a presentar:<\/p>\n<ul style=\"padding: 0px; margin: 0px 0px 0px 25px;\">\n<li style=\"line-height: 20px;\">El centre comprova directament aquestes circumst\u00e0ncies.<\/li>\n<li style=\"line-height: 20px;\">Si s&#8217;al\u00b7lega que el germ\u00e0 o germana est\u00e0 escolaritzat en un altre centre p\u00fablic que t\u00e9 la consideraci\u00f3 de centre \u00fanic, cal presentar un certificat d&#8217;aquest centre on est\u00e0 escolaritzat.<\/li>\n<\/ul>\n<\/li>\n<\/ul>\n<\/li>\n<\/ul>\n<ul style=\"padding: 0px; margin: 0px 0px 10px 25px; color: #333333; font-family: arial,helvetica,clean,sans-serif; font-size: 14px; font-style: normal; font-variant: normal; font-weight: normal; letter-spacing: normal; line-height: 20px; text-indent: 0px; text-transform: none; white-space: normal; word-spacing: 0px; background-color: #ffffff; text-align: justify;\">\n<li style=\"line-height: 20px;\"><strong style=\"font-weight: bold;\">Proximitat del domicili habitual<\/strong>\u00a0de l&#8217;alumne o alumna al centre o proximitat del lloc de treball del pare, la mare, tutor o tutora, guardador o guardadora de fet.\n<ul style=\"padding: 0px; margin: 0px 0px 0px 25px;\">\n<li style=\"line-height: 20px;\">Quan el domicili habitual estigui a l&#8217;\u00e0rea d&#8217;influ\u00e8ncia del centre:\u00a0<strong style=\"font-weight: bold;\">30 punts<\/strong>.<\/li>\n<li style=\"line-height: 20px;\">Quan\u00a0a inst\u00e0ncia de la persona sol\u00b7licitant es prengui en consideraci\u00f3 l&#8217;adre\u00e7a del lloc de treball del pare, la mare, el tutor o la tutora, el guardador o la guardadora de fet, i aquest \u00e9s dins l&#8217;\u00e0rea d&#8217;influ\u00e8ncia del centre:\u00a0<strong style=\"font-weight: bold;\">20 punts<\/strong>.<\/li>\n<li style=\"line-height: 20px;\">Documentaci\u00f3 a presentar:\n<ul style=\"padding: 0px; margin: 0px 0px 0px 25px;\">\n<li style=\"line-height: 20px;\">Original i fotoc\u00f2pia del DNI de la persona sol\u00b7licitant o de la targeta de resid\u00e8ncia on consta el NIE en el cas de persones estrangeres.<\/li>\n<li style=\"line-height: 20px;\">Quan el domicili habitual que s&#8217;al\u00b7lega no coincideix amb el del DNI, amb el de la targeta de resid\u00e8ncia on consta el NIE o es tracta de persones estrangeres sense NIE, certificat o volant municipal de conviv\u00e8ncia de l&#8217;alumne o alumna, on ha de constar que conviu amb la persona sol\u00b7licitant.<\/li>\n<li style=\"line-height: 20px;\">Quan per aquest criteri es consideri el domicili del lloc de treball, c\u00f2pia del contracte laboral o d&#8217;un certificat em\u00e8s a aquest efecte per l&#8217;empresa. En el cas de treballadors en el r\u00e8gim d&#8217;aut\u00f2noms, es t\u00e9 en compte el domicili acreditat a l&#8217;Ag\u00e8ncia Tribut\u00e0ria i s&#8217;acredita amb una c\u00f2pia del formulari de la declaraci\u00f3 censal d&#8217;alta, modificaci\u00f3 i baixa en el cens d&#8217;obligats tributaris (model 036).<\/li>\n<\/ul>\n<\/li>\n<\/ul>\n<\/li>\n<li style=\"line-height: 20px;\"><strong style=\"font-weight: bold;\">Renda anual<\/strong>\u00a0de la unitat familiar\n<ul style=\"padding: 0px; margin: 0px 0px 0px 25px;\">\n<li style=\"line-height: 20px;\">Quan el pare o la mare, el tutor o la tutora, siguin beneficiaris de l&#8217;ajut de la renda m\u00ednima d&#8217;inserci\u00f3, calculat en funci\u00f3 dels fills a c\u00e0rrec de la persona perceptora:\u00a0<strong style=\"font-weight: bold;\">10 punts<\/strong>.\n<ul style=\"padding: 0px; margin: 0px 0px 0px 25px;\">\n<li style=\"line-height: 20px;\">Documentaci\u00f3 acreditativa de ser beneficiari\/\u00e0ria de la prestaci\u00f3 econ\u00f2mica de la renda m\u00ednima d&#8217;inserci\u00f3.<\/li>\n<\/ul>\n<\/li>\n<\/ul>\n<\/li>\n<li style=\"line-height: 20px;\"><strong style=\"font-weight: bold;\">Discapacitat<\/strong>\u00a0de l&#8217;alumne o alumna, pare, mare o germans\n<ul style=\"padding: 0px; margin: 0px 0px 0px 25px;\">\n<li style=\"line-height: 20px;\">Quan l&#8217;alumne o alumna acrediti una discapacitat de grau igual o superior al 33%, o quan el pare, la mare, tutor o tutora, un germ\u00e0 o una germana de l&#8217;alumne o alumna acrediti una discapacitat igual o superior al 33%:\u00a0<strong style=\"font-weight: bold;\">10 punts<\/strong>. Documentaci\u00f3 a presentar:\n<ul style=\"padding: 0px; margin: 0px 0px 0px 25px;\">\n<li style=\"line-height: 20px;\">Original i fotoc\u00f2pia del certificat de discapacitat de la persona que al\u00b7legui aquesta condici\u00f3, em\u00e8s pel Departament de Benestar Social i Fam\u00edlia.<\/li>\n<li style=\"line-height: 20px;\">Tamb\u00e9 s&#8217;admeten els certificats de discapacitat emesos pels organismes competents d&#8217;altres comunitats aut\u00f2nomes.<\/li>\n<li style=\"line-height: 20px;\">Es consideren afectats per una discapacitat igual o superior al 33% els pensionistes de la Seguretat Social que tinguin reconeguda una pensi\u00f3 d&#8217;incapacitat permanent de grau total, absoluta o de gran invalidesa i els de les classes passives que tinguin reconeguda una pensi\u00f3 de jubilaci\u00f3 o de retir per incapacitat permanent per al servei o inutilitat.<\/li>\n<\/ul>\n<\/li>\n<\/ul>\n<\/li>\n<\/ul>\n<p style=\"margin: 0px 0px 10px; color: #333333; font-family: arial,helvetica,clean,sans-serif; font-size: 14px; font-style: normal; font-variant: normal; font-weight: normal; letter-spacing: normal; line-height: 20px; text-indent: 0px; text-transform: none; white-space: normal; word-spacing: 0px; background-color: #ffffff; text-align: justify;\"><span style=\"color: #800080;\"><strong style=\"font-weight: bold;\">CRITERIS COMPLEMENTARIS<\/strong><\/span><\/p>\n<ul style=\"padding: 0px; margin: 0px 0px 10px 25px; color: #333333; font-family: arial,helvetica,clean,sans-serif; font-size: 14px; font-style: normal; font-variant: normal; font-weight: normal; letter-spacing: normal; line-height: 20px; text-indent: 0px; text-transform: none; white-space: normal; word-spacing: 0px; background-color: #ffffff; text-align: justify;\">\n<li style=\"line-height: 20px;\">Si l&#8217;alumne o l&#8217;alumna forma part de\u00a0<strong style=\"font-weight: bold;\">fam\u00edlia nombrosa o monoparental<\/strong>:\u00a0<strong style=\"font-weight: bold;\">15 punts<\/strong>.Documentaci\u00f3\u00a0a presentar:\n<ul style=\"padding: 0px; margin: 0px 0px 0px 25px;\">\n<li style=\"line-height: 20px;\">Original i fotoc\u00f2pia del carnet de fam\u00edlia nombrosa o monoparental vigent.<\/li>\n<\/ul>\n<\/li>\n<li style=\"line-height: 20px;\">Si\u00a0l&#8217;alumne o alumna t\u00e9 una\u00a0<strong style=\"font-weight: bold;\">malaltia cr\u00f2nica<\/strong>\u00a0que afecta el seu sistema digestiu, endocr\u00ed o metab\u00f2lic, inclosos els cel\u00edacs:\u00a0<strong style=\"font-weight: bold;\">10 punts<\/strong>.Documentaci\u00f3 a presentar:\n<ul style=\"padding: 0px; margin: 0px 0px 0px 25px;\">\n<li style=\"line-height: 20px;\">Informe em\u00e8s per un metge o metgessa del sistema p\u00fablic de salut o certificat m\u00e8dic oficial amb signatura legalitzada pel col\u00b7legi de metges de la demarcaci\u00f3 corresponent, en qu\u00e8 s&#8217;indiqui expressament que l&#8217;alumne o alumna t\u00e9 diagnosticada una malaltia cr\u00f2nica que afecta el seu sistema digestiu, endocr\u00ed o metab\u00f2lic, inclosos els cel\u00edacs, i s&#8217;hi especifiqui de quina malaltia es tracta.<\/li>\n<\/ul>\n<\/li>\n<li style=\"line-height: 20px;\"><strong style=\"font-weight: bold;\">Si\u00a0el pare, la mare, els tutors o els germans han estat\u00a0escolaritzats<\/strong>, en ensenyaments declarats actualment gratu\u00efts i universals,\u00a0<strong style=\"font-weight: bold;\">al centre<\/strong>\u00a0per al qual es presenta la sol\u00b7licitud:\u00a0<strong style=\"font-weight: bold;\">5 punts<\/strong>.\n<ul style=\"padding: 0px; margin: 0px 0px 0px 25px;\">\n<li style=\"line-height: 20px;\">Documentaci\u00f3\u00a0a presentar:\n<ul style=\"padding: 0px; margin: 0px 0px 0px 25px;\">\n<li style=\"line-height: 20px;\">La persona escolaritzada en el centre per al qual es presenta la sol\u00b7licitud ha de facilitar al centre les seves dades perqu\u00e8 aquest pugui comprovar-ho.<\/li>\n<\/ul>\n<\/li>\n<\/ul>\n<\/li>\n<\/ul>\n<p style=\"margin: 0px 0px 10px; color: #333333; font-family: arial,helvetica,clean,sans-serif; font-size: 14px; font-style: normal; font-variant: normal; font-weight: normal; letter-spacing: normal; line-height: 20px; text-indent: 0px; text-transform: none; white-space: normal; word-spacing: 0px; background-color: #ffffff; text-align: justify;\"><strong style=\"font-weight: bold; line-height: 1.231;\">Simultane\u00eftat d&#8217;ensenyaments professionals de m\u00fasica i dansa\u00a0i programes esportius d&#8217;alt rendiment<\/strong><\/p>\n<p style=\"margin: 0px 0px 10px; color: #333333; font-family: arial,helvetica,clean,sans-serif; font-size: 14px; font-style: normal; font-variant: normal; font-weight: normal; letter-spacing: normal; line-height: 20px; text-indent: 0px; text-transform: none; white-space: normal; word-spacing: 0px; background-color: #ffffff; text-align: justify;\"><strong style=\"font-weight: bold; line-height: 1.231;\"><span style=\"color: #333333; font-family: arial, helvetica, clean, sans-serif; font-size: 14px; font-style: normal; font-variant: normal; font-weight: normal; letter-spacing: normal; line-height: 20px; orphans: auto; text-align: left; text-indent: 0px; text-transform: none; white-space: normal; widows: 1; word-spacing: 0px; -webkit-text-stroke-width: 0px; float: none; display: inline !important; background-color: #ffffff;\">Encara que no provinguin d&#8217;un centre adscrit, tenen prioritat per accedir a places de l&#8217;ESO dels centres amb l&#8217;horari adaptat:<\/span><\/strong><\/p>\n<ul style=\"padding: 0px; margin: 0px 0px 0px 25px; color: #333333; font-family: arial,helvetica,clean,sans-serif; font-size: 14px; font-style: normal; font-variant: normal; font-weight: normal; letter-spacing: normal; line-height: 20px; text-indent: 0px; text-transform: none; white-space: normal; word-spacing: 0px; background-color: #ffffff; text-align: justify;\">\n<li style=\"line-height: 20px; color: #333333; font-family: arial, helvetica, clean, sans-serif; font-size: 14px; font-style: normal; font-variant: normal; font-weight: normal; letter-spacing: normal; text-transform: none; white-space: normal; word-spacing: 0px; -webkit-text-stroke-width: 0px;\">Els alumnes que cursen o opten per cursar ensenyaments professionals de m\u00fasica o dansa. En el moment de fer la sol\u00b7licitud de preinscripci\u00f3 i en formalitzar la matr\u00edcula han de declarar que estan matriculats o admesos pendents de matr\u00edcula en un centre autoritzat per cursar ensenyaments professionals.<\/li>\n<li style=\"line-height: 20px; color: #333333; font-family: arial, helvetica, clean, sans-serif; font-size: 14px; font-style: normal; font-variant: normal; font-weight: normal; letter-spacing: normal; text-transform: none; white-space: normal; word-spacing: 0px; -webkit-text-stroke-width: 0px;\">Els alumnes que segueixen programes esportius d&#8217;alt rendiment (inclosos els esportistes integrats en la tecnificaci\u00f3 esportiva i els esportistes d&#8217;alt nivell o alt rendiment). Aquesta condici\u00f3 s&#8217;acredita amb un dels documents seg\u00fcents:<\/li>\n<\/ul>\n<ol style=\"padding: 0px; margin: 0px 0px 10px 2.5em; color: #333333; font-family: arial,helvetica,clean,sans-serif; font-size: 14px; font-style: normal; font-variant: normal; font-weight: normal; letter-spacing: normal; line-height: 20px; text-indent: 0px; text-transform: none; white-space: normal; word-spacing: 0px; background-color: #ffffff; text-align: justify;\">\n<li style=\"line-height: 20px;\">Certificat del Consell Catal\u00e0 de l&#8217;Esport que especifiqui que formen part del pla de tecnificaci\u00f3 del programa ARC (alt rendiment catal\u00e0), per als esportistes que es troben en l&#8217;etapa de tecnificaci\u00f3 esportiva.<\/li>\n<li style=\"line-height: 20px;\">Certificat del Consell Catal\u00e0 de l&#8217;Esport que ratifiqui el certificat del Consell Superior d&#8217;Esport, per als esportistes d&#8217;alt rendiment segons el Reial decret 971\/2007.<\/li>\n<li style=\"line-height: 20px;\">Relaci\u00f3 d&#8217;esportistes d&#8217;alt nivell publicada al DOGC o BOE per als esportistes.<\/li>\n<\/ol>\n<p>&nbsp;<\/p>\n<p style=\"text-align: center;\">****<\/p>\n<p style=\"text-align: center;\"><iframe loading=\"lazy\" src=\"\/\/player.vimeo.com\/video\/209172911?\" width=\"640\" height=\"360\" frameborder=\"0\" allowfullscreen=\"allowfullscreen\"><\/iframe><\/p>\n","protected":false},"excerpt":{"rendered":"<p>Portes Obertes 20 de mar\u00e7 de 17.00h a 19.30h<br \/>\nPresentaci\u00f3 de sol\u00b7licituds del 23 de mar\u00e7 al 4 d&#8217;abril, ambd\u00f3s inclosos. Horari de 09.00 a 14.00&hellip;  <a href=\"https:\/\/agora.xtec.cat\/insllicamunt2\/el-far-dhipatia\/portada\/preinscripcio-2017-2018\/\" title=\"Read Preinscripci\u00f3 2017-2018 i Portes Obertes\">Llegeix m\u00e9s\u00bb<\/a><\/p>\n","protected":false},"author":1,"featured_media":5034,"comment_status":"open","ping_status":"open","sticky":false,"template":"","format":"standard","meta":{"_bbp_topic_count":0,"_bbp_reply_count":0,"_bbp_total_topic_count":0,"_bbp_total_reply_count":0,"_bbp_voice_count":0,"_bbp_anonymous_reply_count":0,"_bbp_topic_count_hidden":0,"_bbp_reply_count_hidden":0,"_bbp_forum_subforum_count":0,"footnotes":""},"categories":[593,1040,98,29],"tags":[1424,883,1423],"class_list":["post-5033","post","type-post","status-publish","format-standard","has-post-thumbnail","hentry","category-comunitat-educativa","category-el-far-dhipatia","category-noticies-breus","category-portada","tag-1424","tag-calendari","tag-preinscripcio"],"post_mailing_queue_ids":[],"_links":{"self":[{"href":"https:\/\/agora.xtec.cat\/insllicamunt2\/wp-json\/wp\/v2\/posts\/5033","targetHints":{"allow":["GET"]}}],"collection":[{"href":"https:\/\/agora.xtec.cat\/insllicamunt2\/wp-json\/wp\/v2\/posts"}],"about":[{"href":"https:\/\/agora.xtec.cat\/insllicamunt2\/wp-json\/wp\/v2\/types\/post"}],"author":[{"embeddable":true,"href":"https:\/\/agora.xtec.cat\/insllicamunt2\/wp-json\/wp\/v2\/users\/1"}],"replies":[{"embeddable":true,"href":"https:\/\/agora.xtec.cat\/insllicamunt2\/wp-json\/wp\/v2\/comments?post=5033"}],"version-history":[{"count":3,"href":"https:\/\/agora.xtec.cat\/insllicamunt2\/wp-json\/wp\/v2\/posts\/5033\/revisions"}],"predecessor-version":[{"id":5542,"href":"https:\/\/agora.xtec.cat\/insllicamunt2\/wp-json\/wp\/v2\/posts\/5033\/revisions\/5542"}],"wp:featuredmedia":[{"embeddable":true,"href":"https:\/\/agora.xtec.cat\/insllicamunt2\/wp-json\/wp\/v2\/media\/5034"}],"wp:attachment":[{"href":"https:\/\/agora.xtec.cat\/insllicamunt2\/wp-json\/wp\/v2\/media?parent=5033"}],"wp:term":[{"taxonomy":"category","embeddable":true,"href":"https:\/\/agora.xtec.cat\/insllicamunt2\/wp-json\/wp\/v2\/categories?post=5033"},{"taxonomy":"post_tag","embeddable":true,"href":"https:\/\/agora.xtec.cat\/insllicamunt2\/wp-json\/wp\/v2\/tags?post=5033"}],"curies":[{"name":"wp","href":"https:\/\/api.w.org\/{rel}","templated":true}]}}