{"id":5009,"date":"2017-02-02T11:13:54","date_gmt":"2017-02-02T10:13:54","guid":{"rendered":"http:\/\/agora.xtec.cat\/insllicamunt2\/?p=5009"},"modified":"2017-02-05T18:13:37","modified_gmt":"2017-02-05T17:13:37","slug":"tutoria-entre-iguals-tei","status":"publish","type":"post","link":"https:\/\/agora.xtec.cat\/insllicamunt2\/el-far-dhipatia\/grups\/tutoria-entre-iguals-tei\/","title":{"rendered":"Tutoria entre iguals (TEI)"},"content":{"rendered":"<p style=\"text-align: justify;\">El darrer curs es va engegar a l&#8217;institut el projecte TEI (Tutoria entre iguals). El TEI t\u00e9 com a finalitat afavorir la integraci\u00f3 dels alumnes acabats d&#8217;arribar al centre i refor\u00e7ar els lla\u00e7os entre tot l&#8217;alumnat. Com l&#8217;experi\u00e8ncia va ser positiva, enguany hem repetit.<\/p>\n<p style=\"text-align: justify;\">La din\u00e0mica del TEI \u00e9s senzilla. Durant el primer trimestre es fan aparellaments entre alumnes de primer i alumnes de tercer. Al llarg del curs es promouen des de les tutories diferents activitats amb l&#8217;objectiu que els alumnes es coneguin, s&#8217;ajudin i, perqu\u00e8 no?, puguin arribar a ser amics.<\/p>\n<p style=\"text-align: center;\"><a href=\"http:\/\/agora.xtec.cat\/insllicamunt2\/wp-content\/uploads\/usu1100\/2017\/02\/Watermarked12017-02-02-1103.jpg\"><img loading=\"lazy\" decoding=\"async\" class=\"aligncenter size-full wp-image-5002\" src=\"http:\/\/agora.xtec.cat\/insllicamunt2\/wp-content\/uploads\/usu1100\/2017\/02\/Watermarked12017-02-02-1103.jpg\" alt=\"watermarked12017-02-02-1103\" width=\"600\" height=\"450\" srcset=\"https:\/\/agora.xtec.cat\/insllicamunt2\/wp-content\/uploads\/usu1100\/2017\/02\/Watermarked12017-02-02-1103.jpg 600w, https:\/\/agora.xtec.cat\/insllicamunt2\/wp-content\/uploads\/usu1100\/2017\/02\/Watermarked12017-02-02-1103-300x225.jpg 300w, https:\/\/agora.xtec.cat\/insllicamunt2\/wp-content\/uploads\/usu1100\/2017\/02\/Watermarked12017-02-02-1103-200x150.jpg 200w\" sizes=\"auto, (max-width: 600px) 100vw, 600px\" \/><\/a><\/p>\n<p style=\"text-align: justify;\">La primera trobada va tenir lloc a meitat del primer trimestre. Es va convocar als alumnes de tercer i primer al pati i es va fer la presentaci\u00f3 de les seves parelles. El moment va quedar plasmat en un conjunt d&#8217;imatges que hi ha penjades a una de les parets del centre.<\/p>\n<p style=\"text-align: center;\"><a href=\"http:\/\/agora.xtec.cat\/insllicamunt2\/wp-content\/uploads\/usu1100\/2017\/02\/Watermarked22017-02-02-1103.jpg\"><img loading=\"lazy\" decoding=\"async\" class=\"aligncenter size-full wp-image-5003\" src=\"http:\/\/agora.xtec.cat\/insllicamunt2\/wp-content\/uploads\/usu1100\/2017\/02\/Watermarked22017-02-02-1103.jpg\" alt=\"watermarked22017-02-02-1103\" width=\"600\" height=\"450\" srcset=\"https:\/\/agora.xtec.cat\/insllicamunt2\/wp-content\/uploads\/usu1100\/2017\/02\/Watermarked22017-02-02-1103.jpg 600w, https:\/\/agora.xtec.cat\/insllicamunt2\/wp-content\/uploads\/usu1100\/2017\/02\/Watermarked22017-02-02-1103-300x225.jpg 300w, https:\/\/agora.xtec.cat\/insllicamunt2\/wp-content\/uploads\/usu1100\/2017\/02\/Watermarked22017-02-02-1103-200x150.jpg 200w\" sizes=\"auto, (max-width: 600px) 100vw, 600px\" \/><\/a><\/p>\n<p style=\"text-align: justify;\">La segona trobada va ser fa un parell de setmanes. Al llarg de l&#8217;hora de tutoria, van buscar punts en com\u00fa entre uns i altres; aficions, trets de la personalitat, mat\u00e8ries favorites&#8230; Tot all\u00f2 que va anar sortint ho van escriure al darrere de la seva fotografia.<\/p>\n<p style=\"text-align: justify;\">L&#8217;ambient de les hores del TEI \u00e9s for\u00e7a agradable i no tenim cap dubte que \u00e9s una activitat molt enriquidora pel nostre alumnat.<\/p>\n<p style=\"text-align: justify;\">Seguirem informant.<\/p>\n<p style=\"text-align: center;\"><a href=\"http:\/\/agora.xtec.cat\/insllicamunt2\/wp-content\/uploads\/usu1100\/2017\/02\/Watermarked42017-02-02-1103.jpg\"><img loading=\"lazy\" decoding=\"async\" class=\"aligncenter size-full wp-image-5005\" src=\"http:\/\/agora.xtec.cat\/insllicamunt2\/wp-content\/uploads\/usu1100\/2017\/02\/Watermarked42017-02-02-1103.jpg\" alt=\"watermarked42017-02-02-1103\" width=\"600\" height=\"450\" srcset=\"https:\/\/agora.xtec.cat\/insllicamunt2\/wp-content\/uploads\/usu1100\/2017\/02\/Watermarked42017-02-02-1103.jpg 600w, https:\/\/agora.xtec.cat\/insllicamunt2\/wp-content\/uploads\/usu1100\/2017\/02\/Watermarked42017-02-02-1103-300x225.jpg 300w, https:\/\/agora.xtec.cat\/insllicamunt2\/wp-content\/uploads\/usu1100\/2017\/02\/Watermarked42017-02-02-1103-200x150.jpg 200w\" sizes=\"auto, (max-width: 600px) 100vw, 600px\" \/><\/a><\/p>\n","protected":false},"excerpt":{"rendered":"<p>El darrer curs es va engegar a l&#8217;institut el projecte TEI (Tutoria entre iguals). El TEI t\u00e9 com a finalitat afavorir la integraci\u00f3 dels alumnes acabats d&#8217;arribar al centre i refor\u00e7ar els lla\u00e7os entre tot l&#8217;alumnat. Com l&#8217;experi\u00e8ncia va ser positiva, enguany hem repetit.<br \/>\nLa din\u00e0mica&hellip;  <a href=\"https:\/\/agora.xtec.cat\/insllicamunt2\/el-far-dhipatia\/grups\/tutoria-entre-iguals-tei\/\" title=\"Read Tutoria entre iguals (TEI)\">Llegeix m\u00e9s\u00bb<\/a><\/p>\n","protected":false},"author":262,"featured_media":5002,"comment_status":"open","ping_status":"open","sticky":false,"template":"","format":"standard","meta":{"_bbp_topic_count":0,"_bbp_reply_count":0,"_bbp_total_topic_count":0,"_bbp_total_reply_count":0,"_bbp_voice_count":0,"_bbp_anonymous_reply_count":0,"_bbp_topic_count_hidden":0,"_bbp_reply_count_hidden":0,"_bbp_forum_subforum_count":0,"footnotes":""},"categories":[4,6,93,101,99,1040,3,346,98,29,399,361,1173],"tags":[1419,1418,1175,1420,283,1174],"class_list":["post-5009","post","type-post","status-publish","format-standard","has-post-thumbnail","hentry","category-1r-deso","category-3r-deso","category-activitats-daula","category-activitats-de-centre","category-articles","category-el-far-dhipatia","category-grups","category-materies","category-noticies-breus","category-portada","category-projectes","category-tutoria","category-tutoria-entre-iguals","tag-companyerisme","tag-primer-deso","tag-tei","tag-tercer-deso","tag-tutoria","tag-tutoria-entre-iguals"],"post_mailing_queue_ids":[],"_links":{"self":[{"href":"https:\/\/agora.xtec.cat\/insllicamunt2\/wp-json\/wp\/v2\/posts\/5009","targetHints":{"allow":["GET"]}}],"collection":[{"href":"https:\/\/agora.xtec.cat\/insllicamunt2\/wp-json\/wp\/v2\/posts"}],"about":[{"href":"https:\/\/agora.xtec.cat\/insllicamunt2\/wp-json\/wp\/v2\/types\/post"}],"author":[{"embeddable":true,"href":"https:\/\/agora.xtec.cat\/insllicamunt2\/wp-json\/wp\/v2\/users\/262"}],"replies":[{"embeddable":true,"href":"https:\/\/agora.xtec.cat\/insllicamunt2\/wp-json\/wp\/v2\/comments?post=5009"}],"version-history":[{"count":3,"href":"https:\/\/agora.xtec.cat\/insllicamunt2\/wp-json\/wp\/v2\/posts\/5009\/revisions"}],"predecessor-version":[{"id":5030,"href":"https:\/\/agora.xtec.cat\/insllicamunt2\/wp-json\/wp\/v2\/posts\/5009\/revisions\/5030"}],"wp:featuredmedia":[{"embeddable":true,"href":"https:\/\/agora.xtec.cat\/insllicamunt2\/wp-json\/wp\/v2\/media\/5002"}],"wp:attachment":[{"href":"https:\/\/agora.xtec.cat\/insllicamunt2\/wp-json\/wp\/v2\/media?parent=5009"}],"wp:term":[{"taxonomy":"category","embeddable":true,"href":"https:\/\/agora.xtec.cat\/insllicamunt2\/wp-json\/wp\/v2\/categories?post=5009"},{"taxonomy":"post_tag","embeddable":true,"href":"https:\/\/agora.xtec.cat\/insllicamunt2\/wp-json\/wp\/v2\/tags?post=5009"}],"curies":[{"name":"wp","href":"https:\/\/api.w.org\/{rel}","templated":true}]}}