{"id":4996,"date":"2017-03-06T13:36:44","date_gmt":"2017-03-06T12:36:44","guid":{"rendered":"http:\/\/agora.xtec.cat\/insllicamunt2\/?p=4996"},"modified":"2017-03-06T14:32:56","modified_gmt":"2017-03-06T13:32:56","slug":"cataloguem-liquens-al-tenes","status":"publish","type":"post","link":"https:\/\/agora.xtec.cat\/insllicamunt2\/el-far-dhipatia\/grups\/cataloguem-liquens-al-tenes\/","title":{"rendered":"Cataloguem l\u00edquens al Tenes"},"content":{"rendered":"<p style=\"text-align: justify;\">Els alumnes de 1r d&#8217;ESO acaben d&#8217;estudiar els fongs (llevats, floridures, fongs que produeixen bolets&#8230;). Al laboratori han observat mitjan\u00e7ant el microscopi les espores de xampiny\u00f3 que han recollit al llarg d&#8217;una setmana, han cultivat llevats i floridures i els han observat tamb\u00e9 al microscopi, amb els himenis i els esporangis carregats d&#8217;espores. Els fongs superiors, formadors de bolets, tamb\u00e9 han estat objecte d&#8217;estudi, prenent consci\u00e8ncia de la seva organitzaci\u00f3 estructural i de la seva diversitat.<\/p>\n<p style=\"text-align: center;\"><a href=\"http:\/\/agora.xtec.cat\/insllicamunt2\/wp-content\/uploads\/usu1100\/2017\/01\/Watermarked32017-02-16-1321.jpg\"><img loading=\"lazy\" decoding=\"async\" class=\"alignnone size-full wp-image-5099\" src=\"http:\/\/agora.xtec.cat\/insllicamunt2\/wp-content\/uploads\/usu1100\/2017\/01\/Watermarked32017-02-16-1321.jpg\" alt=\"watermarked32017-02-16-1321\" width=\"600\" height=\"450\" srcset=\"https:\/\/agora.xtec.cat\/insllicamunt2\/wp-content\/uploads\/usu1100\/2017\/01\/Watermarked32017-02-16-1321.jpg 600w, https:\/\/agora.xtec.cat\/insllicamunt2\/wp-content\/uploads\/usu1100\/2017\/01\/Watermarked32017-02-16-1321-300x225.jpg 300w, https:\/\/agora.xtec.cat\/insllicamunt2\/wp-content\/uploads\/usu1100\/2017\/01\/Watermarked32017-02-16-1321-200x150.jpg 200w\" sizes=\"auto, (max-width: 600px) 100vw, 600px\" \/><\/a><\/p>\n<p style=\"text-align: justify;\">Tamb\u00e9 han estudiat els l\u00edquens, que s\u00f3n en realitat el resultat de la simbiosi entre un fong i una alga (es podria dir que organismes dobles el cos dels quals \u00e9s del tot diferent a la suma dels organismes simbionts que els formen).<\/p>\n<p style=\"text-align: center;\"><a href=\"http:\/\/agora.xtec.cat\/insllicamunt2\/wp-content\/uploads\/usu1100\/2017\/01\/Watermarked72017-02-16-1321.jpg\"><img loading=\"lazy\" decoding=\"async\" class=\"alignnone size-full wp-image-5102\" src=\"http:\/\/agora.xtec.cat\/insllicamunt2\/wp-content\/uploads\/usu1100\/2017\/01\/Watermarked72017-02-16-1321.jpg\" alt=\"watermarked72017-02-16-1321\" width=\"600\" height=\"450\" srcset=\"https:\/\/agora.xtec.cat\/insllicamunt2\/wp-content\/uploads\/usu1100\/2017\/01\/Watermarked72017-02-16-1321.jpg 600w, https:\/\/agora.xtec.cat\/insllicamunt2\/wp-content\/uploads\/usu1100\/2017\/01\/Watermarked72017-02-16-1321-300x225.jpg 300w, https:\/\/agora.xtec.cat\/insllicamunt2\/wp-content\/uploads\/usu1100\/2017\/01\/Watermarked72017-02-16-1321-200x150.jpg 200w\" sizes=\"auto, (max-width: 600px) 100vw, 600px\" \/><\/a><\/p>\n<p style=\"text-align: justify;\">Els l\u00edquens s\u00f3n indicadors mediambientals, doncs la pres\u00e8ncia o abs\u00e8ncia de determinades varietats constitueix un veritable term\u00f2metre de la qualitat ambiental de l&#8217;aire i del grau de contaminaci\u00f3 (una gran diversitat de l\u00edquens, especialment de formes arborescents i ramificades, indicaria un ambient net i saludable).<\/p>\n<p style=\"text-align: center;\"><a href=\"http:\/\/agora.xtec.cat\/insllicamunt2\/wp-content\/uploads\/usu1100\/2017\/01\/Watermarked62017-02-16-1321.jpg\"><img loading=\"lazy\" decoding=\"async\" class=\"alignnone size-full wp-image-5101\" src=\"http:\/\/agora.xtec.cat\/insllicamunt2\/wp-content\/uploads\/usu1100\/2017\/01\/Watermarked62017-02-16-1321.jpg\" alt=\"watermarked62017-02-16-1321\" width=\"600\" height=\"450\" srcset=\"https:\/\/agora.xtec.cat\/insllicamunt2\/wp-content\/uploads\/usu1100\/2017\/01\/Watermarked62017-02-16-1321.jpg 600w, https:\/\/agora.xtec.cat\/insllicamunt2\/wp-content\/uploads\/usu1100\/2017\/01\/Watermarked62017-02-16-1321-300x225.jpg 300w, https:\/\/agora.xtec.cat\/insllicamunt2\/wp-content\/uploads\/usu1100\/2017\/01\/Watermarked62017-02-16-1321-200x150.jpg 200w\" sizes=\"auto, (max-width: 600px) 100vw, 600px\" \/><\/a><\/p>\n<p style=\"text-align: justify;\">Els alumnes han anat al riu Tenes al pas per Lli\u00e7\u00e0 d&#8217;Amunt durant les hores de Biologia i Geologia per a identificar i cartografiar els l\u00edquens que es poden trobar sobre les roques o sobre les soques dels arbres del parc del Tenes.<\/p>\n<p style=\"text-align: center;\"><a href=\"http:\/\/agora.xtec.cat\/insllicamunt2\/wp-content\/uploads\/usu1100\/2017\/01\/Watermarked42017-02-16-1321.jpg\"><img loading=\"lazy\" decoding=\"async\" class=\"alignnone size-full wp-image-5100\" src=\"http:\/\/agora.xtec.cat\/insllicamunt2\/wp-content\/uploads\/usu1100\/2017\/01\/Watermarked42017-02-16-1321.jpg\" alt=\"watermarked42017-02-16-1321\" width=\"600\" height=\"450\" srcset=\"https:\/\/agora.xtec.cat\/insllicamunt2\/wp-content\/uploads\/usu1100\/2017\/01\/Watermarked42017-02-16-1321.jpg 600w, https:\/\/agora.xtec.cat\/insllicamunt2\/wp-content\/uploads\/usu1100\/2017\/01\/Watermarked42017-02-16-1321-300x225.jpg 300w, https:\/\/agora.xtec.cat\/insllicamunt2\/wp-content\/uploads\/usu1100\/2017\/01\/Watermarked42017-02-16-1321-200x150.jpg 200w\" sizes=\"auto, (max-width: 600px) 100vw, 600px\" \/><\/a><\/p>\n<p style=\"text-align: justify;\">Els alumnes s&#8217;han repartit l&#8217;espai per grups, i cada grup ha realitzat un mostreig visual exhaustiu a\u00a0la seva parcel\u00b7la amb l&#8217;objectiu de cartografiar tots els l\u00edquens presents (han utilitzat com a\u00a0base cartogr\u00e0fica l&#8217;ortofotomapa de l&#8217;Institut Cartogr\u00e0fic de Catalunya (ICC), descarregat des de l&#8217;aplicaci\u00f3 en xarxa\u00a0<i>vissir<\/i>):<\/p>\n<p style=\"text-align: center;\"><a href=\"http:\/\/agora.xtec.cat\/insllicamunt2\/wp-content\/uploads\/usu1100\/2017\/01\/Watermarked2017-03-01-1147.jpg\"><img loading=\"lazy\" decoding=\"async\" class=\"aligncenter size-full wp-image-5108\" src=\"http:\/\/agora.xtec.cat\/insllicamunt2\/wp-content\/uploads\/usu1100\/2017\/01\/Watermarked2017-03-01-1147.jpg\" alt=\"watermarked2017-03-01-1147\" width=\"600\" height=\"450\" srcset=\"https:\/\/agora.xtec.cat\/insllicamunt2\/wp-content\/uploads\/usu1100\/2017\/01\/Watermarked2017-03-01-1147.jpg 600w, https:\/\/agora.xtec.cat\/insllicamunt2\/wp-content\/uploads\/usu1100\/2017\/01\/Watermarked2017-03-01-1147-300x225.jpg 300w, https:\/\/agora.xtec.cat\/insllicamunt2\/wp-content\/uploads\/usu1100\/2017\/01\/Watermarked2017-03-01-1147-200x150.jpg 200w\" sizes=\"auto, (max-width: 600px) 100vw, 600px\" \/><\/a><\/p>\n<p style=\"text-align: justify;\">A continuaci\u00f3 podeu observar el mapa de distribuci\u00f3 i els esp\u00e8cimens trobats (el mapa topogr\u00e0fic seg\u00fcent procedeix de l&#8217;ICC &#8211; <i>vissir<\/i>). La identificaci\u00f3 preliminar de les esp\u00e8cies s&#8217;ha dut a terme amb la guia de camp Wirth <em>et al.<\/em> (2004):<\/p>\n<p style=\"text-align: center;\"><a href=\"http:\/\/agora.xtec.cat\/insllicamunt2\/wp-content\/uploads\/usu1100\/2017\/01\/Distribuci\u00f3.jpg\"><img loading=\"lazy\" decoding=\"async\" class=\"aligncenter size-full wp-image-5176\" src=\"http:\/\/agora.xtec.cat\/insllicamunt2\/wp-content\/uploads\/usu1100\/2017\/01\/Distribuci\u00f3.jpg\" alt=\"distribucio\" width=\"640\" height=\"481\" srcset=\"https:\/\/agora.xtec.cat\/insllicamunt2\/wp-content\/uploads\/usu1100\/2017\/01\/Distribuci\u00f3.jpg 640w, https:\/\/agora.xtec.cat\/insllicamunt2\/wp-content\/uploads\/usu1100\/2017\/01\/Distribuci\u00f3-300x225.jpg 300w, https:\/\/agora.xtec.cat\/insllicamunt2\/wp-content\/uploads\/usu1100\/2017\/01\/Distribuci\u00f3-200x150.jpg 200w\" sizes=\"auto, (max-width: 640px) 100vw, 640px\" \/><\/a><\/p>\n<p style=\"text-align: justify;\"><strong>Llegenda del mapa de distribuci\u00f3:<\/strong><\/p>\n<p style=\"text-align: justify;\">(Els triangles assenyalen la localitzaci\u00f3 d&#8217;exemplars d&#8217;esp\u00e8cies foli\u00e0cies. Els quadrats assenyalen els l\u00edquens crustacis. No s&#8217;han observat l\u00edquens fruticulosos (aspecte tridimensional i arborescent).)<\/p>\n<p style=\"text-align: justify;\">Triangle taronja: <em>Xanthoria parietina<\/em><\/p>\n<p style=\"text-align: justify;\">Triangle verd: <em>Physconia grisea<\/em><\/p>\n<p style=\"text-align: justify;\">Triangle gris: <em>Physcia caesia?<\/em><\/p>\n<p style=\"text-align: justify;\">Quadrat blau: <em>Lepraria incana<\/em><\/p>\n<p style=\"text-align: justify;\">Quadrat groc: <em>Chrysothrix candelaris<\/em><\/p>\n<p style=\"text-align: justify;\">Quadrat negre: <em>Lecanora sulphurea?<\/em><\/p>\n<p style=\"text-align: justify;\">Quadrat vermell: <em>Candelariella aurella<\/em><\/p>\n<p style=\"text-align: justify;\">Quadrat lila: <em>Incertae sedis<\/em><\/p>\n<p style=\"text-align: center;\"><em><strong>Xanthoria parietina<\/strong><\/em><\/p>\n<p style=\"text-align: center;\">(Triangle taronja en el mapa de distribuci\u00f3)<\/p>\n<p style=\"text-align: justify;\">Es tracta d&#8217;un liquen foliaci de color groc &#8211; taronja &#8211; verd amb l\u00f2buls grans de marge llis que viu habitualment sobre l&#8217;escor\u00e7a dels arbres. \u00c9s un liquen d&#8217;\u00e0mplia distribuci\u00f3 geogr\u00e0fica que requereix de substrats rics i poc \u00e0cids. \u00c9s una esp\u00e8cie for\u00e7a resistent a certs graus de contaminaci\u00f3 atmosf\u00e8rica.<\/p>\n<p style=\"text-align: justify;\"><a href=\"http:\/\/agora.xtec.cat\/insllicamunt2\/wp-content\/uploads\/usu1100\/2017\/01\/Watermarked12017-03-02-1313.jpg\"><img loading=\"lazy\" decoding=\"async\" class=\"aligncenter size-full wp-image-5123\" src=\"http:\/\/agora.xtec.cat\/insllicamunt2\/wp-content\/uploads\/usu1100\/2017\/01\/Watermarked12017-03-02-1313.jpg\" alt=\"watermarked12017-03-02-1313\" width=\"600\" height=\"450\" srcset=\"https:\/\/agora.xtec.cat\/insllicamunt2\/wp-content\/uploads\/usu1100\/2017\/01\/Watermarked12017-03-02-1313.jpg 600w, https:\/\/agora.xtec.cat\/insllicamunt2\/wp-content\/uploads\/usu1100\/2017\/01\/Watermarked12017-03-02-1313-300x225.jpg 300w, https:\/\/agora.xtec.cat\/insllicamunt2\/wp-content\/uploads\/usu1100\/2017\/01\/Watermarked12017-03-02-1313-200x150.jpg 200w\" sizes=\"auto, (max-width: 600px) 100vw, 600px\" \/><\/a><\/p>\n<p style=\"text-align: justify;\">Exemplars de <em>Xanthoria parietina<\/em> sobre l&#8217;escor\u00e7a d&#8217;un pi del parc del Tenes. Creix especialment orientat cap al nord, protegint-se aix\u00ed dels raigs solars que el podrien dessecar.<\/p>\n<p style=\"text-align: justify;\"><a href=\"http:\/\/agora.xtec.cat\/insllicamunt2\/wp-content\/uploads\/usu1100\/2017\/01\/Watermarked22017-03-02-1314.jpg\"><img loading=\"lazy\" decoding=\"async\" class=\"aligncenter size-full wp-image-5124\" src=\"http:\/\/agora.xtec.cat\/insllicamunt2\/wp-content\/uploads\/usu1100\/2017\/01\/Watermarked22017-03-02-1314.jpg\" alt=\"watermarked22017-03-02-1314\" width=\"600\" height=\"450\" srcset=\"https:\/\/agora.xtec.cat\/insllicamunt2\/wp-content\/uploads\/usu1100\/2017\/01\/Watermarked22017-03-02-1314.jpg 600w, https:\/\/agora.xtec.cat\/insllicamunt2\/wp-content\/uploads\/usu1100\/2017\/01\/Watermarked22017-03-02-1314-300x225.jpg 300w, https:\/\/agora.xtec.cat\/insllicamunt2\/wp-content\/uploads\/usu1100\/2017\/01\/Watermarked22017-03-02-1314-200x150.jpg 200w\" sizes=\"auto, (max-width: 600px) 100vw, 600px\" \/><\/a><\/p>\n<p style=\"text-align: justify;\">Detall dels apotecis de <em>Xanthoria parietina<\/em>. Els apotecis s\u00f3n estructures en forma de copa originades pel fong i que tenen funci\u00f3 reproductora (contenen les espores).<\/p>\n<p style=\"text-align: justify;\"><a href=\"http:\/\/agora.xtec.cat\/insllicamunt2\/wp-content\/uploads\/usu1100\/2017\/01\/Watermarked32017-03-02-1314.jpg\"><img loading=\"lazy\" decoding=\"async\" class=\"aligncenter size-full wp-image-5125\" src=\"http:\/\/agora.xtec.cat\/insllicamunt2\/wp-content\/uploads\/usu1100\/2017\/01\/Watermarked32017-03-02-1314.jpg\" alt=\"watermarked32017-03-02-1314\" width=\"600\" height=\"450\" srcset=\"https:\/\/agora.xtec.cat\/insllicamunt2\/wp-content\/uploads\/usu1100\/2017\/01\/Watermarked32017-03-02-1314.jpg 600w, https:\/\/agora.xtec.cat\/insllicamunt2\/wp-content\/uploads\/usu1100\/2017\/01\/Watermarked32017-03-02-1314-300x225.jpg 300w, https:\/\/agora.xtec.cat\/insllicamunt2\/wp-content\/uploads\/usu1100\/2017\/01\/Watermarked32017-03-02-1314-200x150.jpg 200w\" sizes=\"auto, (max-width: 600px) 100vw, 600px\" \/><\/a><\/p>\n<p style=\"text-align: justify;\">Magn\u00edfic exemplar de <em>Xanthoria parietina<\/em>, amb els l\u00f2buls ben desenvolupats i lleugerament superposats els uns als altres. Els l\u00edquens d&#8217;estructura foli\u00e0cia es caracteritzen perqu\u00e8 recobreixen superf\u00edcies sense ser incrustants (es poden separar f\u00e0cilment si es va amb compte).<\/p>\n<p style=\"text-align: justify;\"><a href=\"http:\/\/agora.xtec.cat\/insllicamunt2\/wp-content\/uploads\/usu1100\/2017\/01\/Watermarked42017-03-02-1314.jpg\"><img loading=\"lazy\" decoding=\"async\" class=\"aligncenter size-full wp-image-5126\" src=\"http:\/\/agora.xtec.cat\/insllicamunt2\/wp-content\/uploads\/usu1100\/2017\/01\/Watermarked42017-03-02-1314.jpg\" alt=\"watermarked42017-03-02-1314\" width=\"600\" height=\"450\" srcset=\"https:\/\/agora.xtec.cat\/insllicamunt2\/wp-content\/uploads\/usu1100\/2017\/01\/Watermarked42017-03-02-1314.jpg 600w, https:\/\/agora.xtec.cat\/insllicamunt2\/wp-content\/uploads\/usu1100\/2017\/01\/Watermarked42017-03-02-1314-300x225.jpg 300w, https:\/\/agora.xtec.cat\/insllicamunt2\/wp-content\/uploads\/usu1100\/2017\/01\/Watermarked42017-03-02-1314-200x150.jpg 200w\" sizes=\"auto, (max-width: 600px) 100vw, 600px\" \/><\/a><\/p>\n<p style=\"text-align: justify;\">Un altre exemplar de <em>Xanthoria parietina<\/em> de tonalitats m\u00e9s verdoses. Aquesta coloraci\u00f3 m\u00e9s verdosa \u00e9s m\u00e9s comuna en els exemplar que creixen en zones on hi arriba poca llum (sota vegetaci\u00f3 densa).<\/p>\n<p style=\"text-align: justify;\">Sobre les poques roques que afloren al parc del Tenes podem observar diverses esp\u00e8cies de l\u00edquens i de molses. A la fotografia seg\u00fcent es pot observar en color verd intens una esp\u00e8cie de molsa que creix adherida preferentment\u00a0sobre la superf\u00edcie d&#8217;unes petites esquerdes de la roca, on segur la humitat s&#8217;hi concentra. Tamb\u00e9 es poden observar diversos l\u00edquens (s&#8217;ha d&#8217;evitar confondre una molsa (que \u00e9s una planta) amb un l\u00edquen (fong + alga)). Els l\u00edquens de color groc ja s&#8217;han descrit m\u00e9s amunt. Es tracta de la <em>Xanthoria parietina<\/em>, per\u00f2 hi ha tamb\u00e9 altres esp\u00e8cies, d&#8217;entre les que destaca la <em>Physconia grisea<\/em>, descrita a continuaci\u00f3.<\/p>\n<p style=\"text-align: center;\"><a href=\"http:\/\/agora.xtec.cat\/insllicamunt2\/wp-content\/uploads\/usu1100\/2017\/01\/Watermarked62017-03-02-1314.jpg\"><img loading=\"lazy\" decoding=\"async\" class=\"aligncenter size-full wp-image-5128\" src=\"http:\/\/agora.xtec.cat\/insllicamunt2\/wp-content\/uploads\/usu1100\/2017\/01\/Watermarked62017-03-02-1314.jpg\" alt=\"watermarked62017-03-02-1314\" width=\"600\" height=\"450\" srcset=\"https:\/\/agora.xtec.cat\/insllicamunt2\/wp-content\/uploads\/usu1100\/2017\/01\/Watermarked62017-03-02-1314.jpg 600w, https:\/\/agora.xtec.cat\/insllicamunt2\/wp-content\/uploads\/usu1100\/2017\/01\/Watermarked62017-03-02-1314-300x225.jpg 300w, https:\/\/agora.xtec.cat\/insllicamunt2\/wp-content\/uploads\/usu1100\/2017\/01\/Watermarked62017-03-02-1314-200x150.jpg 200w\" sizes=\"auto, (max-width: 600px) 100vw, 600px\" \/><\/a><\/p>\n<p style=\"text-align: center;\"><strong><em>Physconia grisea<br \/>\n<\/em><\/strong><\/p>\n<p style=\"text-align: center;\">(Triangle verd al mapa de distribuci\u00f3)<\/p>\n<p style=\"text-align: justify;\">La <em>Physconia grisea<\/em> \u00e9s un liquen foliaci de color gris blanquin\u00f3s, amb l\u00f2buls ben delimitats a la perif\u00e8ria i d&#8217;aspecte irregular\u00a0a la zona central. \u00c9s un liquen molt freq\u00fcent en zones de poca al\u00e7ada, i creix especialment sobre el tronc d&#8217;arbres plens de pols.<\/p>\n<p style=\"text-align: center;\"><a href=\"http:\/\/agora.xtec.cat\/insllicamunt2\/wp-content\/uploads\/usu1100\/2017\/01\/Watermarked72017-03-02-1314.jpg\"><img loading=\"lazy\" decoding=\"async\" class=\"aligncenter size-full wp-image-5129\" src=\"http:\/\/agora.xtec.cat\/insllicamunt2\/wp-content\/uploads\/usu1100\/2017\/01\/Watermarked72017-03-02-1314.jpg\" alt=\"watermarked72017-03-02-1314\" width=\"600\" height=\"450\" srcset=\"https:\/\/agora.xtec.cat\/insllicamunt2\/wp-content\/uploads\/usu1100\/2017\/01\/Watermarked72017-03-02-1314.jpg 600w, https:\/\/agora.xtec.cat\/insllicamunt2\/wp-content\/uploads\/usu1100\/2017\/01\/Watermarked72017-03-02-1314-300x225.jpg 300w, https:\/\/agora.xtec.cat\/insllicamunt2\/wp-content\/uploads\/usu1100\/2017\/01\/Watermarked72017-03-02-1314-200x150.jpg 200w\" sizes=\"auto, (max-width: 600px) 100vw, 600px\" \/><\/a><\/p>\n<p style=\"text-align: justify;\">En la imatge superior es pot observar com la <em>Physconia grisea<\/em>, de coloraci\u00f3 gris-verdosa i blanca, creix entremig de la <em>Xanthoria parietina<\/em>, de color groc.<\/p>\n<p style=\"text-align: justify;\"><a href=\"http:\/\/agora.xtec.cat\/insllicamunt2\/wp-content\/uploads\/usu1100\/2017\/01\/Watermarked92017-03-02-1314.jpg\"><img loading=\"lazy\" decoding=\"async\" class=\"aligncenter size-full wp-image-5131\" src=\"http:\/\/agora.xtec.cat\/insllicamunt2\/wp-content\/uploads\/usu1100\/2017\/01\/Watermarked92017-03-02-1314.jpg\" alt=\"watermarked92017-03-02-1314\" width=\"600\" height=\"450\" srcset=\"https:\/\/agora.xtec.cat\/insllicamunt2\/wp-content\/uploads\/usu1100\/2017\/01\/Watermarked92017-03-02-1314.jpg 600w, https:\/\/agora.xtec.cat\/insllicamunt2\/wp-content\/uploads\/usu1100\/2017\/01\/Watermarked92017-03-02-1314-300x225.jpg 300w, https:\/\/agora.xtec.cat\/insllicamunt2\/wp-content\/uploads\/usu1100\/2017\/01\/Watermarked92017-03-02-1314-200x150.jpg 200w\" sizes=\"auto, (max-width: 600px) 100vw, 600px\" \/><\/a><\/p>\n<p style=\"text-align: center;\"><strong><em>Physcia caesia<\/em><\/strong>?<\/p>\n<p style=\"text-align: center;\">(Triangle gris al mapa de distribuci\u00f3)<\/p>\n<p style=\"text-align: justify;\">Aquest liquen foliaci presenta una coloraci\u00f3 gris clar, amb l\u00f2buls radials estrets. Acostuma a cr\u00e9ixer sobre roques calc\u00e0ries i sil\u00edcies en \u00e0rees molt modificades pels humans.<\/p>\n<p style=\"text-align: justify;\"><a href=\"http:\/\/agora.xtec.cat\/insllicamunt2\/wp-content\/uploads\/usu1100\/2017\/01\/IMG_7050.jpg\"><img loading=\"lazy\" decoding=\"async\" class=\"aligncenter size-full wp-image-5138\" src=\"http:\/\/agora.xtec.cat\/insllicamunt2\/wp-content\/uploads\/usu1100\/2017\/01\/IMG_7050.jpg\" alt=\"img_7050\" width=\"600\" height=\"450\" srcset=\"https:\/\/agora.xtec.cat\/insllicamunt2\/wp-content\/uploads\/usu1100\/2017\/01\/IMG_7050.jpg 600w, https:\/\/agora.xtec.cat\/insllicamunt2\/wp-content\/uploads\/usu1100\/2017\/01\/IMG_7050-300x225.jpg 300w, https:\/\/agora.xtec.cat\/insllicamunt2\/wp-content\/uploads\/usu1100\/2017\/01\/IMG_7050-200x150.jpg 200w\" sizes=\"auto, (max-width: 600px) 100vw, 600px\" \/><\/a><\/p>\n<p style=\"text-align: justify;\">Al parc del Tenes, aquest liquen gris blanquin\u00f3s de determinaci\u00f3 preliminar es troba tamb\u00e9 sobre l&#8217;escor\u00e7a d&#8217;alzines, a 1,5 m d&#8217;al\u00e7ada del terra, aproximadament.<\/p>\n<p style=\"text-align: center;\"><em><strong>Lepraria incana<\/strong><\/em><\/p>\n<p style=\"text-align: center;\">(Quadrat blau en el mapa de distribuci\u00f3)<\/p>\n<p style=\"text-align: justify;\">Es tracta d&#8217;un liquen crustaci de color blanc &#8211; verd\u00f3s amb una tonalitat blavosa i d&#8217;aspecte purulent i poc organitzat. Els l\u00edquens crustacis es caracteritzen per trobar-se adherits al substrat en tota la seva extensi\u00f3 com si es tract\u00e9s d&#8217;una crosta.<\/p>\n<p style=\"text-align: center;\"><a href=\"http:\/\/agora.xtec.cat\/insllicamunt2\/wp-content\/uploads\/usu1100\/2017\/01\/Watermarked52017-03-02-1314.jpg\"><img loading=\"lazy\" decoding=\"async\" class=\"aligncenter size-full wp-image-5127\" src=\"http:\/\/agora.xtec.cat\/insllicamunt2\/wp-content\/uploads\/usu1100\/2017\/01\/Watermarked52017-03-02-1314.jpg\" alt=\"watermarked52017-03-02-1314\" width=\"600\" height=\"450\" srcset=\"https:\/\/agora.xtec.cat\/insllicamunt2\/wp-content\/uploads\/usu1100\/2017\/01\/Watermarked52017-03-02-1314.jpg 600w, https:\/\/agora.xtec.cat\/insllicamunt2\/wp-content\/uploads\/usu1100\/2017\/01\/Watermarked52017-03-02-1314-300x225.jpg 300w, https:\/\/agora.xtec.cat\/insllicamunt2\/wp-content\/uploads\/usu1100\/2017\/01\/Watermarked52017-03-02-1314-200x150.jpg 200w\" sizes=\"auto, (max-width: 600px) 100vw, 600px\" \/><\/a><\/p>\n<p style=\"text-align: justify;\">La <em>Lepraria incana<\/em> \u00e9s un liquen molt com\u00fa en regions amb aire contaminat i, per tant, \u00e9s un indicador biol\u00f2gic de contaminaci\u00f3 atmosf\u00e8rica. Al parc del Tenes recobreix les esquerdes de l&#8217;escor\u00e7a d&#8217;alguns pins.<\/p>\n<p style=\"text-align: justify;\"><a href=\"http:\/\/agora.xtec.cat\/insllicamunt2\/wp-content\/uploads\/usu1100\/2017\/01\/IMG_7053.jpg\"><img loading=\"lazy\" decoding=\"async\" class=\"aligncenter size-full wp-image-5141\" src=\"http:\/\/agora.xtec.cat\/insllicamunt2\/wp-content\/uploads\/usu1100\/2017\/01\/IMG_7053.jpg\" alt=\"img_7053\" width=\"600\" height=\"450\" srcset=\"https:\/\/agora.xtec.cat\/insllicamunt2\/wp-content\/uploads\/usu1100\/2017\/01\/IMG_7053.jpg 600w, https:\/\/agora.xtec.cat\/insllicamunt2\/wp-content\/uploads\/usu1100\/2017\/01\/IMG_7053-300x225.jpg 300w, https:\/\/agora.xtec.cat\/insllicamunt2\/wp-content\/uploads\/usu1100\/2017\/01\/IMG_7053-200x150.jpg 200w\" sizes=\"auto, (max-width: 600px) 100vw, 600px\" \/><\/a><\/p>\n<p style=\"text-align: justify;\">Al parc del Tenes trobem exemplars de <em>Lepraria incana<\/em>\u00a0que incrusten tant troncs d&#8217;alzina (imatge superior) com troncs de pi (imatge inferior).<\/p>\n<p style=\"text-align: center;\"><a href=\"http:\/\/agora.xtec.cat\/insllicamunt2\/wp-content\/uploads\/usu1100\/2017\/01\/IMG_7052.jpg\"><img loading=\"lazy\" decoding=\"async\" class=\"aligncenter size-full wp-image-5140\" src=\"http:\/\/agora.xtec.cat\/insllicamunt2\/wp-content\/uploads\/usu1100\/2017\/01\/IMG_7052.jpg\" alt=\"img_7052\" width=\"600\" height=\"450\" srcset=\"https:\/\/agora.xtec.cat\/insllicamunt2\/wp-content\/uploads\/usu1100\/2017\/01\/IMG_7052.jpg 600w, https:\/\/agora.xtec.cat\/insllicamunt2\/wp-content\/uploads\/usu1100\/2017\/01\/IMG_7052-300x225.jpg 300w, https:\/\/agora.xtec.cat\/insllicamunt2\/wp-content\/uploads\/usu1100\/2017\/01\/IMG_7052-200x150.jpg 200w\" sizes=\"auto, (max-width: 600px) 100vw, 600px\" \/><\/a><\/p>\n<p style=\"text-align: center;\"><em><strong>Chrysothrix candelaris<br \/>\n<\/strong><\/em><\/p>\n<p style=\"text-align: center;\">(Quadrat groc en el mapa de distribuci\u00f3)<\/p>\n<p style=\"text-align: justify;\">Es tracta d&#8217;un liquen crustaci de color groguenc molt com\u00fa sobre les esquerdes dels troncs en les zones ombr\u00edvoles. De la mateixa manera que l&#8217;esp\u00e8cie <em>Lepraria incana<\/em>, l&#8217;aspecte \u00e9s purulent, per\u00f2 es diferencia de la primera pel seu color groc.<\/p>\n<p style=\"text-align: center;\"><a href=\"http:\/\/agora.xtec.cat\/insllicamunt2\/wp-content\/uploads\/usu1100\/2017\/01\/IMG_7051.jpg\"><img loading=\"lazy\" decoding=\"async\" class=\"aligncenter size-full wp-image-5139\" src=\"http:\/\/agora.xtec.cat\/insllicamunt2\/wp-content\/uploads\/usu1100\/2017\/01\/IMG_7051.jpg\" alt=\"img_7051\" width=\"600\" height=\"450\" srcset=\"https:\/\/agora.xtec.cat\/insllicamunt2\/wp-content\/uploads\/usu1100\/2017\/01\/IMG_7051.jpg 600w, https:\/\/agora.xtec.cat\/insllicamunt2\/wp-content\/uploads\/usu1100\/2017\/01\/IMG_7051-300x225.jpg 300w, https:\/\/agora.xtec.cat\/insllicamunt2\/wp-content\/uploads\/usu1100\/2017\/01\/IMG_7051-200x150.jpg 200w\" sizes=\"auto, (max-width: 600px) 100vw, 600px\" \/><\/a><\/p>\n<p style=\"text-align: center;\"><strong><em>Lecanora sulphurea<\/em><\/strong>?<\/p>\n<p style=\"text-align: center;\">(Quadrat negre al mapa de distribuci\u00f3)<\/p>\n<p style=\"text-align: justify;\">La identificaci\u00f3 de l&#8217;exemplar de la seg\u00fcent fotografia no \u00e9s segura, per\u00f2 sembla coincidir amb les descripcions d&#8217;aquesta esp\u00e8cie, que creix habitualment en clima mediterrani sobre roques sil\u00edcies (en aquest cas, sobre quarsita). Es tracta d&#8217;un liquen crustaci.<\/p>\n<p style=\"text-align: center;\"><a href=\"http:\/\/agora.xtec.cat\/insllicamunt2\/wp-content\/uploads\/usu1100\/2017\/01\/IMG_7049.jpg\"><img loading=\"lazy\" decoding=\"async\" class=\"aligncenter size-full wp-image-5137\" src=\"http:\/\/agora.xtec.cat\/insllicamunt2\/wp-content\/uploads\/usu1100\/2017\/01\/IMG_7049.jpg\" alt=\"img_7049\" width=\"600\" height=\"450\" srcset=\"https:\/\/agora.xtec.cat\/insllicamunt2\/wp-content\/uploads\/usu1100\/2017\/01\/IMG_7049.jpg 600w, https:\/\/agora.xtec.cat\/insllicamunt2\/wp-content\/uploads\/usu1100\/2017\/01\/IMG_7049-300x225.jpg 300w, https:\/\/agora.xtec.cat\/insllicamunt2\/wp-content\/uploads\/usu1100\/2017\/01\/IMG_7049-200x150.jpg 200w\" sizes=\"auto, (max-width: 600px) 100vw, 600px\" \/><\/a><\/p>\n<p style=\"text-align: center;\"><strong><em>Candelariella aurella<br \/>\n<\/em><\/strong><\/p>\n<p style=\"text-align: center;\">(Quadrat vermell al mapa de distribuci\u00f3)<\/p>\n<p style=\"text-align: justify;\">La <em>Candelariella aurella<\/em> \u00e9s un liquen crustaci de color groc i del qual destaquen pr\u00e0cticament nom\u00e9s els apotecis. Habitualment es troba sobre roca o murs intensament afectats per l&#8217;acci\u00f3 humana.<\/p>\n<p style=\"text-align: center;\"><a href=\"http:\/\/agora.xtec.cat\/insllicamunt2\/wp-content\/uploads\/usu1100\/2017\/01\/IMG_7054.jpg\"><img loading=\"lazy\" decoding=\"async\" class=\"aligncenter size-full wp-image-5142\" src=\"http:\/\/agora.xtec.cat\/insllicamunt2\/wp-content\/uploads\/usu1100\/2017\/01\/IMG_7054.jpg\" alt=\"img_7054\" width=\"600\" height=\"450\" srcset=\"https:\/\/agora.xtec.cat\/insllicamunt2\/wp-content\/uploads\/usu1100\/2017\/01\/IMG_7054.jpg 600w, https:\/\/agora.xtec.cat\/insllicamunt2\/wp-content\/uploads\/usu1100\/2017\/01\/IMG_7054-300x225.jpg 300w, https:\/\/agora.xtec.cat\/insllicamunt2\/wp-content\/uploads\/usu1100\/2017\/01\/IMG_7054-200x150.jpg 200w\" sizes=\"auto, (max-width: 600px) 100vw, 600px\" \/><\/a><\/p>\n<p style=\"text-align: center;\"><strong><em>Incertae sedis<br \/>\n<\/em><\/strong><\/p>\n<p style=\"text-align: center;\">(Quadrat lila\u00a0al mapa de distribuci\u00f3)<\/p>\n<p style=\"text-align: justify;\">L&#8217;\u00faltim dels l\u00edquens descrits \u00e9s molt similar a <em>Candelariella aurella<\/em>, per\u00f2 de color gris\u00a0blav\u00f3s, i no hem pogut classificar-lo (en taxonomia s&#8217;utilitza l&#8217;expressi\u00f3 llatina &#8220;<em>Incertae sedis<\/em>&#8221; per a designar exemplars que no som capa\u00e7os de classificar amb certesa).<\/p>\n<p style=\"text-align: center;\"><a href=\"http:\/\/agora.xtec.cat\/insllicamunt2\/wp-content\/uploads\/usu1100\/2017\/01\/Watermarked82017-03-02-1314.jpg\"><img loading=\"lazy\" decoding=\"async\" class=\"aligncenter size-full wp-image-5130\" src=\"http:\/\/agora.xtec.cat\/insllicamunt2\/wp-content\/uploads\/usu1100\/2017\/01\/Watermarked82017-03-02-1314.jpg\" alt=\"watermarked82017-03-02-1314\" width=\"600\" height=\"450\" srcset=\"https:\/\/agora.xtec.cat\/insllicamunt2\/wp-content\/uploads\/usu1100\/2017\/01\/Watermarked82017-03-02-1314.jpg 600w, https:\/\/agora.xtec.cat\/insllicamunt2\/wp-content\/uploads\/usu1100\/2017\/01\/Watermarked82017-03-02-1314-300x225.jpg 300w, https:\/\/agora.xtec.cat\/insllicamunt2\/wp-content\/uploads\/usu1100\/2017\/01\/Watermarked82017-03-02-1314-200x150.jpg 200w\" sizes=\"auto, (max-width: 600px) 100vw, 600px\" \/><\/a><\/p>\n<p style=\"text-align: justify;\">Aix\u00ed, a partir de l&#8217;estudi preliminar, podem concloure que el Parc del Tenes \u00e9s una \u00e0rea verda for\u00e7a desnaturalitzada (amb forta intervenci\u00f3 humana) i sota els efectes de la contaminaci\u00f3 atmosf\u00e8rica, i en la que s&#8217;han pogut identificar fins a 8 esp\u00e8cies diferents de tal\u00b7lus foliaci i crustaci.<\/p>\n<p style=\"text-align: justify;\">Probablement la incorporaci\u00f3 al parc de m\u00e9s substrats diferents com roques tant sil\u00edcies com calc\u00e0ries, aix\u00ed com d&#8217;altres esp\u00e8cies d&#8217;arbres, afavoriria la colonitzaci\u00f3 de l&#8217;espai per m\u00e9s esp\u00e8cies de l\u00edquens.<\/p>\n<p style=\"text-align: justify;\">Refer\u00e8ncia bibliogr\u00e0fica:<\/p>\n<p style=\"text-align: justify;\">Wirth, V., D\u00fcll, R., Llimona, X., Ros, R.M. &amp; Werner, O. (2004): <em>Gu\u00eda de campo de los l\u00edquenes, musgos y hep\u00e1ticas<\/em>. Ed. Omega. Barcelona. 589 p.<\/p>\n","protected":false},"excerpt":{"rendered":"<p>Els alumnes de 1r d&#8217;ESO acaben d&#8217;estudiar els fongs (llevats, floridures, fongs que produeixen bolets&#8230;). Al laboratori han observat mitjan\u00e7ant el microscopi les espores de xampiny\u00f3 que han recollit al llarg d&#8217;una setmana, han cultivat llevats i floridures i els han observat tamb\u00e9 al microscopi,&hellip;  <a href=\"https:\/\/agora.xtec.cat\/insllicamunt2\/el-far-dhipatia\/grups\/cataloguem-liquens-al-tenes\/\" title=\"Read Cataloguem l\u00edquens al Tenes\">Llegeix m\u00e9s\u00bb<\/a><\/p>\n","protected":false},"author":225,"featured_media":5098,"comment_status":"open","ping_status":"open","sticky":false,"template":"","format":"standard","meta":{"_bbp_topic_count":0,"_bbp_reply_count":0,"_bbp_total_topic_count":0,"_bbp_total_reply_count":0,"_bbp_voice_count":0,"_bbp_anonymous_reply_count":0,"_bbp_topic_count_hidden":0,"_bbp_reply_count_hidden":0,"_bbp_forum_subforum_count":0,"footnotes":""},"categories":[4,94,800,99,347,1040,3,346,98,29,399],"tags":[834,806,1213,1436,694,368,932,849,1432,1415,955,1413,1414,954,1416,1434,899,108,1437,107,1435,1433],"class_list":["post-4996","post","type-post","status-publish","format-standard","has-post-thumbnail","hentry","category-1r-deso","category-activitats-fora-del-centre","category-apadrinem-el-riu-tenes","category-articles","category-biologia-i-geologia","category-el-far-dhipatia","category-grups","category-materies","category-noticies-breus","category-portada","category-projectes","tag-algues","tag-apadrinem-el-tenes","tag-biologia-i-geologia","tag-cartografia","tag-contaminacio","tag-ecologia","tag-fongs","tag-fungii","tag-icc","tag-indicador-ambiental","tag-institut-cartografic-de-catalunya","tag-liquen","tag-liquens","tag-mapa","tag-mediambient","tag-ortofotomapa","tag-protoctistes","tag-riu","tag-simbiosi","tag-tenes","tag-topografic","tag-vissir"],"post_mailing_queue_ids":[],"_links":{"self":[{"href":"https:\/\/agora.xtec.cat\/insllicamunt2\/wp-json\/wp\/v2\/posts\/4996","targetHints":{"allow":["GET"]}}],"collection":[{"href":"https:\/\/agora.xtec.cat\/insllicamunt2\/wp-json\/wp\/v2\/posts"}],"about":[{"href":"https:\/\/agora.xtec.cat\/insllicamunt2\/wp-json\/wp\/v2\/types\/post"}],"author":[{"embeddable":true,"href":"https:\/\/agora.xtec.cat\/insllicamunt2\/wp-json\/wp\/v2\/users\/225"}],"replies":[{"embeddable":true,"href":"https:\/\/agora.xtec.cat\/insllicamunt2\/wp-json\/wp\/v2\/comments?post=4996"}],"version-history":[{"count":3,"href":"https:\/\/agora.xtec.cat\/insllicamunt2\/wp-json\/wp\/v2\/posts\/4996\/revisions"}],"predecessor-version":[{"id":5178,"href":"https:\/\/agora.xtec.cat\/insllicamunt2\/wp-json\/wp\/v2\/posts\/4996\/revisions\/5178"}],"wp:featuredmedia":[{"embeddable":true,"href":"https:\/\/agora.xtec.cat\/insllicamunt2\/wp-json\/wp\/v2\/media\/5098"}],"wp:attachment":[{"href":"https:\/\/agora.xtec.cat\/insllicamunt2\/wp-json\/wp\/v2\/media?parent=4996"}],"wp:term":[{"taxonomy":"category","embeddable":true,"href":"https:\/\/agora.xtec.cat\/insllicamunt2\/wp-json\/wp\/v2\/categories?post=4996"},{"taxonomy":"post_tag","embeddable":true,"href":"https:\/\/agora.xtec.cat\/insllicamunt2\/wp-json\/wp\/v2\/tags?post=4996"}],"curies":[{"name":"wp","href":"https:\/\/api.w.org\/{rel}","templated":true}]}}