{"id":4833,"date":"2016-12-28T18:31:55","date_gmt":"2016-12-28T17:31:55","guid":{"rendered":"http:\/\/agora.xtec.cat\/insllicamunt2\/?p=4833"},"modified":"2017-01-23T12:16:23","modified_gmt":"2017-01-23T11:16:23","slug":"robots","status":"publish","type":"post","link":"https:\/\/agora.xtec.cat\/insllicamunt2\/el-far-dhipatia\/grups\/robots\/","title":{"rendered":"Robots"},"content":{"rendered":"<p style=\"text-align: justify;\">Aquest any, un cop m\u00e9s, a Llengua castellana i literatura, hem treballat el text instructiu. I per fer-ho hem creat un robot a partir de materials reciclables. Jo mateixa n&#8217;he fet un, al qual he anomenat Fred. Fred, en homenatge al magn\u00edfic ballar\u00ed Fred Astaire, amb l&#8217;esperan\u00e7a que algun dia aquest \u00e9sser de cart\u00f3 trenqui la seva immobilitat i faci honor al seu nom amb uns r\u00edtmics passos de claqu\u00e9.<\/p>\n<p><a href=\"http:\/\/agora.xtec.cat\/insllicamunt2\/wp-content\/uploads\/usu1100\/2016\/12\/Robots1rA.jpg\"><img loading=\"lazy\" decoding=\"async\" class=\"alignnone size-large wp-image-4834\" src=\"http:\/\/agora.xtec.cat\/insllicamunt2\/wp-content\/uploads\/usu1100\/2016\/12\/Robots1rA-1024x768.jpg\" alt=\"robots1ra\" width=\"1024\" height=\"768\" srcset=\"https:\/\/agora.xtec.cat\/insllicamunt2\/wp-content\/uploads\/usu1100\/2016\/12\/Robots1rA-1024x768.jpg 1024w, https:\/\/agora.xtec.cat\/insllicamunt2\/wp-content\/uploads\/usu1100\/2016\/12\/Robots1rA-300x225.jpg 300w, https:\/\/agora.xtec.cat\/insllicamunt2\/wp-content\/uploads\/usu1100\/2016\/12\/Robots1rA-768x576.jpg 768w, https:\/\/agora.xtec.cat\/insllicamunt2\/wp-content\/uploads\/usu1100\/2016\/12\/Robots1rA-200x150.jpg 200w\" sizes=\"auto, (max-width: 1024px) 100vw, 1024px\" \/><\/a><\/p>\n<p style=\"text-align: justify;\">Cada robot t\u00e9 una forma concreta, una diversitat de colors que el fan \u00fanic, i una expressi\u00f3 a la cara que li confereix una personalitat pr\u00f2pia. De manera que hi ha robots afables, robots esquius, tristos, alegres, i d&#8217;altres que, senzillament, mostren una actitud indiferent, relaxada, neutra.<\/p>\n<p><a href=\"http:\/\/agora.xtec.cat\/insllicamunt2\/wp-content\/uploads\/usu1100\/2016\/12\/Robots1rB.jpg\"><img loading=\"lazy\" decoding=\"async\" class=\"alignnone size-large wp-image-4835\" src=\"http:\/\/agora.xtec.cat\/insllicamunt2\/wp-content\/uploads\/usu1100\/2016\/12\/Robots1rB-1024x768.jpg\" alt=\"robots1rb\" width=\"1024\" height=\"768\" srcset=\"https:\/\/agora.xtec.cat\/insllicamunt2\/wp-content\/uploads\/usu1100\/2016\/12\/Robots1rB-1024x768.jpg 1024w, https:\/\/agora.xtec.cat\/insllicamunt2\/wp-content\/uploads\/usu1100\/2016\/12\/Robots1rB-300x225.jpg 300w, https:\/\/agora.xtec.cat\/insllicamunt2\/wp-content\/uploads\/usu1100\/2016\/12\/Robots1rB-768x576.jpg 768w, https:\/\/agora.xtec.cat\/insllicamunt2\/wp-content\/uploads\/usu1100\/2016\/12\/Robots1rB-200x150.jpg 200w\" sizes=\"auto, (max-width: 1024px) 100vw, 1024px\" \/><\/a><\/p>\n<p style=\"text-align: justify;\">Aquests robots tenen tamb\u00e9 la seva pr\u00f2pia biografia. Diuen que un d&#8217;ells \u00e9s un rei defenestrat que lluita per recuperar el seu tron manllevat. I que aquesta p\u00e8rdua l&#8217;ha ferit, per\u00f2 la seva ferida \u00e9s una ferida lluminosa, que l&#8217;ha convertit en un rei m\u00e9s hum\u00e0 i, per tant, m\u00e9s fort. I tamb\u00e9 que la robot amable de color malva amb gracioses antenes en forma d&#8217;espiral t\u00e9 la lloable missi\u00f3 de col\u00b7leccionar els somriures de la gent. Que els arreplega pacientment molt a prop del cor, de manera que li serveixen d&#8217;aixopluc els dies de pluja.<\/p>\n<p style=\"text-align: justify;\">Tamb\u00e9 se sap que el robot gris observa el m\u00f3n amb un ull de cada color per tenir-ne una visi\u00f3 m\u00e9s completa, amb un perspectivisme que l&#8217;allunya de caure en est\u00fapids prejudicis, convertint-se aix\u00ed en un robot savi. I que el robot ren est\u00e0 disposat a iniciar-se ja, de ben jove, en l&#8217;art de volar, deixant en l&#8217;aire uns subtils camins de plata semblants a les esteles que deixen els avions.<\/p>\n<p style=\"text-align: justify;\">Fins i tot, arriben not\u00edcies de dos poderosos robots que es van enfrontar per mesurar forces, l&#8217;un cridant que era el m\u00e9s fort amb la seva boca insondable i de dents esmolades i l&#8217;altre, protegit amb el seu blindatge de cart\u00f3, aixafant tot el que apareixia al seu pas, b\u00e0sicament dissortades formiguetes que es trobaven en el lloc i el moment inadequats. Per\u00f2 al cap d&#8217;una estona es van adonar de l&#8217;absurditat de la seva lluita, reconeixent l&#8217;inestimable valor de l&#8217;amistat.<\/p>\n<p><a href=\"http:\/\/agora.xtec.cat\/insllicamunt2\/wp-content\/uploads\/usu1100\/2016\/12\/Tanc-i-Rei-Destronat.jpg\"><img loading=\"lazy\" decoding=\"async\" class=\"alignnone size-large wp-image-4837\" src=\"http:\/\/agora.xtec.cat\/insllicamunt2\/wp-content\/uploads\/usu1100\/2016\/12\/Tanc-i-Rei-Destronat-1024x768.jpg\" alt=\"tanc-i-rei-destronat\" width=\"1024\" height=\"768\" srcset=\"https:\/\/agora.xtec.cat\/insllicamunt2\/wp-content\/uploads\/usu1100\/2016\/12\/Tanc-i-Rei-Destronat-1024x768.jpg 1024w, https:\/\/agora.xtec.cat\/insllicamunt2\/wp-content\/uploads\/usu1100\/2016\/12\/Tanc-i-Rei-Destronat-300x225.jpg 300w, https:\/\/agora.xtec.cat\/insllicamunt2\/wp-content\/uploads\/usu1100\/2016\/12\/Tanc-i-Rei-Destronat-768x576.jpg 768w, https:\/\/agora.xtec.cat\/insllicamunt2\/wp-content\/uploads\/usu1100\/2016\/12\/Tanc-i-Rei-Destronat-200x150.jpg 200w\" sizes=\"auto, (max-width: 1024px) 100vw, 1024px\" \/><\/a><\/p>\n<p style=\"text-align: justify;\">Igualment, es parla sobre la bella robot que carrega, engalanada amb un somriure etern, una caixa que hauria de ser la diposit\u00e0ria dels desitjos immaterials de la gent. Perqu\u00e8 dels desitjos materials, se n&#8217;encarrega el robot Papa Noel, el m\u00e9s gros de tots, el pare protector. Es veu que la bella robot i ell no es posaven d&#8217;acord sobre quina havia de ser la naturalesa dels regals que feien a la gent. I que, finalment, tots dos van arribar a la conclusi\u00f3 que all\u00f2 material i all\u00f2 immaterial havien de conviure junts, per establir aix\u00ed un equilibri perfecte. \u201cHi ha objectes materials que adquireixen un valor sentimental i esdevenen amb el temps records entranyables\u201d, va ser l&#8217;argument del robot pare, que la bella robot va acabar considerant irrefutable.<\/p>\n<p style=\"text-align: justify;\">I no \u00e9s parla menys sobre la m\u00e0gia dels petits robots, petits per\u00f2 molt entranyables, que poden ser utilitzats com a amulets, com el lleuger ninot de neu d&#8217;escuma flex que ens observa amb ulls innocents i els bra\u00e7os oberts o l&#8217;amor\u00f3s robot gat, que sol amagar-se a les butxaques dels nens i els adolescents a la recerca de caliu hum\u00e0.<\/p>\n<p style=\"text-align: justify;\">Faran realitat aquests robots els nostres desitjos materials i immaterials? Deixem que facin \u00fas de la seva m\u00e0gia. I nosaltres posem tamb\u00e9 de la nostra part, perqu\u00e8 \u00e9s treballant amb esfor\u00e7 que es construeixen els somnis.<\/p>\n<p>M.<\/p>\n","protected":false},"excerpt":{"rendered":"<p>Aquest any, un cop m\u00e9s, a Llengua castellana i literatura, hem treballat el text instructiu. I per fer-ho hem creat un robot a partir de materials reciclables. Jo mateixa n&#8217;he fet un, al qual he anomenat Fred. Fred, en homenatge al magn\u00edfic ballar\u00ed Fred Astaire,&hellip;  <a href=\"https:\/\/agora.xtec.cat\/insllicamunt2\/el-far-dhipatia\/grups\/robots\/\" title=\"Read Robots\">Llegeix m\u00e9s\u00bb<\/a><\/p>\n","protected":false},"author":251,"featured_media":4834,"comment_status":"open","ping_status":"open","sticky":false,"template":"","format":"standard","meta":{"_bbp_topic_count":0,"_bbp_reply_count":0,"_bbp_total_topic_count":0,"_bbp_total_reply_count":0,"_bbp_voice_count":0,"_bbp_anonymous_reply_count":0,"_bbp_topic_count_hidden":0,"_bbp_reply_count_hidden":0,"_bbp_forum_subforum_count":0,"footnotes":""},"categories":[4,93,101,99,348,1040,3,346,98,29],"tags":[901,1405],"class_list":["post-4833","post","type-post","status-publish","format-standard","has-post-thumbnail","hentry","category-1r-deso","category-activitats-daula","category-activitats-de-centre","category-articles","category-castella","category-el-far-dhipatia","category-grups","category-materies","category-noticies-breus","category-portada","tag-lengua-castellana","tag-robot"],"post_mailing_queue_ids":[],"_links":{"self":[{"href":"https:\/\/agora.xtec.cat\/insllicamunt2\/wp-json\/wp\/v2\/posts\/4833","targetHints":{"allow":["GET"]}}],"collection":[{"href":"https:\/\/agora.xtec.cat\/insllicamunt2\/wp-json\/wp\/v2\/posts"}],"about":[{"href":"https:\/\/agora.xtec.cat\/insllicamunt2\/wp-json\/wp\/v2\/types\/post"}],"author":[{"embeddable":true,"href":"https:\/\/agora.xtec.cat\/insllicamunt2\/wp-json\/wp\/v2\/users\/251"}],"replies":[{"embeddable":true,"href":"https:\/\/agora.xtec.cat\/insllicamunt2\/wp-json\/wp\/v2\/comments?post=4833"}],"version-history":[{"count":3,"href":"https:\/\/agora.xtec.cat\/insllicamunt2\/wp-json\/wp\/v2\/posts\/4833\/revisions"}],"predecessor-version":[{"id":4896,"href":"https:\/\/agora.xtec.cat\/insllicamunt2\/wp-json\/wp\/v2\/posts\/4833\/revisions\/4896"}],"wp:featuredmedia":[{"embeddable":true,"href":"https:\/\/agora.xtec.cat\/insllicamunt2\/wp-json\/wp\/v2\/media\/4834"}],"wp:attachment":[{"href":"https:\/\/agora.xtec.cat\/insllicamunt2\/wp-json\/wp\/v2\/media?parent=4833"}],"wp:term":[{"taxonomy":"category","embeddable":true,"href":"https:\/\/agora.xtec.cat\/insllicamunt2\/wp-json\/wp\/v2\/categories?post=4833"},{"taxonomy":"post_tag","embeddable":true,"href":"https:\/\/agora.xtec.cat\/insllicamunt2\/wp-json\/wp\/v2\/tags?post=4833"}],"curies":[{"name":"wp","href":"https:\/\/api.w.org\/{rel}","templated":true}]}}