{"id":4826,"date":"2016-12-21T22:17:00","date_gmt":"2016-12-21T21:17:00","guid":{"rendered":"http:\/\/agora.xtec.cat\/insllicamunt2\/?p=4826"},"modified":"2016-12-21T22:20:29","modified_gmt":"2016-12-21T21:20:29","slug":"gracies-bego-gracies-carme","status":"publish","type":"post","link":"https:\/\/agora.xtec.cat\/insllicamunt2\/el-far-dhipatia\/portada\/gracies-bego-gracies-carme\/","title":{"rendered":"Gr\u00e0cies, Bego, gr\u00e0cies, Carme."},"content":{"rendered":"<p style=\"text-align: justify;\">Les parets de l&#8217;Hip\u00e0tia respiren cada dia i aquestes \u00faltimes setmanes m\u00e9s que mai. Respiren acords, veus encara infantils buscant trobar-se en un \u00fanic espai, respiren entusiasme i nervis, respiren moviment, ritme, expressi\u00f3,&#8230;<\/p>\n<p style=\"text-align: justify;\">L&#8217;Hip\u00e0tia viu en les \u00e0nimes i en els cors de tots els que en formem part, convivim en aquest cam\u00ed que ens porta a la maduresa, en la travessia de la frustraci\u00f3 i de l&#8217;esperan\u00e7a, de les normes i la creativitat, de la rutina i els somnis. Ens equivoquem, sovint, \u00e9s cert, per\u00f2 de cada error busquem aprendre, ser millors persones, millors estudiants, millors professionals i aix\u00ed ho volem celebrar i gaudir durant la gala de Nadal.<\/p>\n<p style=\"text-align: center;\"><a href=\"http:\/\/agora.xtec.cat\/insllicamunt2\/wp-content\/uploads\/usu1100\/2016\/12\/1-1.jpg\"><img loading=\"lazy\" decoding=\"async\" class=\"aligncenter size-full wp-image-4827\" src=\"http:\/\/agora.xtec.cat\/insllicamunt2\/wp-content\/uploads\/usu1100\/2016\/12\/1-1.jpg\" alt=\"1\" width=\"600\" height=\"450\" srcset=\"https:\/\/agora.xtec.cat\/insllicamunt2\/wp-content\/uploads\/usu1100\/2016\/12\/1-1.jpg 600w, https:\/\/agora.xtec.cat\/insllicamunt2\/wp-content\/uploads\/usu1100\/2016\/12\/1-1-300x225.jpg 300w, https:\/\/agora.xtec.cat\/insllicamunt2\/wp-content\/uploads\/usu1100\/2016\/12\/1-1-200x150.jpg 200w\" sizes=\"auto, (max-width: 600px) 100vw, 600px\" \/><\/a><\/p>\n<p style=\"text-align: justify;\">Al llarg d&#8217;uns minuts gaudirem de les excel\u00b7l\u00e8ncies que ens ofereixen moltes hores d&#8217;esfor\u00e7 i dedicaci\u00f3. Aquest esfor\u00e7, per\u00f2, no neix del nores, sin\u00f3 la vocaci\u00f3 de dos professores a les que hem de donar una menci\u00f3 especial, la Bego i la Carme Sol\u00e9, que han fet que la gala de Nadal sigui una realitat, envaeixin tot l&#8217;espai d&#8217;il\u00b7lusi\u00f3 i somriures, arrosseguen amb alegria a l&#8217;escenari no nom\u00e9s els nois i noies, sin\u00f3 tamb\u00e9 als professors de l&#8217;institut, ambdues tenen la capacitat d&#8217;encomanar l&#8217;entusiasme i l&#8217;amor per l&#8217;expressi\u00f3 art\u00edstica. La perseveran\u00e7a, la positivitat, la superaci\u00f3, el rigor \u00e9s un regal que ens fan cada dia.<\/p>\n<p style=\"text-align: justify;\"><a href=\"http:\/\/agora.xtec.cat\/insllicamunt2\/wp-content\/uploads\/usu1100\/2016\/12\/2-1.jpg\"><img loading=\"lazy\" decoding=\"async\" class=\"aligncenter size-full wp-image-4828\" src=\"http:\/\/agora.xtec.cat\/insllicamunt2\/wp-content\/uploads\/usu1100\/2016\/12\/2-1.jpg\" alt=\"2\" width=\"600\" height=\"450\" srcset=\"https:\/\/agora.xtec.cat\/insllicamunt2\/wp-content\/uploads\/usu1100\/2016\/12\/2-1.jpg 600w, https:\/\/agora.xtec.cat\/insllicamunt2\/wp-content\/uploads\/usu1100\/2016\/12\/2-1-300x225.jpg 300w, https:\/\/agora.xtec.cat\/insllicamunt2\/wp-content\/uploads\/usu1100\/2016\/12\/2-1-200x150.jpg 200w\" sizes=\"auto, (max-width: 600px) 100vw, 600px\" \/><\/a><\/p>\n<p style=\"text-align: center;\">Gaudiu de la Gala, gaudiu dels companys. Bones festes i feli\u00e7 2017.<\/p>\n<p style=\"text-align: center;\"><a href=\"http:\/\/agora.xtec.cat\/insllicamunt2\/wp-content\/uploads\/usu1100\/2016\/12\/3-1.jpg\"><img loading=\"lazy\" decoding=\"async\" class=\"aligncenter size-full wp-image-4829\" src=\"http:\/\/agora.xtec.cat\/insllicamunt2\/wp-content\/uploads\/usu1100\/2016\/12\/3-1.jpg\" alt=\"3\" width=\"600\" height=\"600\" srcset=\"https:\/\/agora.xtec.cat\/insllicamunt2\/wp-content\/uploads\/usu1100\/2016\/12\/3-1.jpg 600w, https:\/\/agora.xtec.cat\/insllicamunt2\/wp-content\/uploads\/usu1100\/2016\/12\/3-1-150x150.jpg 150w, https:\/\/agora.xtec.cat\/insllicamunt2\/wp-content\/uploads\/usu1100\/2016\/12\/3-1-300x300.jpg 300w\" sizes=\"auto, (max-width: 600px) 100vw, 600px\" \/><\/a><\/p>\n","protected":false},"excerpt":{"rendered":"<p>Les parets de l&#8217;Hip\u00e0tia respiren cada dia i aquestes \u00faltimes setmanes m\u00e9s que mai. Respiren acords, veus encara infantils buscant trobar-se en un \u00fanic espai, respiren entusiasme i nervis, respiren moviment, ritme, expressi\u00f3,&#8230;<br \/>\nL&#8217;Hip\u00e0tia viu en les \u00e0nimes i en els cors de tots els que&hellip;  <a href=\"https:\/\/agora.xtec.cat\/insllicamunt2\/el-far-dhipatia\/portada\/gracies-bego-gracies-carme\/\" title=\"Read Gr\u00e0cies, Bego, gr\u00e0cies, Carme.\">Llegeix m\u00e9s\u00bb<\/a><\/p>\n","protected":false},"author":222,"featured_media":4827,"comment_status":"open","ping_status":"open","sticky":false,"template":"","format":"standard","meta":{"_bbp_topic_count":0,"_bbp_reply_count":0,"_bbp_total_topic_count":0,"_bbp_total_reply_count":0,"_bbp_voice_count":0,"_bbp_anonymous_reply_count":0,"_bbp_topic_count_hidden":0,"_bbp_reply_count_hidden":0,"_bbp_forum_subforum_count":0,"footnotes":""},"categories":[101,593,1040,98,29,97],"tags":[1393,1391,1392,1390],"class_list":["post-4826","post","type-post","status-publish","format-standard","has-post-thumbnail","hentry","category-activitats-de-centre","category-comunitat-educativa","category-el-far-dhipatia","category-noticies-breus","category-portada","category-premis-i-concursos","tag-agraiment","tag-bego","tag-carme","tag-gala-de-nadal"],"post_mailing_queue_ids":[],"_links":{"self":[{"href":"https:\/\/agora.xtec.cat\/insllicamunt2\/wp-json\/wp\/v2\/posts\/4826","targetHints":{"allow":["GET"]}}],"collection":[{"href":"https:\/\/agora.xtec.cat\/insllicamunt2\/wp-json\/wp\/v2\/posts"}],"about":[{"href":"https:\/\/agora.xtec.cat\/insllicamunt2\/wp-json\/wp\/v2\/types\/post"}],"author":[{"embeddable":true,"href":"https:\/\/agora.xtec.cat\/insllicamunt2\/wp-json\/wp\/v2\/users\/222"}],"replies":[{"embeddable":true,"href":"https:\/\/agora.xtec.cat\/insllicamunt2\/wp-json\/wp\/v2\/comments?post=4826"}],"version-history":[{"count":2,"href":"https:\/\/agora.xtec.cat\/insllicamunt2\/wp-json\/wp\/v2\/posts\/4826\/revisions"}],"predecessor-version":[{"id":4832,"href":"https:\/\/agora.xtec.cat\/insllicamunt2\/wp-json\/wp\/v2\/posts\/4826\/revisions\/4832"}],"wp:featuredmedia":[{"embeddable":true,"href":"https:\/\/agora.xtec.cat\/insllicamunt2\/wp-json\/wp\/v2\/media\/4827"}],"wp:attachment":[{"href":"https:\/\/agora.xtec.cat\/insllicamunt2\/wp-json\/wp\/v2\/media?parent=4826"}],"wp:term":[{"taxonomy":"category","embeddable":true,"href":"https:\/\/agora.xtec.cat\/insllicamunt2\/wp-json\/wp\/v2\/categories?post=4826"},{"taxonomy":"post_tag","embeddable":true,"href":"https:\/\/agora.xtec.cat\/insllicamunt2\/wp-json\/wp\/v2\/tags?post=4826"}],"curies":[{"name":"wp","href":"https:\/\/api.w.org\/{rel}","templated":true}]}}