{"id":4751,"date":"2016-11-29T12:58:23","date_gmt":"2016-11-29T11:58:23","guid":{"rendered":"http:\/\/agora.xtec.cat\/insllicamunt2\/?p=4751"},"modified":"2016-11-29T13:07:28","modified_gmt":"2016-11-29T12:07:28","slug":"katalepsis-casos-de-catalepsia","status":"publish","type":"post","link":"https:\/\/agora.xtec.cat\/insllicamunt2\/el-far-dhipatia\/grups\/katalepsis-casos-de-catalepsia\/","title":{"rendered":"Katalepsis. Casos de catal\u00e8psia"},"content":{"rendered":"<p style=\"text-align: justify;\">Els alumnes de 3rB estem comen\u00e7ant a llegir el llibre \u201cKatalepsis\u201d, de Maria Carme Roca, en el que el protagonista pateix catal\u00e8psia. Nosaltres hem volgut informar-nos una mica sobre aquesta malaltia i sobre les seves conseq\u00fc\u00e8ncies.<a href=\"http:\/\/agora.xtec.cat\/insllicamunt2\/wp-content\/uploads\/usu1100\/2016\/11\/Watermarked12016-11-29-1255.jpg\"><br \/>\n<\/a><\/p>\n<p style=\"text-align: center;\"><a href=\"http:\/\/agora.xtec.cat\/insllicamunt2\/wp-content\/uploads\/usu1100\/2016\/11\/Watermarked2016-11-29-1306.jpg\"><img loading=\"lazy\" decoding=\"async\" class=\"aligncenter size-full wp-image-4759\" src=\"http:\/\/agora.xtec.cat\/insllicamunt2\/wp-content\/uploads\/usu1100\/2016\/11\/Watermarked2016-11-29-1306.jpg\" alt=\"watermarked2016-11-29-1306\" width=\"600\" height=\"450\" srcset=\"https:\/\/agora.xtec.cat\/insllicamunt2\/wp-content\/uploads\/usu1100\/2016\/11\/Watermarked2016-11-29-1306.jpg 600w, https:\/\/agora.xtec.cat\/insllicamunt2\/wp-content\/uploads\/usu1100\/2016\/11\/Watermarked2016-11-29-1306-300x225.jpg 300w, https:\/\/agora.xtec.cat\/insllicamunt2\/wp-content\/uploads\/usu1100\/2016\/11\/Watermarked2016-11-29-1306-200x150.jpg 200w\" sizes=\"auto, (max-width: 600px) 100vw, 600px\" \/><\/a><\/p>\n<p style=\"text-align: justify;\"><strong>Qu\u00e8 \u00e9s la catal\u00e8psia?<\/strong><\/p>\n<p style=\"text-align: justify;\">La catal\u00e8psia \u00e9s una malaltia coneguda com tamb\u00e9 amb el nom de \u201cmort aparent\u201d, doncs el pacient pot presentar totes les caracter\u00edstiques de mort.\u00a0La persona que pateix aquesta malaltia pot estar inconscient o conscient (veure i escoltar el que succeeix al seu voltant), per\u00f2 sense poder reaccionar de cap manera minuts, hores o fins i tot dies.<\/p>\n<p style=\"text-align: center;\"><a href=\"http:\/\/agora.xtec.cat\/insllicamunt2\/wp-content\/uploads\/usu1100\/2016\/11\/Watermarked12016-11-29-1255.jpg\"><img loading=\"lazy\" decoding=\"async\" class=\"aligncenter size-full wp-image-4755\" src=\"http:\/\/agora.xtec.cat\/insllicamunt2\/wp-content\/uploads\/usu1100\/2016\/11\/Watermarked12016-11-29-1255.jpg\" alt=\"watermarked12016-11-29-1255\" width=\"600\" height=\"450\" srcset=\"https:\/\/agora.xtec.cat\/insllicamunt2\/wp-content\/uploads\/usu1100\/2016\/11\/Watermarked12016-11-29-1255.jpg 600w, https:\/\/agora.xtec.cat\/insllicamunt2\/wp-content\/uploads\/usu1100\/2016\/11\/Watermarked12016-11-29-1255-300x225.jpg 300w, https:\/\/agora.xtec.cat\/insllicamunt2\/wp-content\/uploads\/usu1100\/2016\/11\/Watermarked12016-11-29-1255-200x150.jpg 200w\" sizes=\"auto, (max-width: 600px) 100vw, 600px\" \/><\/a><\/p>\n<p style=\"text-align: justify;\"><strong>Causes de la Catal\u00e8psia<\/strong><\/p>\n<p style=\"text-align: justify;\">La catal\u00e8psia pot estar produ\u00efda per Parkinson, epil\u00e8psia, efectes de la coca\u00efna, esquizofrenia o d&#8217;altres patologies.<\/p>\n<p style=\"text-align: justify;\"><strong>S\u00edmptomes de catal\u00e8psia<\/strong><\/p>\n<p style=\"text-align: justify;\">Els s\u00edmptomes poden ser rigidesa corporal, on la persona no respon als est\u00edmuls, la respiraci\u00f3 i el pols es tornen molt lents i la pell es posa molt p\u00e0lida.\u00a0La suma de tots aquests simptomes\u00a0donen\u00a0la impressi\u00f3 d\u2019estar davant d\u2019un cad\u00e0ver.<\/p>\n<p style=\"text-align: justify;\"><strong>Casos de catal\u00e8psia<\/strong><\/p>\n<p style=\"text-align: justify;\">Fent una recerca a Google hem trobat molts casos de catal\u00e8psia, de persones enterrades vives. Volem compartir amb vosaltres dos d\u2019aquests casos:<\/p>\n<p style=\"text-align: justify;\">Al 1901, Madame Bobin, una dona embarassada, va arribar d\u2019\u00c0frica amb febre groga. Va ser traslladada a un hospital i va acabar \u201cmorint\u201d, va ser sepultada al cementiri de la fam\u00edlia. Una infermera els va dir als familiars de Madame que ella encara estava calenta i que els m\u00fasculs de l\u2019abdomen es van contraure quan el metge la va declarar morta. Despr\u00e9s d\u2019aquesta informaci\u00f3 el pare va demanar\u00a0l\u2019exhumaci\u00f3 del cad\u00e0ver. \u00a0Quan van obrir la tomba, tots van quedar horroritzats al veure que el nad\u00f3 va n\u00e9ixer a l\u2019interior del taud i que va morir junt amb la seva mare per asfixia.<\/p>\n<p style=\"text-align: center;\"><a href=\"http:\/\/agora.xtec.cat\/insllicamunt2\/wp-content\/uploads\/usu1100\/2016\/11\/Watermarked22016-11-29-1255.jpg\"><img loading=\"lazy\" decoding=\"async\" class=\"aligncenter size-full wp-image-4756\" src=\"http:\/\/agora.xtec.cat\/insllicamunt2\/wp-content\/uploads\/usu1100\/2016\/11\/Watermarked22016-11-29-1255.jpg\" alt=\"watermarked22016-11-29-1255\" width=\"600\" height=\"450\" srcset=\"https:\/\/agora.xtec.cat\/insllicamunt2\/wp-content\/uploads\/usu1100\/2016\/11\/Watermarked22016-11-29-1255.jpg 600w, https:\/\/agora.xtec.cat\/insllicamunt2\/wp-content\/uploads\/usu1100\/2016\/11\/Watermarked22016-11-29-1255-300x225.jpg 300w, https:\/\/agora.xtec.cat\/insllicamunt2\/wp-content\/uploads\/usu1100\/2016\/11\/Watermarked22016-11-29-1255-200x150.jpg 200w\" sizes=\"auto, (max-width: 600px) 100vw, 600px\" \/><\/a><\/p>\n<p style=\"text-align: justify;\">Al novembre de 2009, una dona va entrar en coma a\u00a0un hospital de Tun\u00edsia. Els metges la van declarar morta i r\u00e0pidament els seus familiars van organitzar les tradicions funer\u00e0ries musulmanes. Minuts despr\u00e9s que el funeral acab\u00e9s, dos ases es van apropar a la tomba i hi van romandre estampant les seves potes contra el terra. Una amiga de la dona morta va anar a foragitar\u00a0els animals. Quan va ser\u00a0a prop, va escoltar crits que provenien del terra, va avisar als familiars i van desenterrar a la dona. Afortunadament, la dona catal\u00e8ptica\u00a0va sobreviure despr\u00e9s de passar dues hores sota terra.<\/p>\n<p style=\"text-align: justify;\">Aquest article ha estat elaborat per l&#8217;Aida S\u00e1nchez i la Queralt Vaca.<\/p>\n","protected":false},"excerpt":{"rendered":"<p>Els alumnes de 3rB estem comen\u00e7ant a llegir el llibre \u201cKatalepsis\u201d, de Maria Carme Roca, en el que el protagonista pateix catal\u00e8psia. Nosaltres hem volgut informar-nos una mica sobre aquesta malaltia i sobre les seves conseq\u00fc\u00e8ncies.<a href=\"http:\/\/agora.xtec.cat\/insllicamunt2\/wp-content\/uploads\/usu1100\/2016\/11\/Watermarked12016-11-29-1255.jpg\"><br \/>\n<\/a><br \/>\n<a href=\"http:\/\/agora.xtec.cat\/insllicamunt2\/wp-content\/uploads\/usu1100\/2016\/11\/Watermarked2016-11-29-1306.jpg\"><\/a><br \/>\nQu\u00e8 \u00e9s la catal\u00e8psia?<br \/>\nLa catal\u00e8psia \u00e9s una malaltia&hellip;  <a href=\"https:\/\/agora.xtec.cat\/insllicamunt2\/el-far-dhipatia\/grups\/katalepsis-casos-de-catalepsia\/\" title=\"Read Katalepsis. Casos de catal\u00e8psia\">Llegeix m\u00e9s\u00bb<\/a><\/p>\n","protected":false},"author":276,"featured_media":4755,"comment_status":"open","ping_status":"open","sticky":false,"template":"","format":"standard","meta":{"_bbp_topic_count":0,"_bbp_reply_count":0,"_bbp_total_topic_count":0,"_bbp_total_reply_count":0,"_bbp_voice_count":0,"_bbp_anonymous_reply_count":0,"_bbp_topic_count_hidden":0,"_bbp_reply_count_hidden":0,"_bbp_forum_subforum_count":0,"footnotes":""},"categories":[6,93,408,99,401,1040,3,98,29],"tags":[1374,61,59],"class_list":["post-4751","post","type-post","status-publish","format-standard","has-post-thumbnail","hentry","category-3r-deso","category-activitats-daula","category-al-voltant-de-la-lectura","category-articles","category-la-biblioteca-dalexandria","category-el-far-dhipatia","category-grups","category-noticies-breus","category-portada","tag-catalepsis","tag-lectura","tag-plec"],"post_mailing_queue_ids":[],"_links":{"self":[{"href":"https:\/\/agora.xtec.cat\/insllicamunt2\/wp-json\/wp\/v2\/posts\/4751","targetHints":{"allow":["GET"]}}],"collection":[{"href":"https:\/\/agora.xtec.cat\/insllicamunt2\/wp-json\/wp\/v2\/posts"}],"about":[{"href":"https:\/\/agora.xtec.cat\/insllicamunt2\/wp-json\/wp\/v2\/types\/post"}],"author":[{"embeddable":true,"href":"https:\/\/agora.xtec.cat\/insllicamunt2\/wp-json\/wp\/v2\/users\/276"}],"replies":[{"embeddable":true,"href":"https:\/\/agora.xtec.cat\/insllicamunt2\/wp-json\/wp\/v2\/comments?post=4751"}],"version-history":[{"count":3,"href":"https:\/\/agora.xtec.cat\/insllicamunt2\/wp-json\/wp\/v2\/posts\/4751\/revisions"}],"predecessor-version":[{"id":4760,"href":"https:\/\/agora.xtec.cat\/insllicamunt2\/wp-json\/wp\/v2\/posts\/4751\/revisions\/4760"}],"wp:featuredmedia":[{"embeddable":true,"href":"https:\/\/agora.xtec.cat\/insllicamunt2\/wp-json\/wp\/v2\/media\/4755"}],"wp:attachment":[{"href":"https:\/\/agora.xtec.cat\/insllicamunt2\/wp-json\/wp\/v2\/media?parent=4751"}],"wp:term":[{"taxonomy":"category","embeddable":true,"href":"https:\/\/agora.xtec.cat\/insllicamunt2\/wp-json\/wp\/v2\/categories?post=4751"},{"taxonomy":"post_tag","embeddable":true,"href":"https:\/\/agora.xtec.cat\/insllicamunt2\/wp-json\/wp\/v2\/tags?post=4751"}],"curies":[{"name":"wp","href":"https:\/\/api.w.org\/{rel}","templated":true}]}}