{"id":474,"date":"2015-05-06T19:25:08","date_gmt":"2015-05-06T18:25:08","guid":{"rendered":"http:\/\/agora.xtec.cat\/insllicamunt2\/?p=474"},"modified":"2016-05-09T10:58:01","modified_gmt":"2016-05-09T09:58:01","slug":"el-video-de-sant-jordi-2015","status":"publish","type":"post","link":"https:\/\/agora.xtec.cat\/insllicamunt2\/el-far-dhipatia\/grups\/el-video-de-sant-jordi-2015\/","title":{"rendered":"El v\u00eddeo de Sant Jordi 2015"},"content":{"rendered":"<p style=\"text-align: justify;\">El v\u00eddeo de Sant Jordi 2015 ja \u00e9s aqu\u00ed i l&#8217;espera ha valgut realment la pena: els preparatius, els tallers, l&#8217;esmorzar de germanor, la Gran Gala&#8230;<\/p>\n<p style=\"text-align: center;\"><iframe loading=\"lazy\" src=\"https:\/\/www.youtube-nocookie.com\/embed\/3S-oyCf3P1Q?rel=0&amp;controls=0&amp;showinfo=0\" width=\"600\" height=\"450\" frameborder=\"0\" allowfullscreen=\"allowfullscreen\"><\/iframe><\/p>\n<p style=\"text-align: center;\">\u00a0Gr\u00e0cies, Albert!<\/p>\n","protected":false},"excerpt":{"rendered":"<p>El v\u00eddeo de Sant Jordi 2015 ja \u00e9s aqu\u00ed i l&#8217;espera ha valgut realment la pena: els preparatius, els tallers, l&#8217;esmorzar de germanor, la Gran Gala&#8230;<\/p>\n<p>\u00a0Gr\u00e0cies, Albert!<\/p>\n","protected":false},"author":1,"featured_media":452,"comment_status":"open","ping_status":"open","sticky":false,"template":"","format":"standard","meta":{"_bbp_topic_count":0,"_bbp_reply_count":0,"_bbp_total_topic_count":0,"_bbp_total_reply_count":0,"_bbp_voice_count":0,"_bbp_anonymous_reply_count":0,"_bbp_topic_count_hidden":0,"_bbp_reply_count_hidden":0,"_bbp_forum_subforum_count":0,"footnotes":""},"categories":[4,5,6,7,3,98,29],"tags":[141,146,100,159],"class_list":["post-474","post","type-post","status-publish","format-standard","has-post-thumbnail","hentry","category-1r-deso","category-2n-deso","category-3r-deso","category-4t-deso","category-grups","category-noticies-breus","category-portada","tag-141","tag-gran-gala","tag-sant-jordi","tag-video"],"post_mailing_queue_ids":[],"_links":{"self":[{"href":"https:\/\/agora.xtec.cat\/insllicamunt2\/wp-json\/wp\/v2\/posts\/474","targetHints":{"allow":["GET"]}}],"collection":[{"href":"https:\/\/agora.xtec.cat\/insllicamunt2\/wp-json\/wp\/v2\/posts"}],"about":[{"href":"https:\/\/agora.xtec.cat\/insllicamunt2\/wp-json\/wp\/v2\/types\/post"}],"author":[{"embeddable":true,"href":"https:\/\/agora.xtec.cat\/insllicamunt2\/wp-json\/wp\/v2\/users\/1"}],"replies":[{"embeddable":true,"href":"https:\/\/agora.xtec.cat\/insllicamunt2\/wp-json\/wp\/v2\/comments?post=474"}],"version-history":[{"count":3,"href":"https:\/\/agora.xtec.cat\/insllicamunt2\/wp-json\/wp\/v2\/posts\/474\/revisions"}],"predecessor-version":[{"id":507,"href":"https:\/\/agora.xtec.cat\/insllicamunt2\/wp-json\/wp\/v2\/posts\/474\/revisions\/507"}],"wp:featuredmedia":[{"embeddable":true,"href":"https:\/\/agora.xtec.cat\/insllicamunt2\/wp-json\/wp\/v2\/media\/452"}],"wp:attachment":[{"href":"https:\/\/agora.xtec.cat\/insllicamunt2\/wp-json\/wp\/v2\/media?parent=474"}],"wp:term":[{"taxonomy":"category","embeddable":true,"href":"https:\/\/agora.xtec.cat\/insllicamunt2\/wp-json\/wp\/v2\/categories?post=474"},{"taxonomy":"post_tag","embeddable":true,"href":"https:\/\/agora.xtec.cat\/insllicamunt2\/wp-json\/wp\/v2\/tags?post=474"}],"curies":[{"name":"wp","href":"https:\/\/api.w.org\/{rel}","templated":true}]}}