{"id":4716,"date":"2016-11-26T12:30:25","date_gmt":"2016-11-26T11:30:25","guid":{"rendered":"http:\/\/agora.xtec.cat\/insllicamunt2\/?p=4716"},"modified":"2016-11-29T07:27:10","modified_gmt":"2016-11-29T06:27:10","slug":"que-es-la-katalepsia","status":"publish","type":"post","link":"https:\/\/agora.xtec.cat\/insllicamunt2\/el-far-dhipatia\/grups\/3r-deso\/que-es-la-katalepsia\/","title":{"rendered":"Qu\u00e8 \u00e9s la Katal\u00e8psia?"},"content":{"rendered":"<p style=\"text-align: justify;\">La Natalia Garc\u00eda, la Irene Rojo, la Paula Castillo i el Juli\u00e0 Maldonado de 3r A ens han fet la ressenya del primer llibre llegit al PLEC i ens han donat la seva opini\u00f3 de la lectura.<\/p>\n<p style=\"text-align: center;\"><a href=\"http:\/\/agora.xtec.cat\/insllicamunt2\/wp-content\/uploads\/usu1100\/2016\/11\/portadaK.jpg\"><img loading=\"lazy\" decoding=\"async\" class=\"aligncenter size-full wp-image-4719\" src=\"http:\/\/agora.xtec.cat\/insllicamunt2\/wp-content\/uploads\/usu1100\/2016\/11\/portadaK.jpg\" alt=\"portada_katalepsis\" width=\"450\" height=\"600\" srcset=\"https:\/\/agora.xtec.cat\/insllicamunt2\/wp-content\/uploads\/usu1100\/2016\/11\/portadaK.jpg 450w, https:\/\/agora.xtec.cat\/insllicamunt2\/wp-content\/uploads\/usu1100\/2016\/11\/portadaK-225x300.jpg 225w\" sizes=\"auto, (max-width: 450px) 100vw, 450px\" \/><\/a><\/p>\n<p style=\"text-align: justify;\">&#8220;El llibre <i>Katal\u00e8psis<\/i> l\u2019ha escrit Maria Carme Roca. Va n\u00e9ixer a Barcelona al 1955, \u00e9s una de les autores de m\u00e9s \u00e8xit i m\u00e9s prol\u00edfiques de la literatura catalana actual, amb m\u00e9s de 40 obres publicades des del 1997. Entre altres premis, ha obtingut el Joaquim Ruyra per <em>Katal\u00e8psis<\/em>.<\/p>\n<p style=\"text-align: justify;\">\u00c9s un llibre de g\u00e8nere de ficci\u00f3 destinat als adolescents. La seva editorial \u00e9s la galera i \u00e9s dins de la col\u00b7lecci\u00f3 Lluna Roja i el seu any de publicaci\u00f3 \u00e9s del 2013.<\/p>\n<p style=\"text-align: justify;\">\u00c9s una obra bastant actual.<\/p>\n<p style=\"text-align: justify;\">La hist\u00f2ria tracta d\u2019un noi, l\u2019\u00c8ric, que pateix catal\u00e8psia, que \u00e9s una malaltia que et paralitza, com si estiguessis mort, per\u00f2 que et mant\u00e9 conscient. Ell i el seu amic Gerard, fan servir aquesta malaltia per buscar baralles a les sortides de les discoteques, esnifant coca\u00efna, provoca atacs i fingeix la mort, i ho fa amb el Gerard que sap el que ha de fer.<\/p>\n<p style=\"text-align: justify;\">A l\u2019institut, comen\u00e7a a tenir problemes amb amics i companys, per\u00f2 un esdeveniment causar\u00e0 rebombori&#8230;<\/p>\n<p style=\"text-align: justify;\">Quan hem llegit aquesta obra hem viscut noves sensacions com per exemple la intriga. Tamb\u00e9 hem apr\u00e8s qu\u00e8 \u00e9s la <i>Catal\u00e8psia:<\/i> que hem de pensar abans de fer les coses, i si les fem, hem de saber el risc que hi ha, que no tothom \u00e9s com nosaltres, ni tenen una fam\u00edlia que es preocupa per ells&#8230;<\/p>\n<p style=\"text-align: justify;\">No podem comparar amb altres obres del mateix tema perqu\u00e8 no les hem llegides.<\/p>\n<p style=\"text-align: justify;\">Segons el nostre punt de vista, la hist\u00f2ria \u00e9s molt creativa, per\u00f2 es fa una mica pesada de llegir a classe ja que hi ha diferents ritmes de lectura.&#8221;<\/p>\n<p style=\"text-align: justify;\">Esperem els comentaris de la resta d\u2019alumnes de 3r amb les vostres valoracions!<\/p>\n<p style=\"text-align: center;\"><a href=\"http:\/\/agora.xtec.cat\/insllicamunt2\/wp-content\/uploads\/usu1100\/2016\/11\/grupK1.jpg\"><img loading=\"lazy\" decoding=\"async\" class=\"aligncenter size-full wp-image-4720\" src=\"http:\/\/agora.xtec.cat\/insllicamunt2\/wp-content\/uploads\/usu1100\/2016\/11\/grupK1.jpg\" alt=\"grup_3A1\" width=\"600\" height=\"450\" srcset=\"https:\/\/agora.xtec.cat\/insllicamunt2\/wp-content\/uploads\/usu1100\/2016\/11\/grupK1.jpg 600w, https:\/\/agora.xtec.cat\/insllicamunt2\/wp-content\/uploads\/usu1100\/2016\/11\/grupK1-300x225.jpg 300w, https:\/\/agora.xtec.cat\/insllicamunt2\/wp-content\/uploads\/usu1100\/2016\/11\/grupK1-200x150.jpg 200w\" sizes=\"auto, (max-width: 600px) 100vw, 600px\" \/><\/a><\/p>\n","protected":false},"excerpt":{"rendered":"<p>La Natalia Garc\u00eda, la Irene Rojo, la Paula Castillo i el Juli\u00e0 Maldonado de 3r A ens han fet la ressenya del primer llibre llegit al PLEC i ens han donat la seva opini\u00f3 de la lectura.<br \/>\n<a href=\"http:\/\/agora.xtec.cat\/insllicamunt2\/wp-content\/uploads\/usu1100\/2016\/11\/portadaK.jpg\"><\/a><br \/>\n&#8220;El llibre Katal\u00e8psis l\u2019ha escrit Maria Carme Roca.&hellip;  <a href=\"https:\/\/agora.xtec.cat\/insllicamunt2\/el-far-dhipatia\/grups\/3r-deso\/que-es-la-katalepsia\/\" title=\"Read Qu\u00e8 \u00e9s la Katal\u00e8psia?\">Llegeix m\u00e9s\u00bb<\/a><\/p>\n","protected":false},"author":242,"featured_media":4721,"comment_status":"open","ping_status":"open","sticky":false,"template":"","format":"standard","meta":{"_bbp_topic_count":0,"_bbp_reply_count":0,"_bbp_total_topic_count":0,"_bbp_total_reply_count":0,"_bbp_voice_count":0,"_bbp_anonymous_reply_count":0,"_bbp_topic_count_hidden":0,"_bbp_reply_count_hidden":0,"_bbp_forum_subforum_count":0,"footnotes":""},"categories":[6,93,408,99,401,349,1040,409,98,29,361],"tags":[854,913,965,672,1357,61,59,1358],"class_list":["post-4716","post","type-post","status-publish","format-standard","has-post-thumbnail","hentry","category-3r-deso","category-activitats-daula","category-al-voltant-de-la-lectura","category-articles","category-la-biblioteca-dalexandria","category-catala","category-el-far-dhipatia","category-lectura-recomanada","category-noticies-breus","category-portada","category-tutoria","tag-3r-deso","tag-al-voltant-de-la-lectura","tag-biblioteca-dalexandria","tag-gust-per-la-lectura","tag-katalepsis","tag-lectura","tag-plec","tag-ressenya"],"post_mailing_queue_ids":[],"_links":{"self":[{"href":"https:\/\/agora.xtec.cat\/insllicamunt2\/wp-json\/wp\/v2\/posts\/4716","targetHints":{"allow":["GET"]}}],"collection":[{"href":"https:\/\/agora.xtec.cat\/insllicamunt2\/wp-json\/wp\/v2\/posts"}],"about":[{"href":"https:\/\/agora.xtec.cat\/insllicamunt2\/wp-json\/wp\/v2\/types\/post"}],"author":[{"embeddable":true,"href":"https:\/\/agora.xtec.cat\/insllicamunt2\/wp-json\/wp\/v2\/users\/242"}],"replies":[{"embeddable":true,"href":"https:\/\/agora.xtec.cat\/insllicamunt2\/wp-json\/wp\/v2\/comments?post=4716"}],"version-history":[{"count":3,"href":"https:\/\/agora.xtec.cat\/insllicamunt2\/wp-json\/wp\/v2\/posts\/4716\/revisions"}],"predecessor-version":[{"id":4730,"href":"https:\/\/agora.xtec.cat\/insllicamunt2\/wp-json\/wp\/v2\/posts\/4716\/revisions\/4730"}],"wp:featuredmedia":[{"embeddable":true,"href":"https:\/\/agora.xtec.cat\/insllicamunt2\/wp-json\/wp\/v2\/media\/4721"}],"wp:attachment":[{"href":"https:\/\/agora.xtec.cat\/insllicamunt2\/wp-json\/wp\/v2\/media?parent=4716"}],"wp:term":[{"taxonomy":"category","embeddable":true,"href":"https:\/\/agora.xtec.cat\/insllicamunt2\/wp-json\/wp\/v2\/categories?post=4716"},{"taxonomy":"post_tag","embeddable":true,"href":"https:\/\/agora.xtec.cat\/insllicamunt2\/wp-json\/wp\/v2\/tags?post=4716"}],"curies":[{"name":"wp","href":"https:\/\/api.w.org\/{rel}","templated":true}]}}