{"id":4698,"date":"2016-11-23T12:18:11","date_gmt":"2016-11-23T11:18:11","guid":{"rendered":"http:\/\/agora.xtec.cat\/insllicamunt2\/?p=4698"},"modified":"2016-11-24T12:24:35","modified_gmt":"2016-11-24T11:24:35","slug":"qui-son-els-6-candidats","status":"publish","type":"post","link":"https:\/\/agora.xtec.cat\/insllicamunt2\/el-far-dhipatia\/grups\/qui-son-els-6-candidats\/","title":{"rendered":"Qui s\u00f3n els 6 candidats dels alumnes?"},"content":{"rendered":"<p style=\"text-align: justify;\">Els candidats que s&#8217;han presentat per a representar els alumnes al Consell Escolar en aquesta convocat\u00f2ria electoral s\u00f3n 6 i hi estan representats tots els cursos.<\/p>\n<p style=\"text-align: justify;\">A continuaci\u00f3 els podeu tornar a veure. Estan ordenats per curs i edat.<\/p>\n<p><a href=\"http:\/\/agora.xtec.cat\/insllicamunt2\/wp-content\/uploads\/usu1100\/2016\/11\/alex-g.jpg\"><img loading=\"lazy\" decoding=\"async\" class=\"size-full wp-image-4699 alignleft\" src=\"http:\/\/agora.xtec.cat\/insllicamunt2\/wp-content\/uploads\/usu1100\/2016\/11\/alex-g.jpg\" alt=\"alex-g\" width=\"480\" height=\"640\" srcset=\"https:\/\/agora.xtec.cat\/insllicamunt2\/wp-content\/uploads\/usu1100\/2016\/11\/alex-g.jpg 480w, https:\/\/agora.xtec.cat\/insllicamunt2\/wp-content\/uploads\/usu1100\/2016\/11\/alex-g-225x300.jpg 225w\" sizes=\"auto, (max-width: 480px) 100vw, 480px\" \/><\/a><\/p>\n<p>&nbsp;<\/p>\n<p>Ell \u00e9s l&#8217;\u00c0lex G\u00f3mez i \u00e9s de 1rA.<\/p>\n<p>&nbsp;<\/p>\n<p>&nbsp;<\/p>\n<p>&nbsp;<\/p>\n<p>&nbsp;<\/p>\n<p>&nbsp;<\/p>\n<p>&nbsp;<\/p>\n<p>&nbsp;<\/p>\n<p>&nbsp;<\/p>\n<p>&nbsp;<\/p>\n<p>&nbsp;<\/p>\n<p>&nbsp;<\/p>\n<p>&nbsp;<\/p>\n<p><a href=\"http:\/\/agora.xtec.cat\/insllicamunt2\/wp-content\/uploads\/usu1100\/2016\/11\/nuria.jpg\"><img loading=\"lazy\" decoding=\"async\" class=\"size-full wp-image-4700 alignleft\" src=\"http:\/\/agora.xtec.cat\/insllicamunt2\/wp-content\/uploads\/usu1100\/2016\/11\/nuria.jpg\" alt=\"nuria\" width=\"480\" height=\"640\" srcset=\"https:\/\/agora.xtec.cat\/insllicamunt2\/wp-content\/uploads\/usu1100\/2016\/11\/nuria.jpg 480w, https:\/\/agora.xtec.cat\/insllicamunt2\/wp-content\/uploads\/usu1100\/2016\/11\/nuria-225x300.jpg 225w\" sizes=\"auto, (max-width: 480px) 100vw, 480px\" \/><\/a><\/p>\n<p>&nbsp;<\/p>\n<p>Ella \u00e9s la N\u00faria Sa\u00f1\u00e9 i \u00e9s de 1rB.<\/p>\n<p>&nbsp;<\/p>\n<p>&nbsp;<\/p>\n<p>&nbsp;<\/p>\n<p>&nbsp;<\/p>\n<p>&nbsp;<\/p>\n<p>&nbsp;<\/p>\n<p>&nbsp;<\/p>\n<p>&nbsp;<\/p>\n<p>&nbsp;<\/p>\n<p>&nbsp;<\/p>\n<p>&nbsp;<\/p>\n<p>&nbsp;<\/p>\n<p><a href=\"http:\/\/agora.xtec.cat\/insllicamunt2\/wp-content\/uploads\/usu1100\/2016\/11\/alex-r.jpg\"><img loading=\"lazy\" decoding=\"async\" class=\"size-full wp-image-4701 alignleft\" src=\"http:\/\/agora.xtec.cat\/insllicamunt2\/wp-content\/uploads\/usu1100\/2016\/11\/alex-r.jpg\" alt=\"alex-r\" width=\"480\" height=\"640\" srcset=\"https:\/\/agora.xtec.cat\/insllicamunt2\/wp-content\/uploads\/usu1100\/2016\/11\/alex-r.jpg 480w, https:\/\/agora.xtec.cat\/insllicamunt2\/wp-content\/uploads\/usu1100\/2016\/11\/alex-r-225x300.jpg 225w\" sizes=\"auto, (max-width: 480px) 100vw, 480px\" \/><\/a><\/p>\n<p>&nbsp;<\/p>\n<p>Ell \u00e9s l&#8217;\u00c0lex Rodr\u00edguez i \u00e9s de 2nA.<\/p>\n<p>&nbsp;<\/p>\n<p>&nbsp;<\/p>\n<p>&nbsp;<\/p>\n<p>&nbsp;<\/p>\n<p>&nbsp;<\/p>\n<p>&nbsp;<\/p>\n<p>&nbsp;<\/p>\n<p>&nbsp;<\/p>\n<p>&nbsp;<\/p>\n<p>&nbsp;<\/p>\n<p>&nbsp;<\/p>\n<p>&nbsp;<\/p>\n<p><a href=\"http:\/\/agora.xtec.cat\/insllicamunt2\/wp-content\/uploads\/usu1100\/2016\/11\/paula-r.jpg\"><img loading=\"lazy\" decoding=\"async\" class=\"size-full wp-image-4702 alignleft\" src=\"http:\/\/agora.xtec.cat\/insllicamunt2\/wp-content\/uploads\/usu1100\/2016\/11\/paula-r.jpg\" alt=\"paula-r\" width=\"480\" height=\"640\" srcset=\"https:\/\/agora.xtec.cat\/insllicamunt2\/wp-content\/uploads\/usu1100\/2016\/11\/paula-r.jpg 480w, https:\/\/agora.xtec.cat\/insllicamunt2\/wp-content\/uploads\/usu1100\/2016\/11\/paula-r-225x300.jpg 225w\" sizes=\"auto, (max-width: 480px) 100vw, 480px\" \/><\/a><\/p>\n<p>&nbsp;<\/p>\n<p>Ella \u00e9s la Paula Rodr\u00edguez i tamb\u00e9 \u00e9s de 2nA.<\/p>\n<p>&nbsp;<\/p>\n<p>&nbsp;<\/p>\n<p>&nbsp;<\/p>\n<p>&nbsp;<\/p>\n<p>&nbsp;<\/p>\n<p>&nbsp;<\/p>\n<p>&nbsp;<\/p>\n<p>&nbsp;<\/p>\n<p>&nbsp;<\/p>\n<p>&nbsp;<\/p>\n<p>&nbsp;<\/p>\n<p>&nbsp;<\/p>\n<p><a href=\"http:\/\/agora.xtec.cat\/insllicamunt2\/wp-content\/uploads\/usu1100\/2016\/11\/anna-r.jpg\"><img loading=\"lazy\" decoding=\"async\" class=\"size-full wp-image-4703 alignleft\" src=\"http:\/\/agora.xtec.cat\/insllicamunt2\/wp-content\/uploads\/usu1100\/2016\/11\/anna-r.jpg\" alt=\"anna-r\" width=\"480\" height=\"640\" srcset=\"https:\/\/agora.xtec.cat\/insllicamunt2\/wp-content\/uploads\/usu1100\/2016\/11\/anna-r.jpg 480w, https:\/\/agora.xtec.cat\/insllicamunt2\/wp-content\/uploads\/usu1100\/2016\/11\/anna-r-225x300.jpg 225w\" sizes=\"auto, (max-width: 480px) 100vw, 480px\" \/><\/a><\/p>\n<p>&nbsp;<\/p>\n<p>Ella \u00e9s l&#8217;Anna Rodr\u00edguez de 3rA.<\/p>\n<p>&nbsp;<\/p>\n<p>&nbsp;<\/p>\n<p>&nbsp;<\/p>\n<p>&nbsp;<\/p>\n<p>&nbsp;<\/p>\n<p>&nbsp;<\/p>\n<p>&nbsp;<\/p>\n<p>&nbsp;<\/p>\n<p>&nbsp;<\/p>\n<p>&nbsp;<\/p>\n<p>&nbsp;<\/p>\n<p>&nbsp;<\/p>\n<p><a href=\"http:\/\/agora.xtec.cat\/insllicamunt2\/wp-content\/uploads\/usu1100\/2016\/11\/elsa.jpg\"><img loading=\"lazy\" decoding=\"async\" class=\"size-full wp-image-4704 alignleft\" src=\"http:\/\/agora.xtec.cat\/insllicamunt2\/wp-content\/uploads\/usu1100\/2016\/11\/elsa.jpg\" alt=\"elsa\" width=\"480\" height=\"640\" srcset=\"https:\/\/agora.xtec.cat\/insllicamunt2\/wp-content\/uploads\/usu1100\/2016\/11\/elsa.jpg 480w, https:\/\/agora.xtec.cat\/insllicamunt2\/wp-content\/uploads\/usu1100\/2016\/11\/elsa-225x300.jpg 225w\" sizes=\"auto, (max-width: 480px) 100vw, 480px\" \/><\/a><\/p>\n<p>&nbsp;<\/p>\n<p>I ella, l&#8217;Elsa Curado de 4tB.<\/p>\n<p>&nbsp;<\/p>\n<p>&nbsp;<\/p>\n<p>&nbsp;<\/p>\n<p>&nbsp;<\/p>\n<p>&nbsp;<\/p>\n<p>&nbsp;<\/p>\n<p>&nbsp;<\/p>\n<p>&nbsp;<\/p>\n<p>&nbsp;<\/p>\n<p>&nbsp;<\/p>\n<p>&nbsp;<\/p>\n<p>&nbsp;<\/p>\n<p>&nbsp;<\/p>\n<p style=\"text-align: justify;\">Tots 6 s\u00f3n uns excel\u00b7lents candidats i tenen les qualitats necess\u00e0ries per ser un bon representant.<\/p>\n<p>SORT!<\/p>\n","protected":false},"excerpt":{"rendered":"<p>Els candidats que s&#8217;han presentat per a representar els alumnes al Consell Escolar en aquesta convocat\u00f2ria electoral s\u00f3n 6 i hi estan representats tots els cursos.<br \/>\nA continuaci\u00f3 els podeu tornar a veure. Estan ordenats per curs i edat.<br \/>\n<a href=\"http:\/\/agora.xtec.cat\/insllicamunt2\/wp-content\/uploads\/usu1100\/2016\/11\/alex-g.jpg\"><\/a><br \/>\n&nbsp;<br \/>\nEll \u00e9s l&#8217;\u00c0lex G\u00f3mez i \u00e9s de&hellip;  <a href=\"https:\/\/agora.xtec.cat\/insllicamunt2\/el-far-dhipatia\/grups\/qui-son-els-6-candidats\/\" title=\"Read Qui s\u00f3n els 6 candidats dels alumnes?\">Llegeix m\u00e9s\u00bb<\/a><\/p>\n","protected":false},"author":246,"featured_media":4712,"comment_status":"open","ping_status":"open","sticky":false,"template":"","format":"standard","meta":{"_bbp_topic_count":0,"_bbp_reply_count":0,"_bbp_total_topic_count":0,"_bbp_total_reply_count":0,"_bbp_voice_count":0,"_bbp_anonymous_reply_count":0,"_bbp_topic_count_hidden":0,"_bbp_reply_count_hidden":0,"_bbp_forum_subforum_count":0,"footnotes":""},"categories":[101,99,593,96,1040,3,98,29],"tags":[1107,1108,1356,1355],"class_list":["post-4698","post","type-post","status-publish","format-standard","has-post-thumbnail","hentry","category-activitats-de-centre","category-articles","category-comunitat-educativa","category-editorial-i-opinio","category-el-far-dhipatia","category-grups","category-noticies-breus","category-portada","tag-consell-escolar","tag-eleccions","tag-estudiants","tag-representants"],"post_mailing_queue_ids":[],"_links":{"self":[{"href":"https:\/\/agora.xtec.cat\/insllicamunt2\/wp-json\/wp\/v2\/posts\/4698","targetHints":{"allow":["GET"]}}],"collection":[{"href":"https:\/\/agora.xtec.cat\/insllicamunt2\/wp-json\/wp\/v2\/posts"}],"about":[{"href":"https:\/\/agora.xtec.cat\/insllicamunt2\/wp-json\/wp\/v2\/types\/post"}],"author":[{"embeddable":true,"href":"https:\/\/agora.xtec.cat\/insllicamunt2\/wp-json\/wp\/v2\/users\/246"}],"replies":[{"embeddable":true,"href":"https:\/\/agora.xtec.cat\/insllicamunt2\/wp-json\/wp\/v2\/comments?post=4698"}],"version-history":[{"count":3,"href":"https:\/\/agora.xtec.cat\/insllicamunt2\/wp-json\/wp\/v2\/posts\/4698\/revisions"}],"predecessor-version":[{"id":4713,"href":"https:\/\/agora.xtec.cat\/insllicamunt2\/wp-json\/wp\/v2\/posts\/4698\/revisions\/4713"}],"wp:featuredmedia":[{"embeddable":true,"href":"https:\/\/agora.xtec.cat\/insllicamunt2\/wp-json\/wp\/v2\/media\/4712"}],"wp:attachment":[{"href":"https:\/\/agora.xtec.cat\/insllicamunt2\/wp-json\/wp\/v2\/media?parent=4698"}],"wp:term":[{"taxonomy":"category","embeddable":true,"href":"https:\/\/agora.xtec.cat\/insllicamunt2\/wp-json\/wp\/v2\/categories?post=4698"},{"taxonomy":"post_tag","embeddable":true,"href":"https:\/\/agora.xtec.cat\/insllicamunt2\/wp-json\/wp\/v2\/tags?post=4698"}],"curies":[{"name":"wp","href":"https:\/\/api.w.org\/{rel}","templated":true}]}}