{"id":468,"date":"2015-05-05T18:56:00","date_gmt":"2015-05-05T17:56:00","guid":{"rendered":"http:\/\/agora.xtec.cat\/insllicamunt2\/?p=468"},"modified":"2016-05-09T10:58:11","modified_gmt":"2016-05-09T09:58:11","slug":"maus-a-lhipatia","status":"publish","type":"post","link":"https:\/\/agora.xtec.cat\/insllicamunt2\/el-far-dhipatia\/grups\/maus-a-lhipatia\/","title":{"rendered":"MAUS a l&#8217;Hip\u00e0tia"},"content":{"rendered":"<p style=\"text-align: justify;\">Aquestes darreres setmanes, la Biblioteca de l\u2019Hip\u00e0tia ha acollit l\u2019exposici\u00f3 itinerant <em>MAUS<\/em> sobre l\u2019obra hom\u00f2nima <em>MAUS. RELAT D\u2019UN SUPERVIVENT<\/em> d\u2019Art Spiegelman.<\/p>\n<p style=\"text-align: justify;\"><a href=\"http:\/\/agora.xtec.cat\/insllicamunt2\/wp-content\/uploads\/usu1100\/2015\/05\/IMG_20150504_141309.jpg\"><img loading=\"lazy\" decoding=\"async\" class=\"aligncenter size-full wp-image-469\" src=\"http:\/\/agora.xtec.cat\/insllicamunt2\/wp-content\/uploads\/usu1100\/2015\/05\/IMG_20150504_141309.jpg\" alt=\"IMG_20150504_141309\" width=\"450\" height=\"600\" srcset=\"https:\/\/agora.xtec.cat\/insllicamunt2\/wp-content\/uploads\/usu1100\/2015\/05\/IMG_20150504_141309.jpg 450w, https:\/\/agora.xtec.cat\/insllicamunt2\/wp-content\/uploads\/usu1100\/2015\/05\/IMG_20150504_141309-225x300.jpg 225w\" sizes=\"auto, (max-width: 450px) 100vw, 450px\" \/><\/a><\/p>\n<p style=\"text-align: justify;\">L\u2019alumnat de 3r de la mat\u00e8ria d\u2019Alemany i el de 4t, en el context de l\u2019\u00e0rea de Ci\u00e8ncies Socials, l\u2019han fet servir per a desenvolupar una part de la seva mat\u00e8ria. A m\u00e9s, tamb\u00e9 s\u2019ha fet servir el c\u00f2mic per al PLEC de 4t.<\/p>\n<p style=\"text-align: justify;\"><a href=\"http:\/\/agora.xtec.cat\/insllicamunt2\/wp-content\/uploads\/usu1100\/2015\/05\/IMG_20150504_141349.jpg\"><img loading=\"lazy\" decoding=\"async\" class=\"aligncenter size-full wp-image-470\" src=\"http:\/\/agora.xtec.cat\/insllicamunt2\/wp-content\/uploads\/usu1100\/2015\/05\/IMG_20150504_141349.jpg\" alt=\"IMG_20150504_141349\" width=\"600\" height=\"450\" srcset=\"https:\/\/agora.xtec.cat\/insllicamunt2\/wp-content\/uploads\/usu1100\/2015\/05\/IMG_20150504_141349.jpg 600w, https:\/\/agora.xtec.cat\/insllicamunt2\/wp-content\/uploads\/usu1100\/2015\/05\/IMG_20150504_141349-300x225.jpg 300w, https:\/\/agora.xtec.cat\/insllicamunt2\/wp-content\/uploads\/usu1100\/2015\/05\/IMG_20150504_141349-200x150.jpg 200w\" sizes=\"auto, (max-width: 600px) 100vw, 600px\" \/><\/a><\/p>\n<p style=\"text-align: justify;\">Aquesta obra explica d\u2019una manera molt clara i contundent l\u2019experi\u00e8ncia i testimoni de Vladek Spiegelman, un supervivent de l\u2019Holocaust nazi i pare del reconegut autor. Al llarg de gaireb\u00e9 300 p\u00e0gines, s\u2019explica amb paraules i imatges molt contundents, la hist\u00f2ria d\u2019aquest jueu d\u2019origen polon\u00e8s que va poder sobreviure a Auschwitz, per\u00f2 tamb\u00e9 la hist\u00f2ria de milers de persones que van patir la barb\u00e0rie nazi.<\/p>\n<p style=\"text-align: justify;\"><em>Maus<\/em> va guanyar el premi Pulitzer al 1992 per aquesta magn\u00edfica obra.<\/p>\n<p style=\"text-align: justify;\"><a href=\"http:\/\/agora.xtec.cat\/insllicamunt2\/wp-content\/uploads\/usu1100\/2015\/05\/IMG_20150504_141252.jpg\"><img loading=\"lazy\" decoding=\"async\" class=\"aligncenter size-full wp-image-471\" src=\"http:\/\/agora.xtec.cat\/insllicamunt2\/wp-content\/uploads\/usu1100\/2015\/05\/IMG_20150504_141252.jpg\" alt=\"IMG_20150504_141252\" width=\"600\" height=\"450\" srcset=\"https:\/\/agora.xtec.cat\/insllicamunt2\/wp-content\/uploads\/usu1100\/2015\/05\/IMG_20150504_141252.jpg 600w, https:\/\/agora.xtec.cat\/insllicamunt2\/wp-content\/uploads\/usu1100\/2015\/05\/IMG_20150504_141252-300x225.jpg 300w, https:\/\/agora.xtec.cat\/insllicamunt2\/wp-content\/uploads\/usu1100\/2015\/05\/IMG_20150504_141252-200x150.jpg 200w\" sizes=\"auto, (max-width: 600px) 100vw, 600px\" \/><\/a><\/p>\n","protected":false},"excerpt":{"rendered":"<p>Aquestes darreres setmanes, la Biblioteca de l\u2019Hip\u00e0tia ha acollit l\u2019exposici\u00f3 itinerant MAUS sobre l\u2019obra hom\u00f2nima MAUS. RELAT D\u2019UN SUPERVIVENT d\u2019Art Spiegelman.<br \/>\n<a href=\"http:\/\/agora.xtec.cat\/insllicamunt2\/wp-content\/uploads\/usu1100\/2015\/05\/IMG_20150504_141309.jpg\"><\/a><br \/>\nL\u2019alumnat de 3r de la mat\u00e8ria d\u2019Alemany i el de 4t, en el context de l\u2019\u00e0rea de Ci\u00e8ncies Socials, l\u2019han fet servir per a&hellip;  <a href=\"https:\/\/agora.xtec.cat\/insllicamunt2\/el-far-dhipatia\/grups\/maus-a-lhipatia\/\" title=\"Read MAUS a l&#8217;Hip\u00e0tia\">Llegeix m\u00e9s\u00bb<\/a><\/p>\n","protected":false},"author":1,"featured_media":469,"comment_status":"open","ping_status":"open","sticky":false,"template":"","format":"standard","meta":{"_bbp_topic_count":0,"_bbp_reply_count":0,"_bbp_total_topic_count":0,"_bbp_total_reply_count":0,"_bbp_voice_count":0,"_bbp_anonymous_reply_count":0,"_bbp_topic_count_hidden":0,"_bbp_reply_count_hidden":0,"_bbp_forum_subforum_count":0,"footnotes":""},"categories":[6,7,355,3,98,29],"tags":[56,158,156,155,59,157],"class_list":["post-468","post","type-post","status-publish","format-standard","has-post-thumbnail","hentry","category-3r-deso","category-4t-deso","category-ciencies-socials","category-grups","category-noticies-breus","category-portada","tag-alemany","tag-auschwitz","tag-ciencies-socials","tag-maus","tag-plec","tag-spiegelman"],"post_mailing_queue_ids":[],"_links":{"self":[{"href":"https:\/\/agora.xtec.cat\/insllicamunt2\/wp-json\/wp\/v2\/posts\/468","targetHints":{"allow":["GET"]}}],"collection":[{"href":"https:\/\/agora.xtec.cat\/insllicamunt2\/wp-json\/wp\/v2\/posts"}],"about":[{"href":"https:\/\/agora.xtec.cat\/insllicamunt2\/wp-json\/wp\/v2\/types\/post"}],"author":[{"embeddable":true,"href":"https:\/\/agora.xtec.cat\/insllicamunt2\/wp-json\/wp\/v2\/users\/1"}],"replies":[{"embeddable":true,"href":"https:\/\/agora.xtec.cat\/insllicamunt2\/wp-json\/wp\/v2\/comments?post=468"}],"version-history":[{"count":1,"href":"https:\/\/agora.xtec.cat\/insllicamunt2\/wp-json\/wp\/v2\/posts\/468\/revisions"}],"predecessor-version":[{"id":472,"href":"https:\/\/agora.xtec.cat\/insllicamunt2\/wp-json\/wp\/v2\/posts\/468\/revisions\/472"}],"wp:featuredmedia":[{"embeddable":true,"href":"https:\/\/agora.xtec.cat\/insllicamunt2\/wp-json\/wp\/v2\/media\/469"}],"wp:attachment":[{"href":"https:\/\/agora.xtec.cat\/insllicamunt2\/wp-json\/wp\/v2\/media?parent=468"}],"wp:term":[{"taxonomy":"category","embeddable":true,"href":"https:\/\/agora.xtec.cat\/insllicamunt2\/wp-json\/wp\/v2\/categories?post=468"},{"taxonomy":"post_tag","embeddable":true,"href":"https:\/\/agora.xtec.cat\/insllicamunt2\/wp-json\/wp\/v2\/tags?post=468"}],"curies":[{"name":"wp","href":"https:\/\/api.w.org\/{rel}","templated":true}]}}