{"id":464,"date":"2015-04-29T20:20:10","date_gmt":"2015-04-29T19:20:10","guid":{"rendered":"http:\/\/agora.xtec.cat\/insllicamunt2\/?p=464"},"modified":"2016-05-09T10:58:14","modified_gmt":"2016-05-09T09:58:14","slug":"visita-a-biokit","status":"publish","type":"post","link":"https:\/\/agora.xtec.cat\/insllicamunt2\/el-far-dhipatia\/grups\/visita-a-biokit\/","title":{"rendered":"Visita a Biokit"},"content":{"rendered":"<p style=\"text-align: justify;\">Els alumnes de 3r d&#8217;ESO han visitat avui les instal\u00b7lacions de Biokit, una ind\u00fastria capdavantera en l&#8217;\u00e0mbit de la Biotecnologia ubicada al nostre municipi.<br \/>\nLa visita ha perm\u00e8s con\u00e8ixer el funcionament d&#8217;una empresa multinacional que gr\u00e0cies a la recerca ha aconseguit posicionar els seus productes al mercat mundial.<\/p>\n<p style=\"text-align: center;\"><a href=\"http:\/\/agora.xtec.cat\/insllicamunt2\/wp-content\/uploads\/usu1100\/2015\/04\/IMG-20150429-WA0004.jpg\"><img loading=\"lazy\" decoding=\"async\" class=\"aligncenter size-full wp-image-465\" src=\"http:\/\/agora.xtec.cat\/insllicamunt2\/wp-content\/uploads\/usu1100\/2015\/04\/IMG-20150429-WA0004.jpg\" alt=\"IMG-20150429-WA0004\" width=\"600\" height=\"338\" srcset=\"https:\/\/agora.xtec.cat\/insllicamunt2\/wp-content\/uploads\/usu1100\/2015\/04\/IMG-20150429-WA0004.jpg 600w, https:\/\/agora.xtec.cat\/insllicamunt2\/wp-content\/uploads\/usu1100\/2015\/04\/IMG-20150429-WA0004-300x169.jpg 300w\" sizes=\"auto, (max-width: 600px) 100vw, 600px\" \/><\/a><\/p>\n","protected":false},"excerpt":{"rendered":"<p>Els alumnes de 3r d&#8217;ESO han visitat avui les instal\u00b7lacions de Biokit, una ind\u00fastria capdavantera en l&#8217;\u00e0mbit de la Biotecnologia ubicada al nostre municipi.<br \/>\nLa visita ha perm\u00e8s con\u00e8ixer el funcionament d&#8217;una empresa multinacional que gr\u00e0cies a la recerca ha aconseguit posicionar els seus productes al&hellip;  <a href=\"https:\/\/agora.xtec.cat\/insllicamunt2\/el-far-dhipatia\/grups\/visita-a-biokit\/\" title=\"Read Visita a Biokit\">Llegeix m\u00e9s\u00bb<\/a><\/p>\n","protected":false},"author":1,"featured_media":465,"comment_status":"open","ping_status":"open","sticky":false,"template":"","format":"standard","meta":{"_bbp_topic_count":0,"_bbp_reply_count":0,"_bbp_total_topic_count":0,"_bbp_total_reply_count":0,"_bbp_voice_count":0,"_bbp_anonymous_reply_count":0,"_bbp_topic_count_hidden":0,"_bbp_reply_count_hidden":0,"_bbp_forum_subforum_count":0,"footnotes":""},"categories":[6,94,355,359,3,98,29],"tags":[153,154],"class_list":["post-464","post","type-post","status-publish","format-standard","has-post-thumbnail","hentry","category-3r-deso","category-activitats-fora-del-centre","category-ciencies-socials","category-fisica-i-quimica","category-grups","category-noticies-breus","category-portada","tag-biokit","tag-biotecnologia"],"post_mailing_queue_ids":[],"_links":{"self":[{"href":"https:\/\/agora.xtec.cat\/insllicamunt2\/wp-json\/wp\/v2\/posts\/464","targetHints":{"allow":["GET"]}}],"collection":[{"href":"https:\/\/agora.xtec.cat\/insllicamunt2\/wp-json\/wp\/v2\/posts"}],"about":[{"href":"https:\/\/agora.xtec.cat\/insllicamunt2\/wp-json\/wp\/v2\/types\/post"}],"author":[{"embeddable":true,"href":"https:\/\/agora.xtec.cat\/insllicamunt2\/wp-json\/wp\/v2\/users\/1"}],"replies":[{"embeddable":true,"href":"https:\/\/agora.xtec.cat\/insllicamunt2\/wp-json\/wp\/v2\/comments?post=464"}],"version-history":[{"count":1,"href":"https:\/\/agora.xtec.cat\/insllicamunt2\/wp-json\/wp\/v2\/posts\/464\/revisions"}],"predecessor-version":[{"id":466,"href":"https:\/\/agora.xtec.cat\/insllicamunt2\/wp-json\/wp\/v2\/posts\/464\/revisions\/466"}],"wp:featuredmedia":[{"embeddable":true,"href":"https:\/\/agora.xtec.cat\/insllicamunt2\/wp-json\/wp\/v2\/media\/465"}],"wp:attachment":[{"href":"https:\/\/agora.xtec.cat\/insllicamunt2\/wp-json\/wp\/v2\/media?parent=464"}],"wp:term":[{"taxonomy":"category","embeddable":true,"href":"https:\/\/agora.xtec.cat\/insllicamunt2\/wp-json\/wp\/v2\/categories?post=464"},{"taxonomy":"post_tag","embeddable":true,"href":"https:\/\/agora.xtec.cat\/insllicamunt2\/wp-json\/wp\/v2\/tags?post=464"}],"curies":[{"name":"wp","href":"https:\/\/api.w.org\/{rel}","templated":true}]}}