{"id":4290,"date":"2016-09-18T20:27:28","date_gmt":"2016-09-18T18:27:28","guid":{"rendered":"http:\/\/agora.xtec.cat\/insllicamunt2\/?p=4290"},"modified":"2016-09-20T11:10:43","modified_gmt":"2016-09-20T09:10:43","slug":"comencem-el-curs-2016-17","status":"publish","type":"post","link":"https:\/\/agora.xtec.cat\/insllicamunt2\/el-far-dhipatia\/portada\/comencem-el-curs-2016-17\/","title":{"rendered":"COMENCEM EL CURS 2016-17"},"content":{"rendered":"<p style=\"text-align: justify;\">Dilluns, 12 de setembre vam comen\u00e7ar un nou curs sense incid\u00e8ncies, amb ganes i il\u00b7lusions, amb nous projectes i grans expectatives.<br \/>\nDurant aquest estiu, hem volgut millorar les instal\u00b7lacions del centre, per aquesta ra\u00f3 es van realitzar diferents actuacions:<\/p>\n<p style=\"text-align: justify; padding-left: 30px;\">&#8211; Adequaci\u00f3 del sistema el\u00e8ctric de la 2a planta.<br \/>\n&#8211; Adequaci\u00f3 de l\u2019aula d\u2019inform\u00e0tica.<br \/>\n&#8211; Adequaci\u00f3 de l\u2019aula d\u2019inform\u00e0tica.<br \/>\n&#8211; Millora del pati interior.<br \/>\n&#8211; Adequaci\u00f3 dels armaris de les aules per deixar les tauletes.<br \/>\n&#8211; Ampliaci\u00f3 del wiffi del centre.<\/p>\n<p style=\"text-align: justify;\">Per altra banda, hem comen\u00e7at a fer servir la tauleta digital com a eina habitual. At\u00e8s que la idea \u00e9s treure el m\u00e0xim rendiment, el centre forma part de la plataforma google education amb un domini propi @inshipatia.cat. Aquesta plataforma aporta diferents avantatges en l\u2019aprenentatge de l\u2019alumne i els recursos educatius que fa servir.<\/p>\n<p style=\"text-align: justify;\">\nPer altra banda, comencem a treballar des d\u2019una perspectiva m\u00e9s competencial que esperem aporti una notable millora del rendiment acad\u00e8mic dels nostres alumnes.<\/p>\n<p style=\"text-align: justify;\">\nTamb\u00e9 comencem els dilluns i dimarts oberts , amb activitats programades i gestionades des de l\u2019AMPA amb el suport de la coordinadora d\u2019activitats extraescolars. Sense l\u2019AMPA molts recursos de l\u2019institut no serien avui, la dotaci\u00f3 del laboratori, la gesti\u00f3 del transport escolar, la compra de material de m\u00fasica, la col\u00b7laboraci\u00f3 amb Sant Jordi, entre d\u2019altres dels que tots i totes ens beneficiem. Moltes gr\u00e0cies, AMPA.<\/p>\n<p style=\"text-align: justify;\">\nComencem, doncs, un nou curs amb molta for\u00e7a i molts recursos amb moltes ganes de superar-nos tots plegats.<\/p>\n<p style=\"text-align: justify;\">\nPer tant, BON CURS 2016-17<\/p>\n<p><img loading=\"lazy\" decoding=\"async\" class=\"alignleft size-large wp-image-4291\" src=\"http:\/\/agora.xtec.cat\/insllicamunt2\/wp-content\/uploads\/usu1100\/2016\/09\/IMG-20160916-WA0006-765x1024.jpg\" alt=\"IMG-20160916-WA0006\" width=\"765\" height=\"1024\" srcset=\"https:\/\/agora.xtec.cat\/insllicamunt2\/wp-content\/uploads\/usu1100\/2016\/09\/IMG-20160916-WA0006.jpg 765w, https:\/\/agora.xtec.cat\/insllicamunt2\/wp-content\/uploads\/usu1100\/2016\/09\/IMG-20160916-WA0006-224x300.jpg 224w\" sizes=\"auto, (max-width: 765px) 100vw, 765px\" \/><\/p>\n","protected":false},"excerpt":{"rendered":"<p>Dilluns, 12 de setembre vam comen\u00e7ar un nou curs sense incid\u00e8ncies, amb ganes i il\u00b7lusions, amb nous projectes i grans expectatives.<br \/>\nDurant aquest estiu, hem volgut millorar les instal\u00b7lacions del centre, per aquesta ra\u00f3 es van realitzar diferents actuacions:<br \/>\n&#8211; Adequaci\u00f3 del sistema el\u00e8ctric de la 2a&hellip;  <a href=\"https:\/\/agora.xtec.cat\/insllicamunt2\/el-far-dhipatia\/portada\/comencem-el-curs-2016-17\/\" title=\"Read COMENCEM EL CURS 2016-17\">Llegeix m\u00e9s\u00bb<\/a><\/p>\n","protected":false},"author":222,"featured_media":4291,"comment_status":"open","ping_status":"open","sticky":false,"template":"","format":"standard","meta":{"_bbp_topic_count":0,"_bbp_reply_count":0,"_bbp_total_topic_count":0,"_bbp_total_reply_count":0,"_bbp_voice_count":0,"_bbp_anonymous_reply_count":0,"_bbp_topic_count_hidden":0,"_bbp_reply_count_hidden":0,"_bbp_forum_subforum_count":0,"footnotes":""},"categories":[101,593,96,1040,98,29],"tags":[1242,147],"class_list":["post-4290","post","type-post","status-publish","format-standard","has-post-thumbnail","hentry","category-activitats-de-centre","category-comunitat-educativa","category-editorial-i-opinio","category-el-far-dhipatia","category-noticies-breus","category-portada","tag-curs-2016-17","tag-institut"],"post_mailing_queue_ids":[],"_links":{"self":[{"href":"https:\/\/agora.xtec.cat\/insllicamunt2\/wp-json\/wp\/v2\/posts\/4290","targetHints":{"allow":["GET"]}}],"collection":[{"href":"https:\/\/agora.xtec.cat\/insllicamunt2\/wp-json\/wp\/v2\/posts"}],"about":[{"href":"https:\/\/agora.xtec.cat\/insllicamunt2\/wp-json\/wp\/v2\/types\/post"}],"author":[{"embeddable":true,"href":"https:\/\/agora.xtec.cat\/insllicamunt2\/wp-json\/wp\/v2\/users\/222"}],"replies":[{"embeddable":true,"href":"https:\/\/agora.xtec.cat\/insllicamunt2\/wp-json\/wp\/v2\/comments?post=4290"}],"version-history":[{"count":2,"href":"https:\/\/agora.xtec.cat\/insllicamunt2\/wp-json\/wp\/v2\/posts\/4290\/revisions"}],"predecessor-version":[{"id":4307,"href":"https:\/\/agora.xtec.cat\/insllicamunt2\/wp-json\/wp\/v2\/posts\/4290\/revisions\/4307"}],"wp:featuredmedia":[{"embeddable":true,"href":"https:\/\/agora.xtec.cat\/insllicamunt2\/wp-json\/wp\/v2\/media\/4291"}],"wp:attachment":[{"href":"https:\/\/agora.xtec.cat\/insllicamunt2\/wp-json\/wp\/v2\/media?parent=4290"}],"wp:term":[{"taxonomy":"category","embeddable":true,"href":"https:\/\/agora.xtec.cat\/insllicamunt2\/wp-json\/wp\/v2\/categories?post=4290"},{"taxonomy":"post_tag","embeddable":true,"href":"https:\/\/agora.xtec.cat\/insllicamunt2\/wp-json\/wp\/v2\/tags?post=4290"}],"curies":[{"name":"wp","href":"https:\/\/api.w.org\/{rel}","templated":true}]}}