{"id":4287,"date":"2016-09-18T20:21:24","date_gmt":"2016-09-18T18:21:24","guid":{"rendered":"http:\/\/agora.xtec.cat\/insllicamunt2\/?p=4287"},"modified":"2016-09-20T11:22:28","modified_gmt":"2016-09-20T09:22:28","slug":"gracies-pares-i-mares-de-2n","status":"publish","type":"post","link":"https:\/\/agora.xtec.cat\/insllicamunt2\/el-far-dhipatia\/grups\/2n-deso\/gracies-pares-i-mares-de-2n\/","title":{"rendered":"GR\u00c0CIES, PARES I MARES DE 2n"},"content":{"rendered":"<p style=\"text-align: justify;\">Hem comen\u00e7at el curs 2016-17, el dia 12 amb tota normalitat!!! No podia ser d\u2019una altra manera, per\u00f2, a m\u00e9s ho hem fet de manera m\u00e9s agradable de la que potser ten\u00edem previst, gr\u00e0cies a la intervenci\u00f3 volunt\u00e0ria d\u2019alguns pares i mares de 2n d\u2019ESO.<\/p>\n<p style=\"text-align: center;\"><img loading=\"lazy\" decoding=\"async\" class=\"aligncenter\" src=\"https:\/\/lh3.googleusercontent.com\/WPKOn_56HuV6-MbZXNTjuz7cqOabBLqUaz0aDpxdVUQZE80AH_7MtfL2FulyBtcXhxTgDb1qPzrR3WAN0eThnxBcRpTXwQ\" width=\"4096\" height=\"2304\" \/><\/p>\n<p style=\"text-align: justify;\">Durant les primeres setmanes de setembre, les instal\u00b7lacions del centre han d\u2019estar en condicions, wiffi, aules espec\u00edfiques (tecnologia, laboratori, biblioteca, inform\u00e0tica,&#8230;) , pantalles i ordinadors&#8230; Tot i els esfor\u00e7os que fem des de la comunitat educativa, de vegades, hi ha espais que no estan com m\u00e9s ens agradaria. Aquest \u00e9s el cas de les aules de 2n d\u2019ESO. Les tutores, en veure les parets de les aules brutes, vam tenir la iniciativa de pintar-les elles mateixes, per\u00f2 soles no es veien amb cor, aix\u00ed que vam demanar la col\u00b7laboraci\u00f3 d\u2019aquelles fam\u00edlies que poguessin venir a ajudar al centre.<br \/>\nLa resposta va ser FANT\u00c0STICA. No va arribar a dues hores que les dues aules van estar pintades, endre\u00e7ades i netes , perfectes per poder comen\u00e7ar dilluns en condicions \u00f2ptimes.<br \/>\nAquesta col\u00b7laboraci\u00f3 entre les fam\u00edlies i el claustre \u00e9s un dels objectius que ens marquem com a curs, poder fer coses junts sempre pel benefici dels nostres nois i noies.<br \/>\nNo ens queda m\u00e9s, per tant, que dir-vos GR\u00c0CIES!!!!<\/p>\n","protected":false},"excerpt":{"rendered":"<p>Hem comen\u00e7at el curs 2016-17, el dia 12 amb tota normalitat!!! No podia ser d\u2019una altra manera, per\u00f2, a m\u00e9s ho hem fet de manera m\u00e9s agradable de la que potser ten\u00edem previst, gr\u00e0cies a la intervenci\u00f3 volunt\u00e0ria d\u2019alguns pares i mares de 2n d\u2019ESO.<\/p>\n<p>Durant&hellip;  <a href=\"https:\/\/agora.xtec.cat\/insllicamunt2\/el-far-dhipatia\/grups\/2n-deso\/gracies-pares-i-mares-de-2n\/\" title=\"Read GR\u00c0CIES, PARES I MARES DE 2n\">Llegeix m\u00e9s\u00bb<\/a><\/p>\n","protected":false},"author":222,"featured_media":4310,"comment_status":"open","ping_status":"open","sticky":false,"template":"","format":"standard","meta":{"_bbp_topic_count":0,"_bbp_reply_count":0,"_bbp_total_topic_count":0,"_bbp_total_reply_count":0,"_bbp_voice_count":0,"_bbp_anonymous_reply_count":0,"_bbp_topic_count_hidden":0,"_bbp_reply_count_hidden":0,"_bbp_forum_subforum_count":0,"footnotes":""},"categories":[5,93,101,99,1040,98,29],"tags":[284,1290],"class_list":["post-4287","post","type-post","status-publish","format-standard","has-post-thumbnail","hentry","category-2n-deso","category-activitats-daula","category-activitats-de-centre","category-articles","category-el-far-dhipatia","category-noticies-breus","category-portada","tag-2n-deso","tag-pares-i-mares"],"post_mailing_queue_ids":[],"_links":{"self":[{"href":"https:\/\/agora.xtec.cat\/insllicamunt2\/wp-json\/wp\/v2\/posts\/4287","targetHints":{"allow":["GET"]}}],"collection":[{"href":"https:\/\/agora.xtec.cat\/insllicamunt2\/wp-json\/wp\/v2\/posts"}],"about":[{"href":"https:\/\/agora.xtec.cat\/insllicamunt2\/wp-json\/wp\/v2\/types\/post"}],"author":[{"embeddable":true,"href":"https:\/\/agora.xtec.cat\/insllicamunt2\/wp-json\/wp\/v2\/users\/222"}],"replies":[{"embeddable":true,"href":"https:\/\/agora.xtec.cat\/insllicamunt2\/wp-json\/wp\/v2\/comments?post=4287"}],"version-history":[{"count":3,"href":"https:\/\/agora.xtec.cat\/insllicamunt2\/wp-json\/wp\/v2\/posts\/4287\/revisions"}],"predecessor-version":[{"id":4306,"href":"https:\/\/agora.xtec.cat\/insllicamunt2\/wp-json\/wp\/v2\/posts\/4287\/revisions\/4306"}],"wp:featuredmedia":[{"embeddable":true,"href":"https:\/\/agora.xtec.cat\/insllicamunt2\/wp-json\/wp\/v2\/media\/4310"}],"wp:attachment":[{"href":"https:\/\/agora.xtec.cat\/insllicamunt2\/wp-json\/wp\/v2\/media?parent=4287"}],"wp:term":[{"taxonomy":"category","embeddable":true,"href":"https:\/\/agora.xtec.cat\/insllicamunt2\/wp-json\/wp\/v2\/categories?post=4287"},{"taxonomy":"post_tag","embeddable":true,"href":"https:\/\/agora.xtec.cat\/insllicamunt2\/wp-json\/wp\/v2\/tags?post=4287"}],"curies":[{"name":"wp","href":"https:\/\/api.w.org\/{rel}","templated":true}]}}