{"id":4072,"date":"2016-06-27T10:58:00","date_gmt":"2016-06-27T08:58:00","guid":{"rendered":"http:\/\/agora.xtec.cat\/insllicamunt2\/?p=4072"},"modified":"2016-06-27T11:13:10","modified_gmt":"2016-06-27T09:13:10","slug":"plecferencies-lectores","status":"publish","type":"post","link":"https:\/\/agora.xtec.cat\/insllicamunt2\/el-far-dhipatia\/grups\/plecferencies-lectores\/","title":{"rendered":"PLECfer\u00e8ncies lectores"},"content":{"rendered":"<p style=\"text-align: justify;\">El diari de Greg, de Jeff Kinney, arrasa com a llibre m\u00e9s llegit en el centre en l\u2019horari del PLEC i en la modalitat de lectura aut\u00f2noma i silenciosa. Val a dir que el n\u00famero 1 de la col\u00b7lecci\u00f3, El diari de Greg, Un pringat total, ha estat tamb\u00e9 el llibre m\u00e9s llegit del centre, amb 17 lectures. La resta de t\u00edtols de la s\u00e8rie acumulen entre 3 i 10 lectures. Pel que fa als seus lectors, l\u2019alumnat de 1r, amb 31 lectures, han estat els que m\u00e9s l\u2019han preferit, seguit dels de 2n, amb 21.<\/p>\n<p style=\"text-align: center;\"><a href=\"http:\/\/agora.xtec.cat\/insllicamunt2\/wp-content\/uploads\/usu1100\/2016\/06\/image-6.jpeg\" rel=\"attachment wp-att-4073\"><img loading=\"lazy\" decoding=\"async\" class=\"aligncenter size-full wp-image-4073\" src=\"http:\/\/agora.xtec.cat\/insllicamunt2\/wp-content\/uploads\/usu1100\/2016\/06\/image-6.jpeg\" alt=\"image\" width=\"600\" height=\"337\" srcset=\"https:\/\/agora.xtec.cat\/insllicamunt2\/wp-content\/uploads\/usu1100\/2016\/06\/image-6.jpeg 600w, https:\/\/agora.xtec.cat\/insllicamunt2\/wp-content\/uploads\/usu1100\/2016\/06\/image-6-300x169.jpeg 300w\" sizes=\"auto, (max-width: 600px) 100vw, 600px\" \/><\/a><\/p>\n<p style=\"text-align: justify;\">For\u00e7a \u00e8xit han tingut els llibres finalistes del Premi Protagonista Jove 2015-2016, triats pel propis lectors de 15-16 anys. Enguany, gr\u00e0cies al pr\u00e9stec interbibliotecari amb la Biblioteca Ca l\u2019Oliveres, hem pogut disposar de mitja dotzena d\u2019exemplars de cadascun dels finalistes: Un fill, d\u2019Alejandro Palomas, Els bessons congelats, d\u2019Andreu Ribera i Jaume Mart\u00edn, C\u00f3rrer sense por, de Guiseppe Catozzela, i Diari del tot ver\u00eddic d\u2019un indi a mitja jornada, de Sherman Alexie, han tingut entre 10 i 12 lectors de 3r i 4t d\u2019ESO.<\/p>\n","protected":false},"excerpt":{"rendered":"<p>El diari de Greg, de Jeff Kinney, arrasa com a llibre m\u00e9s llegit en el centre en l\u2019horari del PLEC i en la modalitat de lectura aut\u00f2noma i silenciosa. Val a dir que el n\u00famero 1 de la col\u00b7lecci\u00f3, El diari de Greg, Un pringat&hellip;  <a href=\"https:\/\/agora.xtec.cat\/insllicamunt2\/el-far-dhipatia\/grups\/plecferencies-lectores\/\" title=\"Read PLECfer\u00e8ncies lectores\">Llegeix m\u00e9s\u00bb<\/a><\/p>\n","protected":false},"author":34,"featured_media":4073,"comment_status":"open","ping_status":"open","sticky":false,"template":"","format":"standard","meta":{"_bbp_topic_count":0,"_bbp_reply_count":0,"_bbp_total_topic_count":0,"_bbp_total_reply_count":0,"_bbp_voice_count":0,"_bbp_anonymous_reply_count":0,"_bbp_topic_count_hidden":0,"_bbp_reply_count_hidden":0,"_bbp_forum_subforum_count":0,"footnotes":""},"categories":[4,5,6,7,93,101,408,99,401,593,1040,3,98,29],"tags":[432,1258,61,1259],"class_list":["post-4072","post","type-post","status-publish","format-standard","has-post-thumbnail","hentry","category-1r-deso","category-2n-deso","category-3r-deso","category-4t-deso","category-activitats-daula","category-activitats-de-centre","category-al-voltant-de-la-lectura","category-articles","category-la-biblioteca-dalexandria","category-comunitat-educativa","category-el-far-dhipatia","category-grups","category-noticies-breus","category-portada","tag-biblioteca","tag-gust-pel-llegir","tag-lectura","tag-lectura-autonoma"],"post_mailing_queue_ids":[],"_links":{"self":[{"href":"https:\/\/agora.xtec.cat\/insllicamunt2\/wp-json\/wp\/v2\/posts\/4072","targetHints":{"allow":["GET"]}}],"collection":[{"href":"https:\/\/agora.xtec.cat\/insllicamunt2\/wp-json\/wp\/v2\/posts"}],"about":[{"href":"https:\/\/agora.xtec.cat\/insllicamunt2\/wp-json\/wp\/v2\/types\/post"}],"author":[{"embeddable":true,"href":"https:\/\/agora.xtec.cat\/insllicamunt2\/wp-json\/wp\/v2\/users\/34"}],"replies":[{"embeddable":true,"href":"https:\/\/agora.xtec.cat\/insllicamunt2\/wp-json\/wp\/v2\/comments?post=4072"}],"version-history":[{"count":2,"href":"https:\/\/agora.xtec.cat\/insllicamunt2\/wp-json\/wp\/v2\/posts\/4072\/revisions"}],"predecessor-version":[{"id":4075,"href":"https:\/\/agora.xtec.cat\/insllicamunt2\/wp-json\/wp\/v2\/posts\/4072\/revisions\/4075"}],"wp:featuredmedia":[{"embeddable":true,"href":"https:\/\/agora.xtec.cat\/insllicamunt2\/wp-json\/wp\/v2\/media\/4073"}],"wp:attachment":[{"href":"https:\/\/agora.xtec.cat\/insllicamunt2\/wp-json\/wp\/v2\/media?parent=4072"}],"wp:term":[{"taxonomy":"category","embeddable":true,"href":"https:\/\/agora.xtec.cat\/insllicamunt2\/wp-json\/wp\/v2\/categories?post=4072"},{"taxonomy":"post_tag","embeddable":true,"href":"https:\/\/agora.xtec.cat\/insllicamunt2\/wp-json\/wp\/v2\/tags?post=4072"}],"curies":[{"name":"wp","href":"https:\/\/api.w.org\/{rel}","templated":true}]}}