{"id":4056,"date":"2016-06-22T11:39:58","date_gmt":"2016-06-22T09:39:58","guid":{"rendered":"http:\/\/agora.xtec.cat\/insllicamunt2\/?p=4056"},"modified":"2016-06-26T22:23:18","modified_gmt":"2016-06-26T20:23:18","slug":"lalumnea-mes-llegidora","status":"publish","type":"post","link":"https:\/\/agora.xtec.cat\/insllicamunt2\/el-far-dhipatia\/grups\/lalumnea-mes-llegidora\/","title":{"rendered":"L&#8217;alumne\/a m\u00e9s llegidor\/a"},"content":{"rendered":"<p style=\"text-align: justify;\">L\u2019Anna Rodr\u00edguez, de 2n d\u2019ESO A, s\u2019ha distingit com l\u2019alumna m\u00e9s llegidora del centre en l\u2019apartat de lectura aut\u00f2noma i silenciosa.<\/p>\n<p style=\"text-align: center;\"><a href=\"http:\/\/agora.xtec.cat\/insllicamunt2\/wp-content\/uploads\/usu1100\/2016\/06\/A.jpg\" rel=\"attachment wp-att-4069\"><img loading=\"lazy\" decoding=\"async\" class=\"aligncenter size-full wp-image-4069\" src=\"http:\/\/agora.xtec.cat\/insllicamunt2\/wp-content\/uploads\/usu1100\/2016\/06\/A.jpg\" alt=\"A\" width=\"330\" height=\"600\" srcset=\"https:\/\/agora.xtec.cat\/insllicamunt2\/wp-content\/uploads\/usu1100\/2016\/06\/A.jpg 330w, https:\/\/agora.xtec.cat\/insllicamunt2\/wp-content\/uploads\/usu1100\/2016\/06\/A-165x300.jpg 165w\" sizes=\"auto, (max-width: 330px) 100vw, 330px\" \/><\/a><\/p>\n<p style=\"text-align: justify;\">Aquesta modalitat de lectura ha ocupat, a 2n d\u2019ESO, un 60% de les sessions de lectura di\u00e0ria, que duren 25 minuts, i l\u2019Anna ho ha aprofitat per a llegir fins a 9 obres. Per assolir aquesta xifra \u00e9s evident que hi ha hagut d\u2019haver continu\u00eftat entre la lectura al centre i a fora, ja que d\u2019altra banda resultaria impossible. Si teniu curiositat per saber els gustos lectors de l\u2019Anna, us afegim els t\u00edtols dels llibres que ha devorat: Els analfabetistes, Divergente, Harry Potter y las rel\u00edquies de la muerte, Harry Potter y la c\u00e0mera secreta, Harry Potter y la orden del F\u00e9nix, Harry Potter y el prisinionero de Azkaban, Harry Potter y el c\u00e1liz de fuego, L\u2019home dels records, Totes les fades del regne.<\/p>\n","protected":false},"excerpt":{"rendered":"<p>L\u2019Anna Rodr\u00edguez, de 2n d\u2019ESO A, s\u2019ha distingit com l\u2019alumna m\u00e9s llegidora del centre en l\u2019apartat de lectura aut\u00f2noma i silenciosa.<br \/>\n<a href=\"http:\/\/agora.xtec.cat\/insllicamunt2\/wp-content\/uploads\/usu1100\/2016\/06\/A.jpg\" rel=\"attachment wp-att-4069\"><\/a><br \/>\nAquesta modalitat de lectura ha ocupat, a 2n d\u2019ESO, un 60% de les sessions de lectura di\u00e0ria, que duren 25 minuts, i&hellip;  <a href=\"https:\/\/agora.xtec.cat\/insllicamunt2\/el-far-dhipatia\/grups\/lalumnea-mes-llegidora\/\" title=\"Read L&#8217;alumne\/a m\u00e9s llegidor\/a\">Llegeix m\u00e9s\u00bb<\/a><\/p>\n","protected":false},"author":34,"featured_media":4068,"comment_status":"open","ping_status":"open","sticky":false,"template":"","format":"standard","meta":{"_bbp_topic_count":0,"_bbp_reply_count":0,"_bbp_total_topic_count":0,"_bbp_total_reply_count":0,"_bbp_voice_count":0,"_bbp_anonymous_reply_count":0,"_bbp_topic_count_hidden":0,"_bbp_reply_count_hidden":0,"_bbp_forum_subforum_count":0,"footnotes":""},"categories":[4,5,6,7,101,408,99,401,593,96,1040,3,98,29,97],"tags":[515,61,59,1257],"class_list":["post-4056","post","type-post","status-publish","format-standard","has-post-thumbnail","hentry","category-1r-deso","category-2n-deso","category-3r-deso","category-4t-deso","category-activitats-de-centre","category-al-voltant-de-la-lectura","category-articles","category-la-biblioteca-dalexandria","category-comunitat-educativa","category-editorial-i-opinio","category-el-far-dhipatia","category-grups","category-noticies-breus","category-portada","category-premis-i-concursos","tag-gust-per-llegir","tag-lectura","tag-plec","tag-ranquing"],"post_mailing_queue_ids":[],"_links":{"self":[{"href":"https:\/\/agora.xtec.cat\/insllicamunt2\/wp-json\/wp\/v2\/posts\/4056","targetHints":{"allow":["GET"]}}],"collection":[{"href":"https:\/\/agora.xtec.cat\/insllicamunt2\/wp-json\/wp\/v2\/posts"}],"about":[{"href":"https:\/\/agora.xtec.cat\/insllicamunt2\/wp-json\/wp\/v2\/types\/post"}],"author":[{"embeddable":true,"href":"https:\/\/agora.xtec.cat\/insllicamunt2\/wp-json\/wp\/v2\/users\/34"}],"replies":[{"embeddable":true,"href":"https:\/\/agora.xtec.cat\/insllicamunt2\/wp-json\/wp\/v2\/comments?post=4056"}],"version-history":[{"count":3,"href":"https:\/\/agora.xtec.cat\/insllicamunt2\/wp-json\/wp\/v2\/posts\/4056\/revisions"}],"predecessor-version":[{"id":4071,"href":"https:\/\/agora.xtec.cat\/insllicamunt2\/wp-json\/wp\/v2\/posts\/4056\/revisions\/4071"}],"wp:featuredmedia":[{"embeddable":true,"href":"https:\/\/agora.xtec.cat\/insllicamunt2\/wp-json\/wp\/v2\/media\/4068"}],"wp:attachment":[{"href":"https:\/\/agora.xtec.cat\/insllicamunt2\/wp-json\/wp\/v2\/media?parent=4056"}],"wp:term":[{"taxonomy":"category","embeddable":true,"href":"https:\/\/agora.xtec.cat\/insllicamunt2\/wp-json\/wp\/v2\/categories?post=4056"},{"taxonomy":"post_tag","embeddable":true,"href":"https:\/\/agora.xtec.cat\/insllicamunt2\/wp-json\/wp\/v2\/tags?post=4056"}],"curies":[{"name":"wp","href":"https:\/\/api.w.org\/{rel}","templated":true}]}}