{"id":3984,"date":"2016-04-09T14:17:52","date_gmt":"2016-04-09T12:17:52","guid":{"rendered":"http:\/\/agora.xtec.cat\/insllicamunt2\/?p=3984"},"modified":"2016-06-15T14:26:44","modified_gmt":"2016-06-15T12:26:44","slug":"les-nostres-receptes","status":"publish","type":"post","link":"https:\/\/agora.xtec.cat\/insllicamunt2\/el-far-dhipatia\/grups\/les-nostres-receptes\/","title":{"rendered":"Les nostres receptes"},"content":{"rendered":"<p style=\"text-align: justify\">El passat mes d&#8217;abril els alumnes de primer vam fer una activitat de matem\u00e0tiques bastant diferent de les habituals.<\/p>\n<p style=\"text-align: center\"><img loading=\"lazy\" decoding=\"async\" class=\"aligncenter\" src=\"https:\/\/lh3.googleusercontent.com\/-Nq-LW50WVN4\/V1gAzN_jIEI\/AAAAAAAAUVU\/SidQcc3BxzAYcvaX--hHFZCPLn5G0-zkwCCo\/s800\/recepta4.jpg\" alt=\"\" width=\"300\" height=\"400\" \/><\/p>\n<p style=\"text-align: justify\">Dins del marc del foment de la lectura al centre vam treballar els receptaris.<\/p>\n<p style=\"text-align: center\"><img loading=\"lazy\" decoding=\"async\" class=\"aligncenter\" src=\"https:\/\/lh3.googleusercontent.com\/-iWkVQxh8dlY\/V1gBgMAt5DI\/AAAAAAAAUVU\/cgxMVGAImdAUuwfj0KHKEplCk0JYx_DZwCCo\/s800\/recepta1.png\" alt=\"\" width=\"600\" height=\"450\" \/><\/p>\n<p>Per grups vam escollir diferents receptes i vam estudiar com canvien els ingredients si volem fer-les per m\u00e9s o menys persones (proporcionalitat). Despr\u00e9s ens vam organitzar per cuinar-les a casa. I, finalment, vam compartir els resultats amb els alumnes de tercer que ens fan de tutors en el projecte TEI.<\/p>\n<p style=\"text-align: center\"><img loading=\"lazy\" decoding=\"async\" class=\"aligncenter\" src=\"https:\/\/lh3.googleusercontent.com\/-ZQLVrFz99vk\/V1gAzGu9wUI\/AAAAAAAAUVU\/Ambh5529H-UwNFaGX-xODZ3Rm_YDXhXbgCCo\/s800\/recepta2.JPG\" alt=\"\" width=\"600\" height=\"450\" \/><\/p>\n<p style=\"text-align: justify\">Va ser una jornada gastron\u00f2mica molt interessant on vam repassar una mica els c\u00e0lculs matem\u00e0tics i vam gaudir d&#8217;una bona estona comprovant lo bons cuiners que podem ser.<\/p>\n<p style=\"text-align: center\"><img loading=\"lazy\" decoding=\"async\" class=\"aligncenter\" src=\"https:\/\/lh3.googleusercontent.com\/-1epF_cUN0AU\/V1gAzQKB0dI\/AAAAAAAAUVU\/g2dmjGf-GAcWoBnX1GRFkD5f9s2nKo-4gCCo\/s800\/recepta3.JPG\" alt=\"\" width=\"600\" height=\"450\" \/><\/p>\n","protected":false},"excerpt":{"rendered":"<p>El passat mes d&#8217;abril els alumnes de primer vam fer una activitat de matem\u00e0tiques bastant diferent de les habituals.<\/p>\n<p>Dins del marc del foment de la lectura al centre vam treballar els receptaris.<\/p>\n<p>Per grups vam escollir diferents receptes i vam estudiar com canvien els ingredients si&hellip;  <a href=\"https:\/\/agora.xtec.cat\/insllicamunt2\/el-far-dhipatia\/grups\/les-nostres-receptes\/\" title=\"Read Les nostres receptes\">Llegeix m\u00e9s\u00bb<\/a><\/p>\n","protected":false},"author":37,"featured_media":3985,"comment_status":"open","ping_status":"open","sticky":false,"template":"","format":"standard","meta":{"_bbp_topic_count":0,"_bbp_reply_count":0,"_bbp_total_topic_count":0,"_bbp_total_reply_count":0,"_bbp_voice_count":0,"_bbp_anonymous_reply_count":0,"_bbp_topic_count_hidden":0,"_bbp_reply_count_hidden":0,"_bbp_forum_subforum_count":0,"footnotes":""},"categories":[4,93,408,99,401,1040,3,354,346,98,29,399,1173],"tags":[1241,516,442,1240,1175],"class_list":["post-3984","post","type-post","status-publish","format-standard","has-post-thumbnail","hentry","category-1r-deso","category-activitats-daula","category-al-voltant-de-la-lectura","category-articles","category-la-biblioteca-dalexandria","category-el-far-dhipatia","category-grups","category-matematiques","category-materies","category-noticies-breus","category-portada","category-projectes","category-tutoria-entre-iguals","tag-cuina","tag-ilec","tag-matematiques","tag-receptes","tag-tei"],"post_mailing_queue_ids":[],"_links":{"self":[{"href":"https:\/\/agora.xtec.cat\/insllicamunt2\/wp-json\/wp\/v2\/posts\/3984","targetHints":{"allow":["GET"]}}],"collection":[{"href":"https:\/\/agora.xtec.cat\/insllicamunt2\/wp-json\/wp\/v2\/posts"}],"about":[{"href":"https:\/\/agora.xtec.cat\/insllicamunt2\/wp-json\/wp\/v2\/types\/post"}],"author":[{"embeddable":true,"href":"https:\/\/agora.xtec.cat\/insllicamunt2\/wp-json\/wp\/v2\/users\/37"}],"replies":[{"embeddable":true,"href":"https:\/\/agora.xtec.cat\/insllicamunt2\/wp-json\/wp\/v2\/comments?post=3984"}],"version-history":[{"count":2,"href":"https:\/\/agora.xtec.cat\/insllicamunt2\/wp-json\/wp\/v2\/posts\/3984\/revisions"}],"predecessor-version":[{"id":3987,"href":"https:\/\/agora.xtec.cat\/insllicamunt2\/wp-json\/wp\/v2\/posts\/3984\/revisions\/3987"}],"wp:featuredmedia":[{"embeddable":true,"href":"https:\/\/agora.xtec.cat\/insllicamunt2\/wp-json\/wp\/v2\/media\/3985"}],"wp:attachment":[{"href":"https:\/\/agora.xtec.cat\/insllicamunt2\/wp-json\/wp\/v2\/media?parent=3984"}],"wp:term":[{"taxonomy":"category","embeddable":true,"href":"https:\/\/agora.xtec.cat\/insllicamunt2\/wp-json\/wp\/v2\/categories?post=3984"},{"taxonomy":"post_tag","embeddable":true,"href":"https:\/\/agora.xtec.cat\/insllicamunt2\/wp-json\/wp\/v2\/tags?post=3984"}],"curies":[{"name":"wp","href":"https:\/\/api.w.org\/{rel}","templated":true}]}}