{"id":3863,"date":"2016-06-07T17:06:38","date_gmt":"2016-06-07T15:06:38","guid":{"rendered":"http:\/\/agora.xtec.cat\/insllicamunt2\/?p=3863"},"modified":"2016-06-07T17:12:22","modified_gmt":"2016-06-07T15:12:22","slug":"amunt-tv","status":"publish","type":"post","link":"https:\/\/agora.xtec.cat\/insllicamunt2\/el-far-dhipatia\/grups\/amunt-tv\/","title":{"rendered":"Amunt TV"},"content":{"rendered":"<p style=\"text-align: justify;\">El grup Amunt penja del projecte de diversificaci\u00f3 curricular de l\u2019institut Hip\u00e0tia d\u2019Alexandria. Inicialment est\u00e0 format per tres alumnes de segon, cinc de tercer i quatre de quart, en total dotze alumnes.<\/p>\n<p style=\"text-align: justify;\"><a href=\"http:\/\/agora.xtec.cat\/insllicamunt2\/wp-content\/uploads\/usu1100\/2016\/06\/20160215_135027.jpg\" rel=\"attachment wp-att-3864\"><img loading=\"lazy\" decoding=\"async\" class=\"aligncenter size-full wp-image-3864\" src=\"http:\/\/agora.xtec.cat\/insllicamunt2\/wp-content\/uploads\/usu1100\/2016\/06\/20160215_135027.jpg\" alt=\"20160215_135027\" width=\"600\" height=\"338\" srcset=\"https:\/\/agora.xtec.cat\/insllicamunt2\/wp-content\/uploads\/usu1100\/2016\/06\/20160215_135027.jpg 600w, https:\/\/agora.xtec.cat\/insllicamunt2\/wp-content\/uploads\/usu1100\/2016\/06\/20160215_135027-300x169.jpg 300w\" sizes=\"auto, (max-width: 600px) 100vw, 600px\" \/><\/a><\/p>\n<p style=\"text-align: justify;\">Programem l\u2019activitat a partir dels gustos de l\u2019alumnat: en primer lloc els oferim un llibre de contes per llegir de manera alternant en veu alta per\u00f2 no accepten la proposta, els oferim despr\u00e9s la realitzaci\u00f3 d&#8217;un c\u00f2mic, per\u00f2 la nova proposta tampoc t\u00e9 \u00e8xit.<\/p>\n<p style=\"text-align: justify;\">Finalment els demanem que s&#8217;imaginin que s\u00f3n periodistes i que formen part del grup de redacci\u00f3 del telenot\u00edcies d&#8217;una imagin\u00e0ria cadena de televisi\u00f3 anomenada Amunt TV. Qu\u00e8 els agradaria llegir en veu alta per l&#8217;Amunt TV? Per unanimitat accepten escriure una not\u00edcia relacionada amb alguna activitat que hagin fet. L\u2019espai hort \u00e9s el tema m\u00e9s escollit per redactar i llegir en veu alta. Finalment realitzen la tasca i gravem l\u2019audiovisual.<\/p>\n<p style=\"text-align: center;\"><a href=\"http:\/\/agora.xtec.cat\/insllicamunt2\/wp-content\/uploads\/usu1100\/2016\/06\/ivan-foto.png\" rel=\"attachment wp-att-3865\"><img loading=\"lazy\" decoding=\"async\" class=\"aligncenter size-full wp-image-3865\" src=\"http:\/\/agora.xtec.cat\/insllicamunt2\/wp-content\/uploads\/usu1100\/2016\/06\/ivan-foto.png\" alt=\"ivan foto\" width=\"364\" height=\"600\" srcset=\"https:\/\/agora.xtec.cat\/insllicamunt2\/wp-content\/uploads\/usu1100\/2016\/06\/ivan-foto.png 364w, https:\/\/agora.xtec.cat\/insllicamunt2\/wp-content\/uploads\/usu1100\/2016\/06\/ivan-foto-182x300.png 182w\" sizes=\"auto, (max-width: 364px) 100vw, 364px\" \/><\/a><\/p>\n<p style=\"text-align: justify;\">Presentem les evid\u00e8ncies a trav\u00e9s dels v\u00eddeos editats i transmesos pel canal privat de TV i la revista digital de l\u2019institut: es tracta de cinc v\u00eddeos (altres dos alumnes van participar en la gravaci\u00f3).<\/p>\n<p style=\"text-align: center;\">\u00a0<iframe loading=\"lazy\" src=\"https:\/\/www.youtube.com\/embed\/gy43PozSbKk?rel=0&amp;controls=0&amp;showinfo=0\" width=\"640\" height=\"360\" frameborder=\"0\" allowfullscreen=\"allowfullscreen\"><\/iframe><\/p>\n","protected":false},"excerpt":{"rendered":"<p>El grup Amunt penja del projecte de diversificaci\u00f3 curricular de l\u2019institut Hip\u00e0tia d\u2019Alexandria. Inicialment est\u00e0 format per tres alumnes de segon, cinc de tercer i quatre de quart, en total dotze alumnes.<br \/>\n<a href=\"http:\/\/agora.xtec.cat\/insllicamunt2\/wp-content\/uploads\/usu1100\/2016\/06\/20160215_135027.jpg\" rel=\"attachment wp-att-3864\"><\/a><br \/>\nProgramem l\u2019activitat a partir dels gustos de l\u2019alumnat: en primer lloc&hellip;  <a href=\"https:\/\/agora.xtec.cat\/insllicamunt2\/el-far-dhipatia\/grups\/amunt-tv\/\" title=\"Read Amunt TV\">Llegeix m\u00e9s\u00bb<\/a><\/p>\n","protected":false},"author":66,"featured_media":3864,"comment_status":"open","ping_status":"open","sticky":false,"template":"","format":"standard","meta":{"_bbp_topic_count":0,"_bbp_reply_count":0,"_bbp_total_topic_count":0,"_bbp_total_reply_count":0,"_bbp_voice_count":0,"_bbp_anonymous_reply_count":0,"_bbp_topic_count_hidden":0,"_bbp_reply_count_hidden":0,"_bbp_forum_subforum_count":0,"footnotes":""},"categories":[5,6,7,93,408,520,99,401,1040,3,98,29,399],"tags":[1226,1228,588,877,1227,547,1225,159],"class_list":["post-3863","post","type-post","status-publish","format-standard","has-post-thumbnail","hentry","category-2n-deso","category-3r-deso","category-4t-deso","category-activitats-daula","category-al-voltant-de-la-lectura","category-amunt","category-articles","category-la-biblioteca-dalexandria","category-el-far-dhipatia","category-grups","category-noticies-breus","category-portada","category-projectes","tag-amunt-tv","tag-equip-de-redaccio-telenoticies","tag-hort","tag-noticies","tag-periodistes","tag-projecte-amunt","tag-tv","tag-video"],"post_mailing_queue_ids":[],"_links":{"self":[{"href":"https:\/\/agora.xtec.cat\/insllicamunt2\/wp-json\/wp\/v2\/posts\/3863","targetHints":{"allow":["GET"]}}],"collection":[{"href":"https:\/\/agora.xtec.cat\/insllicamunt2\/wp-json\/wp\/v2\/posts"}],"about":[{"href":"https:\/\/agora.xtec.cat\/insllicamunt2\/wp-json\/wp\/v2\/types\/post"}],"author":[{"embeddable":true,"href":"https:\/\/agora.xtec.cat\/insllicamunt2\/wp-json\/wp\/v2\/users\/66"}],"replies":[{"embeddable":true,"href":"https:\/\/agora.xtec.cat\/insllicamunt2\/wp-json\/wp\/v2\/comments?post=3863"}],"version-history":[{"count":3,"href":"https:\/\/agora.xtec.cat\/insllicamunt2\/wp-json\/wp\/v2\/posts\/3863\/revisions"}],"predecessor-version":[{"id":3898,"href":"https:\/\/agora.xtec.cat\/insllicamunt2\/wp-json\/wp\/v2\/posts\/3863\/revisions\/3898"}],"wp:featuredmedia":[{"embeddable":true,"href":"https:\/\/agora.xtec.cat\/insllicamunt2\/wp-json\/wp\/v2\/media\/3864"}],"wp:attachment":[{"href":"https:\/\/agora.xtec.cat\/insllicamunt2\/wp-json\/wp\/v2\/media?parent=3863"}],"wp:term":[{"taxonomy":"category","embeddable":true,"href":"https:\/\/agora.xtec.cat\/insllicamunt2\/wp-json\/wp\/v2\/categories?post=3863"},{"taxonomy":"post_tag","embeddable":true,"href":"https:\/\/agora.xtec.cat\/insllicamunt2\/wp-json\/wp\/v2\/tags?post=3863"}],"curies":[{"name":"wp","href":"https:\/\/api.w.org\/{rel}","templated":true}]}}