{"id":3823,"date":"2016-06-06T10:37:55","date_gmt":"2016-06-06T08:37:55","guid":{"rendered":"http:\/\/agora.xtec.cat\/insllicamunt2\/?p=3823"},"modified":"2016-06-07T13:11:51","modified_gmt":"2016-06-07T11:11:51","slug":"projecte-de-diversificacio-curricular-amunt-espai-hort","status":"publish","type":"post","link":"https:\/\/agora.xtec.cat\/insllicamunt2\/el-far-dhipatia\/grups\/projecte-de-diversificacio-curricular-amunt-espai-hort\/","title":{"rendered":"Projecte de diversificaci\u00f3 curricular Amunt. Espai Hort."},"content":{"rendered":"<p style=\"text-align: justify;\">La revista Humana s&#8217;ha fet ress\u00f2 de la iniciativa de l&#8217;institut Hip\u00e0tia d&#8217;Alexandria de Lli\u00e7\u00e0 d&#8217;Amunt del projecte de diversificaci\u00f3 curricular de l&#8217;espai hort. L&#8217;article es publicar\u00e0 a la revista del mes de juliol a paper i a la web d&#8217;Humana.<\/p>\n<p style=\"text-align: center;\"><img loading=\"lazy\" decoding=\"async\" class=\"aligncenter\" src=\"https:\/\/lh3.googleusercontent.com\/-JcQARwKOLkk\/V1XeF5MrQpI\/AAAAAAAATmM\/n7uVpklvG7EVGr0OSokHtnDxTHRjuZoJwCCo\/s800\/20160606_095356.jpg\" alt=\"\" width=\"600\" height=\"338\" \/><\/p>\n<p style=\"text-align: center;\"><em>Regant a les 8 del mat\u00ed.<\/em><\/p>\n<p style=\"text-align: justify;\">El Joan Carles Montes, responsable del Departament de Comunicaci\u00f3 d&#8217;Humana a l&#8217;Ametlla del Vall\u00e8s ens ho ha fet saber. Estarem doncs ben pendents de l&#8217;article que parlar\u00e0 de nosaltres al n\u00famero de juliol.<\/p>\n<p style=\"text-align: center;\"><img loading=\"lazy\" decoding=\"async\" class=\"aligncenter\" src=\"https:\/\/lh3.googleusercontent.com\/-UjpgNQ07T5E\/V1XeHw4cCpI\/AAAAAAAATmM\/t-ce7q49PzEnqa70lQX9ajik56-NNFXCQCCo\/s800\/20160606_095558.jpg\" alt=\"\" width=\"338\" height=\"600\" \/><\/p>\n<p style=\"text-align: center;\"><em>Flors de carbass\u00f3.<\/em><\/p>\n<p style=\"text-align: justify;\">Podeu consultar <a href=\"http:\/\/www.humana-spain.org\/quienes-somos\/comunicacion\/noticias\/el-3c-abre-sus-puertas-y-sale-al-exterior-i\/es\" target=\"_blank\">AQU\u00cd<\/a> informaci\u00f3 sobre altres horts en els que ha participat la fundaci\u00f3 Humana.<\/p>\n<p style=\"text-align: center;\"><img loading=\"lazy\" decoding=\"async\" class=\"aligncenter\" src=\"https:\/\/lh3.googleusercontent.com\/-unioljUi5ag\/V1XeHdp2khI\/AAAAAAAATmM\/Ls1MGQrAQ_s8JKQq737fVFrxojbozCKbQCCo\/s800\/20160606_095604.jpg\" alt=\"\" width=\"338\" height=\"600\" \/><\/p>\n<p style=\"text-align: center;\"><em>Tomaqueres ben arrelades.<\/em><\/p>\n<p style=\"text-align: center;\"><a href=\"http:\/\/agora.xtec.cat\/insllicamunt2\/wp-content\/uploads\/usu1100\/2016\/06\/image001.jpg\" rel=\"attachment wp-att-3859\"><img loading=\"lazy\" decoding=\"async\" class=\"aligncenter size-full wp-image-3859\" src=\"http:\/\/agora.xtec.cat\/insllicamunt2\/wp-content\/uploads\/usu1100\/2016\/06\/image001.jpg\" alt=\"image001\" width=\"200\" height=\"57\" \/><\/a><\/p>\n","protected":false},"excerpt":{"rendered":"<p>La revista Humana s&#8217;ha fet ress\u00f2 de la iniciativa de l&#8217;institut Hip\u00e0tia d&#8217;Alexandria de Lli\u00e7\u00e0 d&#8217;Amunt del projecte de diversificaci\u00f3 curricular de l&#8217;espai hort. L&#8217;article es publicar\u00e0 a la revista del mes de juliol a paper i a la web d&#8217;Humana.<\/p>\n<p>Regant a les 8 del&hellip;  <a href=\"https:\/\/agora.xtec.cat\/insllicamunt2\/el-far-dhipatia\/grups\/projecte-de-diversificacio-curricular-amunt-espai-hort\/\" title=\"Read Projecte de diversificaci\u00f3 curricular Amunt. Espai Hort.\">Llegeix m\u00e9s\u00bb<\/a><\/p>\n","protected":false},"author":66,"featured_media":3861,"comment_status":"open","ping_status":"open","sticky":false,"template":"","format":"standard","meta":{"_bbp_topic_count":0,"_bbp_reply_count":0,"_bbp_total_topic_count":0,"_bbp_total_reply_count":0,"_bbp_voice_count":0,"_bbp_anonymous_reply_count":0,"_bbp_topic_count_hidden":0,"_bbp_reply_count_hidden":0,"_bbp_forum_subforum_count":0,"footnotes":""},"categories":[5,6,7,101,520,99,1040,3,98,29,399],"tags":[588,1096,547],"class_list":["post-3823","post","type-post","status-publish","format-standard","has-post-thumbnail","hentry","category-2n-deso","category-3r-deso","category-4t-deso","category-activitats-de-centre","category-amunt","category-articles","category-el-far-dhipatia","category-grups","category-noticies-breus","category-portada","category-projectes","tag-hort","tag-humana","tag-projecte-amunt"],"post_mailing_queue_ids":[],"_links":{"self":[{"href":"https:\/\/agora.xtec.cat\/insllicamunt2\/wp-json\/wp\/v2\/posts\/3823","targetHints":{"allow":["GET"]}}],"collection":[{"href":"https:\/\/agora.xtec.cat\/insllicamunt2\/wp-json\/wp\/v2\/posts"}],"about":[{"href":"https:\/\/agora.xtec.cat\/insllicamunt2\/wp-json\/wp\/v2\/types\/post"}],"author":[{"embeddable":true,"href":"https:\/\/agora.xtec.cat\/insllicamunt2\/wp-json\/wp\/v2\/users\/66"}],"replies":[{"embeddable":true,"href":"https:\/\/agora.xtec.cat\/insllicamunt2\/wp-json\/wp\/v2\/comments?post=3823"}],"version-history":[{"count":3,"href":"https:\/\/agora.xtec.cat\/insllicamunt2\/wp-json\/wp\/v2\/posts\/3823\/revisions"}],"predecessor-version":[{"id":3880,"href":"https:\/\/agora.xtec.cat\/insllicamunt2\/wp-json\/wp\/v2\/posts\/3823\/revisions\/3880"}],"wp:featuredmedia":[{"embeddable":true,"href":"https:\/\/agora.xtec.cat\/insllicamunt2\/wp-json\/wp\/v2\/media\/3861"}],"wp:attachment":[{"href":"https:\/\/agora.xtec.cat\/insllicamunt2\/wp-json\/wp\/v2\/media?parent=3823"}],"wp:term":[{"taxonomy":"category","embeddable":true,"href":"https:\/\/agora.xtec.cat\/insllicamunt2\/wp-json\/wp\/v2\/categories?post=3823"},{"taxonomy":"post_tag","embeddable":true,"href":"https:\/\/agora.xtec.cat\/insllicamunt2\/wp-json\/wp\/v2\/tags?post=3823"}],"curies":[{"name":"wp","href":"https:\/\/api.w.org\/{rel}","templated":true}]}}