{"id":320,"date":"2015-03-19T13:04:07","date_gmt":"2015-03-19T12:04:07","guid":{"rendered":"http:\/\/agora.xtec.cat\/insllicamunt2\/?p=320"},"modified":"2016-05-09T11:01:01","modified_gmt":"2016-05-09T10:01:01","slug":"2n-deso-va-al-mnac-i-a-linefc","status":"publish","type":"post","link":"https:\/\/agora.xtec.cat\/insllicamunt2\/el-far-dhipatia\/grups\/2n-deso-va-al-mnac-i-a-linefc\/","title":{"rendered":"2n d&#8217;ESO va al MNAC  i a l\u00b4INEFC"},"content":{"rendered":"<p style=\"text-align: justify;\">El dia 6 de febrer, el curs de segon d\u2019ESO va anar a Barcelona al Museu Nacional d\u2019Art de Catalunya (MNAC) a fer una s\u00e8rie d\u2019activitats relacionades amb la mat\u00e8ria de socials. Tamb\u00e9, des l&#8217; \u00e0rea d\u2019Educaci\u00f3 f\u00edsica es va organitzar un passeig per la zona ol\u00edmpica i van visitar l\u2019Institut Nacional d\u2019Educaci\u00f3 F\u00edsica de Catalunya (INEFC).<\/p>\n<p style=\"text-align: center;\"><a href=\"http:\/\/agora.xtec.cat\/insllicamunt2\/wp-content\/uploads\/usu1100\/2015\/03\/3-300x155.jpg\"><img loading=\"lazy\" decoding=\"async\" class=\"aligncenter  wp-image-321\" src=\"http:\/\/agora.xtec.cat\/insllicamunt2\/wp-content\/uploads\/usu1100\/2015\/03\/3-300x155.jpg\" alt=\"MNAC\" width=\"377\" height=\"195\" \/><\/a><\/p>\n<p style=\"text-align: justify;\">En arribar a Barcelona, es van dirigir al museu des de la Pla\u00e7a Espanya on els va deixar l\u2019autob\u00fas i ,despr\u00e9s d\u2019esmorzar, van fer unes activitats que consistien a visitar les sales de l&#8217; exposici\u00f3 i localitzar els animals amagats que hi havia als quadres. D\u2019aquesta manera, podien trobar la soluci\u00f3 del misteri que els van proposar des del museu. Una altra activitat va consistir a fer un dibuix d\u2019una s\u00e8rie d\u2019escultures i retrats del museu. Van visitar la sala d\u2019art rom\u00e0nic i a la sala d\u2019art g\u00f2tic, estils treballats a l&#8217; \u00e0rea de socials.<\/p>\n<p style=\"text-align: center;\">\u00a0<a href=\"http:\/\/agora.xtec.cat\/insllicamunt2\/wp-content\/uploads\/usu1100\/2015\/03\/4-300x157.jpg\"><img loading=\"lazy\" decoding=\"async\" class=\"aligncenter  wp-image-322\" src=\"http:\/\/agora.xtec.cat\/insllicamunt2\/wp-content\/uploads\/usu1100\/2015\/03\/4-300x157.jpg\" alt=\"MNAC 2\" width=\"380\" height=\"199\" \/><\/a><\/p>\n<p style=\"text-align: justify;\">En acabar les activitats corresponents, van dirigir-se a l\u2019INEFC, passant per la zona ol\u00edmpica, on es van trobar amb un noi, estudiant de quart any que els va fer una visita guiada amb l&#8217; objectiu d&#8217; ensenyar les pistes on fan les preparacions f\u00edsiques, les proves d\u2019acc\u00e9s a la instituci\u00f3 i tot tipus d\u2019entrenaments de la carrera esportiva. A continuaci\u00f3, l\u2019estudiant els va portar en una aula i va projectar una presentaci\u00f3 amb un resum de les proves d\u2019acc\u00e9s necess\u00e0ries i totes les dificultats i beneficis que t\u00e9 la carrera.<\/p>\n<p style=\"text-align: justify;\">Paula Mart\u00ednez i Laura Dom\u00ednguez<\/p>\n","protected":false},"excerpt":{"rendered":"<p>El dia 6 de febrer, el curs de segon d\u2019ESO va anar a Barcelona al Museu Nacional d\u2019Art de Catalunya (MNAC) a fer una s\u00e8rie d\u2019activitats relacionades amb la mat\u00e8ria de socials. Tamb\u00e9, des l&#8217; \u00e0rea d\u2019Educaci\u00f3 f\u00edsica es va organitzar un passeig per la&hellip;  <a href=\"https:\/\/agora.xtec.cat\/insllicamunt2\/el-far-dhipatia\/grups\/2n-deso-va-al-mnac-i-a-linefc\/\" title=\"Read 2n d&#8217;ESO va al MNAC  i a l\u00b4INEFC\">Llegeix m\u00e9s\u00bb<\/a><\/p>\n","protected":false},"author":1,"featured_media":321,"comment_status":"open","ping_status":"open","sticky":false,"template":"","format":"standard","meta":{"_bbp_topic_count":0,"_bbp_reply_count":0,"_bbp_total_topic_count":0,"_bbp_total_reply_count":0,"_bbp_voice_count":0,"_bbp_anonymous_reply_count":0,"_bbp_topic_count_hidden":0,"_bbp_reply_count_hidden":0,"_bbp_forum_subforum_count":0,"footnotes":""},"categories":[5,94,99,355,352,3,29],"tags":[87,86,85,88],"class_list":["post-320","post","type-post","status-publish","format-standard","has-post-thumbnail","hentry","category-2n-deso","category-activitats-fora-del-centre","category-articles","category-ciencies-socials","category-educacio-fisica","category-grups","category-portada","tag-art","tag-historia","tag-mnac","tag-museu"],"post_mailing_queue_ids":[],"_links":{"self":[{"href":"https:\/\/agora.xtec.cat\/insllicamunt2\/wp-json\/wp\/v2\/posts\/320","targetHints":{"allow":["GET"]}}],"collection":[{"href":"https:\/\/agora.xtec.cat\/insllicamunt2\/wp-json\/wp\/v2\/posts"}],"about":[{"href":"https:\/\/agora.xtec.cat\/insllicamunt2\/wp-json\/wp\/v2\/types\/post"}],"author":[{"embeddable":true,"href":"https:\/\/agora.xtec.cat\/insllicamunt2\/wp-json\/wp\/v2\/users\/1"}],"replies":[{"embeddable":true,"href":"https:\/\/agora.xtec.cat\/insllicamunt2\/wp-json\/wp\/v2\/comments?post=320"}],"version-history":[{"count":2,"href":"https:\/\/agora.xtec.cat\/insllicamunt2\/wp-json\/wp\/v2\/posts\/320\/revisions"}],"predecessor-version":[{"id":338,"href":"https:\/\/agora.xtec.cat\/insllicamunt2\/wp-json\/wp\/v2\/posts\/320\/revisions\/338"}],"wp:featuredmedia":[{"embeddable":true,"href":"https:\/\/agora.xtec.cat\/insllicamunt2\/wp-json\/wp\/v2\/media\/321"}],"wp:attachment":[{"href":"https:\/\/agora.xtec.cat\/insllicamunt2\/wp-json\/wp\/v2\/media?parent=320"}],"wp:term":[{"taxonomy":"category","embeddable":true,"href":"https:\/\/agora.xtec.cat\/insllicamunt2\/wp-json\/wp\/v2\/categories?post=320"},{"taxonomy":"post_tag","embeddable":true,"href":"https:\/\/agora.xtec.cat\/insllicamunt2\/wp-json\/wp\/v2\/tags?post=320"}],"curies":[{"name":"wp","href":"https:\/\/api.w.org\/{rel}","templated":true}]}}