{"id":3153,"date":"2016-05-06T08:04:33","date_gmt":"2016-05-06T07:04:33","guid":{"rendered":"http:\/\/agora.xtec.cat\/insllicamunt2\/?p=3153"},"modified":"2016-05-07T10:27:27","modified_gmt":"2016-05-07T09:27:27","slug":"migracio-de-la-web-de-centre-a-la-plataforma-nodes","status":"publish","type":"post","link":"https:\/\/agora.xtec.cat\/insllicamunt2\/el-far-dhipatia\/portada\/migracio-de-la-web-de-centre-a-la-plataforma-nodes\/","title":{"rendered":"Migraci\u00f3 de la web de centre a la plataforma Nodes"},"content":{"rendered":"<p style=\"text-align: justify;\">Amb 5 anys d&#8217;hist\u00f2ria, l&#8217;Institut Hip\u00e0tia d&#8217;Alexandria, sempre atent a les noves tecnologies i als projectes d&#8217;innovaci\u00f3, renova ara el seu portal de centre per quarta vegada.<\/p>\n<p style=\"text-align: justify;\">La migraci\u00f3 a la nova plataforma ser\u00e0 progressiva i constar\u00e0 de tres etapes:<\/p>\n<p style=\"text-align: justify; padding-left: 30px;\">1) Posada en marxa de la nova web de la plataforma Nodes.<\/p>\n<p style=\"text-align: justify; padding-left: 60px;\">La nova web ja \u00e9s en marxa a l&#8217;adre\u00e7a &#8220;<a href=\"http:\/\/agora.xtec.cat\/insllicamunt2\" target=\"_blank\">http:\/\/agora.xtec.cat\/insllicamunt2<\/a>&#8220;. Mentrestant, la Intraweb anterior es mantindr\u00e0 activa, per\u00f2 no es renovaran ni les not\u00edcies ni la imatge d&#8217;inici.<\/p>\n<p style=\"text-align: justify; padding-left: 30px;\">2) Redireccionament autom\u00e0tic de la Intraweb a la nova web Nodes.<\/p>\n<p style=\"text-align: justify; padding-left: 60px;\">Quan s&#8217;accedeixi a la Intraweb des de cercadors d&#8217;internet s&#8217;obrir\u00e0 autom\u00e0ticament la nova web.<\/p>\n<p style=\"text-align: justify; padding-left: 30px;\">3) Tancament de l&#8217;antiga Intraweb.<\/p>\n<p style=\"text-align: justify; padding-left: 60px;\">Ja no es podr\u00e0 accedir a la Intraweb antiga des de l&#8217;adre\u00e7a url (es redireccionar\u00e0 autom\u00e0ticament a la nova web).<\/p>\n<p style=\"text-align: justify; padding-left: 30px;\">4) Canvi de la url de la web de centre (se substituir\u00e0 el nom de &#8220;insllicamunt2&#8221; per &#8220;inshipatia&#8221;).<\/p>\n<p style=\"text-align: justify; padding-left: 60px;\">La url d&#8217;acc\u00e9s al portal de centre canviar\u00e0 amb l&#8217;objectiu d&#8217;incorporar-hi el nom propi de l&#8217;institut.<\/p>\n<p style=\"text-align: justify;\">L&#8217;Institut Hip\u00e0tia d&#8217;Alexandria es va fer visible inicialment a la xarxa gr\u00e0cies a una senzilla p\u00e0gina est\u00e0tica resident als servidors XTEC del Departament d&#8217;Ensenyament. De seguida es va implantar la Intraweb com a portal de centre per a la gesti\u00f3 i comunicaci\u00f3 amb els alumnes i les fam\u00edlies, juntament amb la validaci\u00f3 d&#8217;usuaris i acc\u00e9s a l&#8217;aula virtual Moodle. Aquesta plataforma, que resideix als servidors \u00c0GORA del Departament d&#8217;Ensenyament, s&#8217;ha mantingut activa fins ara, tot i haver experimentat una important renovaci\u00f3 est\u00e8tica ara fa dos anys.<\/p>\n<p style=\"text-align: center;\"><a href=\"http:\/\/www.xtec.cat\/insllicamunt2\/\" target=\"_blank\"><img loading=\"lazy\" decoding=\"async\" class=\"aligncenter size-full wp-image-3156\" src=\"http:\/\/agora.xtec.cat\/insllicamunt2\/wp-content\/uploads\/usu1100\/2016\/05\/webmoltvella.png\" alt=\"webmoltvella\" width=\"600\" height=\"358\" srcset=\"https:\/\/agora.xtec.cat\/insllicamunt2\/wp-content\/uploads\/usu1100\/2016\/05\/webmoltvella.png 600w, https:\/\/agora.xtec.cat\/insllicamunt2\/wp-content\/uploads\/usu1100\/2016\/05\/webmoltvella-300x179.png 300w\" sizes=\"auto, (max-width: 600px) 100vw, 600px\" \/><\/a><\/p>\n<p style=\"text-align: center;\"><em>Primera web resident al servidor XTEC.<\/em><\/p>\n<p style=\"text-align: center;\"><a href=\"http:\/\/agora.xtec.cat\/insllicamunt2\/intranet\" target=\"_blank\"><img loading=\"lazy\" decoding=\"async\" class=\"aligncenter size-full wp-image-3157\" src=\"http:\/\/agora.xtec.cat\/insllicamunt2\/wp-content\/uploads\/usu1100\/2016\/05\/webvella.png\" alt=\"webvella\" width=\"600\" height=\"358\" srcset=\"https:\/\/agora.xtec.cat\/insllicamunt2\/wp-content\/uploads\/usu1100\/2016\/05\/webvella.png 600w, https:\/\/agora.xtec.cat\/insllicamunt2\/wp-content\/uploads\/usu1100\/2016\/05\/webvella-300x179.png 300w\" sizes=\"auto, (max-width: 600px) 100vw, 600px\" \/><\/a><\/p>\n<p style=\"text-align: center;\"><em>Intraweb activa fins ara.<\/em><\/p>\n<p style=\"text-align: justify;\">El Departament d&#8217;Ensenyament ha apostat fort pel desenvolupament i expansi\u00f3 de la nova plataforma NODES, resident tamb\u00e9 als servidors \u00c0GORA, molt m\u00e9s adaptada a les noves tecnologies i a les xarxes socials, facilitant tant la comunicaci\u00f3 del centre amb les fam\u00edlies i els alumnes com el treball i la col\u00b7laboraci\u00f3 entre els alumnes.<\/p>\n<p style=\"text-align: justify;\">El curs passat ja v\u00e0rem activar la plataforma Nodes de forma innovadora com a revista digital El Far d&#8217;Hip\u00e0tia, i r\u00e0pidament va tenir la notorietat suficient com per rebre el reconeixement dels serveis educatius centrals del Departament d&#8217;Ensenyament.<\/p>\n<p style=\"text-align: center;\"><a href=\"http:\/\/agora.xtec.cat\/insllicamunt2\/categoria\/el-far-dhipatia\/\" target=\"_blank\"><img loading=\"lazy\" decoding=\"async\" class=\"aligncenter size-large wp-image-262\" src=\"http:\/\/agora.xtec.cat\/insllicamunt2\/wp-content\/uploads\/usu1100\/2015\/02\/far2-1024x182.png\" alt=\"far\" width=\"1024\" height=\"182\" srcset=\"https:\/\/agora.xtec.cat\/insllicamunt2\/wp-content\/uploads\/usu1100\/2015\/02\/far2-1024x182.png 1024w, https:\/\/agora.xtec.cat\/insllicamunt2\/wp-content\/uploads\/usu1100\/2015\/02\/far2-300x53.png 300w, https:\/\/agora.xtec.cat\/insllicamunt2\/wp-content\/uploads\/usu1100\/2015\/02\/far2.png 1120w\" sizes=\"auto, (max-width: 1024px) 100vw, 1024px\" \/><\/a><\/p>\n<p style=\"text-align: justify;\">El Departament d&#8217;Ensenyament t\u00e9 previst tancar en un futur la Intraweb de tots els centres. \u00c9s per aix\u00f2 que ens hem volgut avan\u00e7ar portant a terme la migraci\u00f3 de la web del nostre institut a la plataforma Nodes, tot mantenint al m\u00e0xim l&#8217;estructura original de la p\u00e0gina per tal de facilitar l&#8217;adaptaci\u00f3 de tots els usuaris a la nova interf\u00edcie.<\/p>\n<p style=\"text-align: justify;\">Amb l&#8217;esperit de treball, recerca i innovaci\u00f3 de la gent que forma el nostre institut treballarem de seguida per explorar i explotar al m\u00e0xim totes les funcionalitats d&#8217;aquesta nova plataforma i beneficiar-nos dels seus avantatges.<\/p>\n","protected":false},"excerpt":{"rendered":"<p>Amb 5 anys d&#8217;hist\u00f2ria, l&#8217;Institut Hip\u00e0tia d&#8217;Alexandria, sempre atent a les noves tecnologies i als projectes d&#8217;innovaci\u00f3, renova ara el seu portal de centre per quarta vegada.<br \/>\nLa migraci\u00f3 a la nova plataforma ser\u00e0 progressiva i constar\u00e0 de tres etapes:<br \/>\n1) Posada en marxa de la nova&hellip;  <a href=\"https:\/\/agora.xtec.cat\/insllicamunt2\/el-far-dhipatia\/portada\/migracio-de-la-web-de-centre-a-la-plataforma-nodes\/\" title=\"Read Migraci\u00f3 de la web de centre a la plataforma Nodes\">Llegeix m\u00e9s\u00bb<\/a><\/p>\n","protected":false},"author":1,"featured_media":3155,"comment_status":"open","ping_status":"open","sticky":false,"template":"","format":"standard","meta":{"_bbp_topic_count":0,"_bbp_reply_count":0,"_bbp_total_topic_count":0,"_bbp_total_reply_count":0,"_bbp_voice_count":0,"_bbp_anonymous_reply_count":0,"_bbp_topic_count_hidden":0,"_bbp_reply_count_hidden":0,"_bbp_forum_subforum_count":0,"footnotes":""},"categories":[99,593,1040,98,29],"tags":[1050,597,120,147,754,1042,878,1052,122,1054,1053,1051],"class_list":["post-3153","post","type-post","status-publish","format-standard","has-post-thumbnail","hentry","category-articles","category-comunitat-educativa","category-el-far-dhipatia","category-noticies-breus","category-portada","tag-agora","tag-departament-densenyament","tag-el-far-dhipatia","tag-institut","tag-internet","tag-intraweb","tag-nodes","tag-portal-de-centre","tag-revista","tag-tac","tag-web","tag-xtec"],"post_mailing_queue_ids":[],"_links":{"self":[{"href":"https:\/\/agora.xtec.cat\/insllicamunt2\/wp-json\/wp\/v2\/posts\/3153","targetHints":{"allow":["GET"]}}],"collection":[{"href":"https:\/\/agora.xtec.cat\/insllicamunt2\/wp-json\/wp\/v2\/posts"}],"about":[{"href":"https:\/\/agora.xtec.cat\/insllicamunt2\/wp-json\/wp\/v2\/types\/post"}],"author":[{"embeddable":true,"href":"https:\/\/agora.xtec.cat\/insllicamunt2\/wp-json\/wp\/v2\/users\/1"}],"replies":[{"embeddable":true,"href":"https:\/\/agora.xtec.cat\/insllicamunt2\/wp-json\/wp\/v2\/comments?post=3153"}],"version-history":[{"count":3,"href":"https:\/\/agora.xtec.cat\/insllicamunt2\/wp-json\/wp\/v2\/posts\/3153\/revisions"}],"predecessor-version":[{"id":3247,"href":"https:\/\/agora.xtec.cat\/insllicamunt2\/wp-json\/wp\/v2\/posts\/3153\/revisions\/3247"}],"wp:featuredmedia":[{"embeddable":true,"href":"https:\/\/agora.xtec.cat\/insllicamunt2\/wp-json\/wp\/v2\/media\/3155"}],"wp:attachment":[{"href":"https:\/\/agora.xtec.cat\/insllicamunt2\/wp-json\/wp\/v2\/media?parent=3153"}],"wp:term":[{"taxonomy":"category","embeddable":true,"href":"https:\/\/agora.xtec.cat\/insllicamunt2\/wp-json\/wp\/v2\/categories?post=3153"},{"taxonomy":"post_tag","embeddable":true,"href":"https:\/\/agora.xtec.cat\/insllicamunt2\/wp-json\/wp\/v2\/tags?post=3153"}],"curies":[{"name":"wp","href":"https:\/\/api.w.org\/{rel}","templated":true}]}}