{"id":302,"date":"2015-01-30T12:22:50","date_gmt":"2015-01-30T11:22:50","guid":{"rendered":"http:\/\/agora.xtec.cat\/insllicamunt2\/?p=302"},"modified":"2016-05-09T11:05:59","modified_gmt":"2016-05-09T10:05:59","slug":"conferencia-a-lescriptor-artur-padilla","status":"publish","type":"post","link":"https:\/\/agora.xtec.cat\/insllicamunt2\/el-far-dhipatia\/grups\/4t-deso\/conferencia-a-lescriptor-artur-padilla\/","title":{"rendered":"Confer\u00e8ncia a l&#8217;escriptor Artur Padilla"},"content":{"rendered":"<p style=\"text-align: center;\"><strong>L\u2019 ESCRIPTOR ARTUR PADILLA DE JUAN VISITA L\u2019 IES HIP\u00c0TIA D\u2019ALEXANDRIA<\/strong><\/p>\n<p style=\"text-align: center;\"><a href=\"http:\/\/agora.xtec.cat\/insllicamunt2\/wp-content\/uploads\/usu1100\/2015\/03\/ArturPadilla1.png\"><img loading=\"lazy\" decoding=\"async\" class=\"aligncenter size-full wp-image-303\" src=\"http:\/\/agora.xtec.cat\/insllicamunt2\/wp-content\/uploads\/usu1100\/2015\/03\/ArturPadilla1.png\" alt=\"ArturPadilla1\" width=\"600\" height=\"392\" srcset=\"https:\/\/agora.xtec.cat\/insllicamunt2\/wp-content\/uploads\/usu1100\/2015\/03\/ArturPadilla1.png 600w, https:\/\/agora.xtec.cat\/insllicamunt2\/wp-content\/uploads\/usu1100\/2015\/03\/ArturPadilla1-300x196.png 300w\" sizes=\"auto, (max-width: 600px) 100vw, 600px\" \/><\/a><\/p>\n<p style=\"text-align: justify;\">El Departament de Lleng\u00fces de l\u2019 institut posa en marxa un cicle de confer\u00e8ncies per als alumnes de 4t d\u2019ESO, amb l\u2019 objectiu de presentar diferents personalitats amb prestigi reconegut. Al llarg del segon trimestre, l\u2019 alumnat\u00a0\u00a0 tindr\u00e0 l\u2019 oportunitat de con\u00e8ixer professionals de diferents \u00e0mbits acad\u00e8mics i professionals. En aquest context el passat dimarts 27 de gener, l\u2019escriptor Artur Padilla De Juan va fer una visita als alumnes de 4t d\u2019ESO per parlar sobre l\u2019 exercici de la creaci\u00f3 liter\u00e0ria, i tamb\u00e9 del Premi Jordi Sierra i Fabra que li va ser atorgat el 2006, gr\u00e0cies a la seva primera novel\u00b7la <em>El poder de una decisi\u00f3n<\/em>. Aquesta obra tracta \u00a0l\u2019assetjament escolar, l\u2019amistat i el racisme des d\u2019una perspectiva jove. El llibre est\u00e0 basat en una hist\u00f2ria real que va succeir al poble basc d\u2019Hondarribia, quan un noi va su\u00efcidar-se despr\u00e9s de suportar l\u2019assetjament continu dels seus companys de classe.<\/p>\n<p style=\"text-align: center;\"><a href=\"http:\/\/agora.xtec.cat\/insllicamunt2\/wp-content\/uploads\/usu1100\/2015\/03\/ArturPadilla3.png\"><img loading=\"lazy\" decoding=\"async\" class=\"aligncenter size-full wp-image-304\" src=\"http:\/\/agora.xtec.cat\/insllicamunt2\/wp-content\/uploads\/usu1100\/2015\/03\/ArturPadilla3.png\" alt=\"ArturPadilla3\" width=\"600\" height=\"401\" srcset=\"https:\/\/agora.xtec.cat\/insllicamunt2\/wp-content\/uploads\/usu1100\/2015\/03\/ArturPadilla3.png 600w, https:\/\/agora.xtec.cat\/insllicamunt2\/wp-content\/uploads\/usu1100\/2015\/03\/ArturPadilla3-300x200.png 300w\" sizes=\"auto, (max-width: 600px) 100vw, 600px\" \/><\/a><\/p>\n<p style=\"text-align: justify;\">La trobada va ser molt profitosa perqu\u00e8, a m\u00e9s de la xerrada, l\u2019 alumnat va poder dialogar amb Artur Padilla sobre la seva obra i sobre la seva vida com a escriptor. Tots els alumnes van coincidir en el fet que l\u2019 autor de <em>La tempesta<\/em> \u00e9s un jove escriptor molt proper i un gran comunicador.<\/p>\n<p style=\"text-align: center;\"><a href=\"http:\/\/agora.xtec.cat\/insllicamunt2\/wp-content\/uploads\/usu1100\/2015\/03\/ArturPadilla2.png\"><img loading=\"lazy\" decoding=\"async\" class=\"aligncenter size-full wp-image-305\" src=\"http:\/\/agora.xtec.cat\/insllicamunt2\/wp-content\/uploads\/usu1100\/2015\/03\/ArturPadilla2.png\" alt=\"ArturPadilla2\" width=\"600\" height=\"506\" srcset=\"https:\/\/agora.xtec.cat\/insllicamunt2\/wp-content\/uploads\/usu1100\/2015\/03\/ArturPadilla2.png 600w, https:\/\/agora.xtec.cat\/insllicamunt2\/wp-content\/uploads\/usu1100\/2015\/03\/ArturPadilla2-300x253.png 300w\" sizes=\"auto, (max-width: 600px) 100vw, 600px\" \/><\/a><\/p>\n","protected":false},"excerpt":{"rendered":"<p>L\u2019 ESCRIPTOR ARTUR PADILLA DE JUAN VISITA L\u2019 IES HIP\u00c0TIA D\u2019ALEXANDRIA<br \/>\n<a href=\"http:\/\/agora.xtec.cat\/insllicamunt2\/wp-content\/uploads\/usu1100\/2015\/03\/ArturPadilla1.png\"><\/a><br \/>\nEl Departament de Lleng\u00fces de l\u2019 institut posa en marxa un cicle de confer\u00e8ncies per als alumnes de 4t d\u2019ESO, amb l\u2019 objectiu de presentar diferents personalitats amb prestigi reconegut. Al llarg del segon&hellip;  <a href=\"https:\/\/agora.xtec.cat\/insllicamunt2\/el-far-dhipatia\/grups\/4t-deso\/conferencia-a-lescriptor-artur-padilla\/\" title=\"Read Confer\u00e8ncia a l&#8217;escriptor Artur Padilla\">Llegeix m\u00e9s\u00bb<\/a><\/p>\n","protected":false},"author":1,"featured_media":303,"comment_status":"open","ping_status":"open","sticky":false,"template":"","format":"standard","meta":{"_bbp_topic_count":0,"_bbp_reply_count":0,"_bbp_total_topic_count":0,"_bbp_total_reply_count":0,"_bbp_voice_count":0,"_bbp_anonymous_reply_count":0,"_bbp_topic_count_hidden":0,"_bbp_reply_count_hidden":0,"_bbp_forum_subforum_count":0,"footnotes":""},"categories":[7,93,351,350,99,348,349,68,29],"tags":[73,70],"class_list":["post-302","post","type-post","status-publish","format-standard","has-post-thumbnail","hentry","category-4t-deso","category-activitats-daula","category-alemany","category-angles","category-articles","category-castella","category-catala","category-entrevistes","category-portada","tag-artur-padilla","tag-llica-damunt"],"post_mailing_queue_ids":[],"_links":{"self":[{"href":"https:\/\/agora.xtec.cat\/insllicamunt2\/wp-json\/wp\/v2\/posts\/302","targetHints":{"allow":["GET"]}}],"collection":[{"href":"https:\/\/agora.xtec.cat\/insllicamunt2\/wp-json\/wp\/v2\/posts"}],"about":[{"href":"https:\/\/agora.xtec.cat\/insllicamunt2\/wp-json\/wp\/v2\/types\/post"}],"author":[{"embeddable":true,"href":"https:\/\/agora.xtec.cat\/insllicamunt2\/wp-json\/wp\/v2\/users\/1"}],"replies":[{"embeddable":true,"href":"https:\/\/agora.xtec.cat\/insllicamunt2\/wp-json\/wp\/v2\/comments?post=302"}],"version-history":[{"count":2,"href":"https:\/\/agora.xtec.cat\/insllicamunt2\/wp-json\/wp\/v2\/posts\/302\/revisions"}],"predecessor-version":[{"id":339,"href":"https:\/\/agora.xtec.cat\/insllicamunt2\/wp-json\/wp\/v2\/posts\/302\/revisions\/339"}],"wp:featuredmedia":[{"embeddable":true,"href":"https:\/\/agora.xtec.cat\/insllicamunt2\/wp-json\/wp\/v2\/media\/303"}],"wp:attachment":[{"href":"https:\/\/agora.xtec.cat\/insllicamunt2\/wp-json\/wp\/v2\/media?parent=302"}],"wp:term":[{"taxonomy":"category","embeddable":true,"href":"https:\/\/agora.xtec.cat\/insllicamunt2\/wp-json\/wp\/v2\/categories?post=302"},{"taxonomy":"post_tag","embeddable":true,"href":"https:\/\/agora.xtec.cat\/insllicamunt2\/wp-json\/wp\/v2\/tags?post=302"}],"curies":[{"name":"wp","href":"https:\/\/api.w.org\/{rel}","templated":true}]}}