{"id":2612,"date":"2016-04-18T13:00:09","date_gmt":"2016-04-18T12:00:09","guid":{"rendered":"http:\/\/agora.xtec.cat\/insllicamunt2\/?p=2612"},"modified":"2016-05-05T23:11:57","modified_gmt":"2016-05-05T22:11:57","slug":"estudiem-el-nostre-arbre-genealogic-des-del-punt-de-vista-de-la-genetica","status":"publish","type":"post","link":"https:\/\/agora.xtec.cat\/insllicamunt2\/el-far-dhipatia\/grups\/4t-deso\/estudiem-el-nostre-arbre-genealogic-des-del-punt-de-vista-de-la-genetica\/","title":{"rendered":"Estudiem el nostre arbre geneal\u00f2gic des del punt de vista de la gen\u00e8tica"},"content":{"rendered":"<p style=\"text-align: justify;\">A la mat\u00e8ria de Biologia i Geologia els alumnes de 4rt d\u2019ESO hem recopilat informaci\u00f3 durant aquestes passades setmanes sobre la nostra fam\u00edlia amb l\u2019objectiu de realitzar un estudi de gen\u00e8tica.<\/p>\n<p style=\"text-align: center;\"><img loading=\"lazy\" decoding=\"async\" class=\"aligncenter\" src=\"https:\/\/lh3.googleusercontent.com\/-U5jKB0Iwm2A\/VxTqXHmh7xI\/AAAAAAAASQY\/Dq0OL8DjamA3QUE9OZngkBpnTniF_qkVgCCo\/s800-Ic42\/IMG_4549.JPG\" alt=\"\" width=\"600\" height=\"450\" \/><\/p>\n<p style=\"text-align: justify;\">Cada alumne ha preguntat als diversos membres de la seva fam\u00edlia els diferents fenotips requerits pel professor. Aquests car\u00e0cters eren el g\u00e8nere del familiar, si pateixen calv\u00edcie pronunciada, el color dels seus ulls, el color natural del cabell, si poden recargolar la llengua, com creuen els bra\u00e7os, com creuen els dits, i si tenen el l\u00f2bul de l\u2019orella separat o enganxat.<\/p>\n<p style=\"text-align: center;\"><img loading=\"lazy\" decoding=\"async\" class=\"aligncenter\" src=\"https:\/\/lh3.googleusercontent.com\/-TZySjNPjGG0\/VxTqXHlLztI\/AAAAAAAASQY\/OeZpnEJPWrkJl1h7B5lh98AGuN4zTiMqACCo\/s800-Ic42\/IMG_4545.JPG\" alt=\"\" width=\"600\" height=\"450\" \/><\/p>\n<p style=\"text-align: justify;\">Un cop recollida la informaci\u00f3 vam haver de crear els arbres geneal\u00f2gics corresponents (per a estalviar temps, vam incloure en un mateix arbre diferents car\u00e0cters). Per convenci\u00f3, les dones es representen amb cercles i els homes amb un quadrat. En el primer arbre vam representar el color dels ulls i el color del cabell (utilitzant la meitat del cercle o del quadrat per a cadascun dels car\u00e0cters). Al segon arbre vam diferenciar amb colors en un costat si tenien calv\u00edcie o no i a l\u2019altre costat si tenien el l\u00f2bul de l&#8217;orella separat o junt. Finalment, al tercer diagrama vam diferenciar amb colors si creuaven el bra\u00e7 dret per sobre o per sota de l&#8217;esquerre, si creuaven el dit gros de la m\u00e0 per sobre o per sota de l&#8217;esquerre i, per \u00faltim, si tenien la capacitat de recargolar la llengua.<\/p>\n<p style=\"text-align: center;\"><img loading=\"lazy\" decoding=\"async\" class=\"aligncenter\" src=\"https:\/\/lh3.googleusercontent.com\/-QEm4FT499s0\/VxTqXOuY6LI\/AAAAAAAASQY\/60MjNM5o1Xknp2Klsi2KBhvasWjU9DNNACCo\/s800-Ic42\/IMG_4546.JPG\" alt=\"\" width=\"600\" height=\"450\" \/><\/p>\n<p style=\"text-align: justify;\">La segona part d\u2019aquest estudi va consistir en analitzar els fenotips de la descend\u00e8ncia amb l&#8217;objectiu de determinar els possibles genotips de cadascun dels membres de la nostra fam\u00edlia, aix\u00ed com determinar el tipus de mecanisme hereditari dels diferents car\u00e0cters estudiats.<\/p>\n<p style=\"text-align: center;\"><img loading=\"lazy\" decoding=\"async\" class=\"aligncenter\" src=\"https:\/\/lh3.googleusercontent.com\/-zE61IA-_Vvs\/VxTqXEZYlQI\/AAAAAAAASQY\/XYUeIEn8_5U_iZrynAcOvWNzBfxpRukDgCCo\/s800-Ic42\/IMG_4547.JPG\" alt=\"\" width=\"600\" height=\"450\" \/><\/p>\n<p style=\"text-align: justify;\">Aquest article ha estat elaborat per la Maria Mor\u00f3n i per la Nazareth Galv\u00e1n.<\/p>\n","protected":false},"excerpt":{"rendered":"<p>A la mat\u00e8ria de Biologia i Geologia els alumnes de 4rt d\u2019ESO hem recopilat informaci\u00f3 durant aquestes passades setmanes sobre la nostra fam\u00edlia amb l\u2019objectiu de realitzar un estudi de gen\u00e8tica.<\/p>\n<p>Cada alumne ha preguntat als diversos membres de la seva fam\u00edlia els diferents fenotips requerits&hellip;  <a href=\"https:\/\/agora.xtec.cat\/insllicamunt2\/el-far-dhipatia\/grups\/4t-deso\/estudiem-el-nostre-arbre-genealogic-des-del-punt-de-vista-de-la-genetica\/\" title=\"Read Estudiem el nostre arbre geneal\u00f2gic des del punt de vista de la gen\u00e8tica\">Llegeix m\u00e9s\u00bb<\/a><\/p>\n","protected":false},"author":89,"featured_media":2619,"comment_status":"open","ping_status":"open","sticky":false,"template":"","format":"standard","meta":{"_bbp_topic_count":0,"_bbp_reply_count":0,"_bbp_total_topic_count":0,"_bbp_total_reply_count":0,"_bbp_voice_count":0,"_bbp_anonymous_reply_count":0,"_bbp_topic_count_hidden":0,"_bbp_reply_count_hidden":0,"_bbp_forum_subforum_count":0,"footnotes":""},"categories":[7,93,99,347,346,98,29],"tags":[917,1213,1026,916,918,915,723,390],"class_list":["post-2612","post","type-post","status-publish","format-standard","has-post-thumbnail","hentry","category-4t-deso","category-activitats-daula","category-articles","category-biologia-i-geologia","category-materies","category-noticies-breus","category-portada","tag-arbre-genealogic","tag-biologia-i-geologia","tag-caracter","tag-fenotip","tag-genetica","tag-genotip","tag-investigacio","tag-treball-competencial"],"post_mailing_queue_ids":[],"_links":{"self":[{"href":"https:\/\/agora.xtec.cat\/insllicamunt2\/wp-json\/wp\/v2\/posts\/2612","targetHints":{"allow":["GET"]}}],"collection":[{"href":"https:\/\/agora.xtec.cat\/insllicamunt2\/wp-json\/wp\/v2\/posts"}],"about":[{"href":"https:\/\/agora.xtec.cat\/insllicamunt2\/wp-json\/wp\/v2\/types\/post"}],"author":[{"embeddable":true,"href":"https:\/\/agora.xtec.cat\/insllicamunt2\/wp-json\/wp\/v2\/users\/89"}],"replies":[{"embeddable":true,"href":"https:\/\/agora.xtec.cat\/insllicamunt2\/wp-json\/wp\/v2\/comments?post=2612"}],"version-history":[{"count":4,"href":"https:\/\/agora.xtec.cat\/insllicamunt2\/wp-json\/wp\/v2\/posts\/2612\/revisions"}],"predecessor-version":[{"id":2650,"href":"https:\/\/agora.xtec.cat\/insllicamunt2\/wp-json\/wp\/v2\/posts\/2612\/revisions\/2650"}],"wp:featuredmedia":[{"embeddable":true,"href":"https:\/\/agora.xtec.cat\/insllicamunt2\/wp-json\/wp\/v2\/media\/2619"}],"wp:attachment":[{"href":"https:\/\/agora.xtec.cat\/insllicamunt2\/wp-json\/wp\/v2\/media?parent=2612"}],"wp:term":[{"taxonomy":"category","embeddable":true,"href":"https:\/\/agora.xtec.cat\/insllicamunt2\/wp-json\/wp\/v2\/categories?post=2612"},{"taxonomy":"post_tag","embeddable":true,"href":"https:\/\/agora.xtec.cat\/insllicamunt2\/wp-json\/wp\/v2\/tags?post=2612"}],"curies":[{"name":"wp","href":"https:\/\/api.w.org\/{rel}","templated":true}]}}