{"id":2258,"date":"2016-03-15T16:43:35","date_gmt":"2016-03-15T15:43:35","guid":{"rendered":"http:\/\/agora.xtec.cat\/insllicamunt2\/?p=2258"},"modified":"2016-05-09T08:25:00","modified_gmt":"2016-05-09T07:25:00","slug":"3-14-hem-celebrat-el-dia-pi","status":"publish","type":"post","link":"https:\/\/agora.xtec.cat\/insllicamunt2\/el-far-dhipatia\/grups\/3-14-hem-celebrat-el-dia-pi\/","title":{"rendered":"3.14 Hem celebrat el dia Pi !!!!!"},"content":{"rendered":"<p style=\"text-align: justify;\">Aquest dilluns 14 de mar\u00e7 hem celebrat el dia Internacional del nombre Pi en el nostre Institut.<\/p>\n<p style=\"text-align: justify;\">Hem pogut veure la feina de preparaci\u00f3 de la setmana passada i hem vist com ens an\u00e0vem acostant al nombre pi mitjan\u00e7ant successives aproximacions.<\/p>\n<p style=\"text-align: center;\"><a href=\"http:\/\/agora.xtec.cat\/insllicamunt2\/wp-content\/uploads\/usu1100\/2016\/03\/Arquimedes-Pi-e1458204383980.jpeg\"><img loading=\"lazy\" decoding=\"async\" class=\"aligncenter size-full wp-image-2263\" src=\"http:\/\/agora.xtec.cat\/insllicamunt2\/wp-content\/uploads\/usu1100\/2016\/03\/Arquimedes-Pi-e1458204383980.jpeg\" alt=\"Arquimedes Pi\" width=\"554\" height=\"228\" \/><\/a><\/p>\n<p style=\"text-align: justify;\">A m\u00e9s a m\u00e9s, hem fruit d&#8217;una interessant confer\u00e8ncia de l&#8217;Anton Aubanell sobre l&#8217;origen del nostre calendari, que us pengem per si \u00e9s del vostre inter\u00e8s:<\/p>\n<p style=\"text-align: justify;\">El calendari est\u00e0 present cont\u00ednuament a les nostres vides controlant el pas del temps, posant data als nostres records, organitzant les nostres activitats, estructurant la nostra hist\u00f2ria, adornant amb espurnes d\u2019il\u00b7lusi\u00f3 el nostre futur&#8230; Tanmateix ens resulta tan habitual, tan familiar, que potser no li donem la import\u00e0ncia que es mereix i no som conscients de l\u2019esfor\u00e7 que ha calgut fer, des de la ci\u00e8ncia, i en particular des de les matem\u00e0tiques, per anar-lo ajustant progressivament. La nostra passejada intentar\u00e0 retre un petit homenatge a aquest esfor\u00e7: resseguirem, sense cap pretensi\u00f3 d\u2019exhaustivitat, els passos del seu desenvolupament per anar aconseguint adaptar, decimal a decimal, la durada de l\u2019any civil a la de l\u2019any natural. Una aventura formidable que demostra que el calendari \u00e9s molt m\u00e9s que aquell bloc de paper que tenim penjat a cuina!<\/p>\n<p style=\"text-align: center;\"><iframe loading=\"lazy\" src=\"https:\/\/www.youtube.com\/embed\/tJAmes9nlQk?rel=0&amp;showinfo=0\" width=\"640\" height=\"360\" frameborder=\"0\" allowfullscreen=\"allowfullscreen\"><\/iframe><\/p>\n<p style=\"text-align: justify;\">I ara a esperar un any fins el proper 14 de mar\u00e7 per tornar a celebrar la gran diada matem\u00e0tica!<\/p>\n","protected":false},"excerpt":{"rendered":"<p>Aquest dilluns 14 de mar\u00e7 hem celebrat el dia Internacional del nombre Pi en el nostre Institut.<br \/>\nHem pogut veure la feina de preparaci\u00f3 de la setmana passada i hem vist com ens an\u00e0vem acostant al nombre pi mitjan\u00e7ant successives aproximacions.<br \/>\n<a href=\"http:\/\/agora.xtec.cat\/insllicamunt2\/wp-content\/uploads\/usu1100\/2016\/03\/Arquimedes-Pi-e1458204383980.jpeg\"><\/a><br \/>\nA m\u00e9s a m\u00e9s, hem&hellip;  <a href=\"https:\/\/agora.xtec.cat\/insllicamunt2\/el-far-dhipatia\/grups\/3-14-hem-celebrat-el-dia-pi\/\" title=\"Read 3.14 Hem celebrat el dia Pi !!!!!\">Llegeix m\u00e9s\u00bb<\/a><\/p>\n","protected":false},"author":45,"featured_media":2264,"comment_status":"open","ping_status":"open","sticky":false,"template":"","format":"standard","meta":{"_bbp_topic_count":0,"_bbp_reply_count":0,"_bbp_total_topic_count":0,"_bbp_total_reply_count":0,"_bbp_voice_count":0,"_bbp_anonymous_reply_count":0,"_bbp_topic_count_hidden":0,"_bbp_reply_count_hidden":0,"_bbp_forum_subforum_count":0,"footnotes":""},"categories":[4,5,6,7,101,94,99,3,354,98,29],"tags":[956,883,121,442,860,606],"class_list":["post-2258","post","type-post","status-publish","format-standard","has-post-thumbnail","hentry","category-1r-deso","category-2n-deso","category-3r-deso","category-4t-deso","category-activitats-de-centre","category-activitats-fora-del-centre","category-articles","category-grups","category-matematiques","category-noticies-breus","category-portada","tag-anton-aubanell","tag-calendari","tag-hipatia-dalexandria","tag-matematiques","tag-pi","tag-teatre-lalianca"],"post_mailing_queue_ids":[],"_links":{"self":[{"href":"https:\/\/agora.xtec.cat\/insllicamunt2\/wp-json\/wp\/v2\/posts\/2258","targetHints":{"allow":["GET"]}}],"collection":[{"href":"https:\/\/agora.xtec.cat\/insllicamunt2\/wp-json\/wp\/v2\/posts"}],"about":[{"href":"https:\/\/agora.xtec.cat\/insllicamunt2\/wp-json\/wp\/v2\/types\/post"}],"author":[{"embeddable":true,"href":"https:\/\/agora.xtec.cat\/insllicamunt2\/wp-json\/wp\/v2\/users\/45"}],"replies":[{"embeddable":true,"href":"https:\/\/agora.xtec.cat\/insllicamunt2\/wp-json\/wp\/v2\/comments?post=2258"}],"version-history":[{"count":5,"href":"https:\/\/agora.xtec.cat\/insllicamunt2\/wp-json\/wp\/v2\/posts\/2258\/revisions"}],"predecessor-version":[{"id":2297,"href":"https:\/\/agora.xtec.cat\/insllicamunt2\/wp-json\/wp\/v2\/posts\/2258\/revisions\/2297"}],"wp:featuredmedia":[{"embeddable":true,"href":"https:\/\/agora.xtec.cat\/insllicamunt2\/wp-json\/wp\/v2\/media\/2264"}],"wp:attachment":[{"href":"https:\/\/agora.xtec.cat\/insllicamunt2\/wp-json\/wp\/v2\/media?parent=2258"}],"wp:term":[{"taxonomy":"category","embeddable":true,"href":"https:\/\/agora.xtec.cat\/insllicamunt2\/wp-json\/wp\/v2\/categories?post=2258"},{"taxonomy":"post_tag","embeddable":true,"href":"https:\/\/agora.xtec.cat\/insllicamunt2\/wp-json\/wp\/v2\/tags?post=2258"}],"curies":[{"name":"wp","href":"https:\/\/api.w.org\/{rel}","templated":true}]}}