{"id":2203,"date":"2016-03-10T21:51:05","date_gmt":"2016-03-10T20:51:05","guid":{"rendered":"http:\/\/agora.xtec.cat\/insllicamunt2\/?p=2203"},"modified":"2016-05-09T08:28:31","modified_gmt":"2016-05-09T07:28:31","slug":"3-14-ja-estem-preparant-el-dia-pi","status":"publish","type":"post","link":"https:\/\/agora.xtec.cat\/insllicamunt2\/el-far-dhipatia\/grups\/3-14-ja-estem-preparant-el-dia-pi\/","title":{"rendered":"3.14 Ja estem preparant el dia PI"},"content":{"rendered":"<p><img loading=\"lazy\" decoding=\"async\" class=\" size-full wp-image-2206 aligncenter\" src=\"http:\/\/agora.xtec.cat\/insllicamunt2\/wp-content\/uploads\/usu1100\/2016\/03\/origami-1r1.jpg\" alt=\"origami 1r\" width=\"599\" height=\"340\" srcset=\"https:\/\/agora.xtec.cat\/insllicamunt2\/wp-content\/uploads\/usu1100\/2016\/03\/origami-1r1.jpg 599w, https:\/\/agora.xtec.cat\/insllicamunt2\/wp-content\/uploads\/usu1100\/2016\/03\/origami-1r1-300x170.jpg 300w\" sizes=\"auto, (max-width: 599px) 100vw, 599px\" \/><\/p>\n<p style=\"text-align: justify;\">El dilluns celebrarem a l&#8217;Institut el Dia del Nombre Pi, el 14 de mar\u00e7 (en notaci\u00f3 anglosaxona 3.14) amb una interessant\u00edssima xerrada de l&#8217;Anton Aubanell sobre com\u00a0ha anat evolucionant\u00a0al llarg del temps el nostre calendari. Per\u00f2 pr\u00e8viament ja estem preparant aquesta diada tot treballant aquest nombre amb els alumnes.<\/p>\n<p><a href=\"http:\/\/agora.xtec.cat\/insllicamunt2\/wp-content\/uploads\/usu1100\/2016\/03\/origami-2.jpg\"><img loading=\"lazy\" decoding=\"async\" class=\" size-full wp-image-2205 aligncenter\" src=\"http:\/\/agora.xtec.cat\/insllicamunt2\/wp-content\/uploads\/usu1100\/2016\/03\/origami-2.jpg\" alt=\"origami 2\" width=\"598\" height=\"336\" srcset=\"https:\/\/agora.xtec.cat\/insllicamunt2\/wp-content\/uploads\/usu1100\/2016\/03\/origami-2.jpg 598w, https:\/\/agora.xtec.cat\/insllicamunt2\/wp-content\/uploads\/usu1100\/2016\/03\/origami-2-300x169.jpg 300w\" sizes=\"auto, (max-width: 598px) 100vw, 598px\" \/><\/a><\/p>\n<p style=\"text-align: justify;\">Intentarem acostar-nos a descobrir per a nosaltres mateixos els decimals del nombre Pi amb el mateix m\u00e8tode que el gran matem\u00e0tic grec Arquimedes de Siracusa ho va intentar fa 23 segles.\u00a0 Per a fer-ho estan treballant de forma coordinada tots els cursos de l&#8217;Institut utilitzant Origami per obtenir els 8 primers pol\u00edgons regulars i d&#8217;ells n&#8217;obtindrem successives aproximacions al nombre Pi.<\/p>\n<p>&nbsp;<\/p>\n<p style=\"text-align: center;\">\n","protected":false},"excerpt":{"rendered":"<p>El dilluns celebrarem a l&#8217;Institut el Dia del Nombre Pi, el 14 de mar\u00e7 (en notaci\u00f3 anglosaxona 3.14) amb una interessant\u00edssima xerrada de l&#8217;Anton Aubanell sobre com\u00a0ha anat evolucionant\u00a0al llarg del temps el nostre calendari. Per\u00f2 pr\u00e8viament ja estem preparant aquesta diada tot treballant aquest&hellip;  <a href=\"https:\/\/agora.xtec.cat\/insllicamunt2\/el-far-dhipatia\/grups\/3-14-ja-estem-preparant-el-dia-pi\/\" title=\"Read 3.14 Ja estem preparant el dia PI\">Llegeix m\u00e9s\u00bb<\/a><\/p>\n","protected":false},"author":45,"featured_media":2207,"comment_status":"open","ping_status":"open","sticky":false,"template":"","format":"standard","meta":{"_bbp_topic_count":0,"_bbp_reply_count":0,"_bbp_total_topic_count":0,"_bbp_total_reply_count":0,"_bbp_voice_count":0,"_bbp_anonymous_reply_count":0,"_bbp_topic_count_hidden":0,"_bbp_reply_count_hidden":0,"_bbp_forum_subforum_count":0,"footnotes":""},"categories":[4,5,6,7,101,99,3,354,98,29],"tags":[930,1214,442,487,860],"class_list":["post-2203","post","type-post","status-publish","format-standard","has-post-thumbnail","hentry","category-1r-deso","category-2n-deso","category-3r-deso","category-4t-deso","category-activitats-de-centre","category-articles","category-grups","category-matematiques","category-noticies-breus","category-portada","tag-arquimedes","tag-ciencies","tag-matematiques","tag-origami","tag-pi"],"post_mailing_queue_ids":[],"_links":{"self":[{"href":"https:\/\/agora.xtec.cat\/insllicamunt2\/wp-json\/wp\/v2\/posts\/2203","targetHints":{"allow":["GET"]}}],"collection":[{"href":"https:\/\/agora.xtec.cat\/insllicamunt2\/wp-json\/wp\/v2\/posts"}],"about":[{"href":"https:\/\/agora.xtec.cat\/insllicamunt2\/wp-json\/wp\/v2\/types\/post"}],"author":[{"embeddable":true,"href":"https:\/\/agora.xtec.cat\/insllicamunt2\/wp-json\/wp\/v2\/users\/45"}],"replies":[{"embeddable":true,"href":"https:\/\/agora.xtec.cat\/insllicamunt2\/wp-json\/wp\/v2\/comments?post=2203"}],"version-history":[{"count":3,"href":"https:\/\/agora.xtec.cat\/insllicamunt2\/wp-json\/wp\/v2\/posts\/2203\/revisions"}],"predecessor-version":[{"id":2217,"href":"https:\/\/agora.xtec.cat\/insllicamunt2\/wp-json\/wp\/v2\/posts\/2203\/revisions\/2217"}],"wp:featuredmedia":[{"embeddable":true,"href":"https:\/\/agora.xtec.cat\/insllicamunt2\/wp-json\/wp\/v2\/media\/2207"}],"wp:attachment":[{"href":"https:\/\/agora.xtec.cat\/insllicamunt2\/wp-json\/wp\/v2\/media?parent=2203"}],"wp:term":[{"taxonomy":"category","embeddable":true,"href":"https:\/\/agora.xtec.cat\/insllicamunt2\/wp-json\/wp\/v2\/categories?post=2203"},{"taxonomy":"post_tag","embeddable":true,"href":"https:\/\/agora.xtec.cat\/insllicamunt2\/wp-json\/wp\/v2\/tags?post=2203"}],"curies":[{"name":"wp","href":"https:\/\/api.w.org\/{rel}","templated":true}]}}