{"id":2158,"date":"2016-03-08T12:29:16","date_gmt":"2016-03-08T11:29:16","guid":{"rendered":"http:\/\/agora.xtec.cat\/insllicamunt2\/?p=2158"},"modified":"2016-05-09T08:30:05","modified_gmt":"2016-05-09T07:30:05","slug":"investiguem-sobre-la-nostra-familia","status":"publish","type":"post","link":"https:\/\/agora.xtec.cat\/insllicamunt2\/el-far-dhipatia\/grups\/4t-deso\/investiguem-sobre-la-nostra-familia\/","title":{"rendered":"Investiguem sobre la nostra fam\u00edlia"},"content":{"rendered":"<p style=\"text-align: justify;\"><span style=\"font-family: Arial,sans-serif;\">Els alumnes de 4t d&#8217;ESO estem estudiant gen\u00e8tica a la mat\u00e8ria de Biologia i Geologia, i apliquem els coneixements assolits a l&#8217;an\u00e0lisi dels nostres propis arbres geneal\u00f2gics.<\/span><\/p>\n<p style=\"text-align: center;\"><img loading=\"lazy\" decoding=\"async\" class=\"aligncenter\" src=\"https:\/\/lh3.googleusercontent.com\/-XLuVGwZvGvA\/Vt6zNMQYs6I\/AAAAAAAARRg\/_A4AMyDnY8E\/s800-Ic42\/IMG_4121.JPG\" alt=\"\" width=\"600\" height=\"450\" \/><\/p>\n<p style=\"text-align: justify;\"><span style=\"font-family: Arial,sans-serif;\">Per crear els nostres arbres geneal\u00f2gics vam seguir les pautes de representaci\u00f3 habituals: els homes es representen amb quadrats i les dones amb cercles, les c\u00f2pules amb descend\u00e8ncia es representen amb una l\u00ednia horitzontal, mentre que la descend\u00e8ncia amb l\u00ednies verticals.<\/span><\/p>\n<p style=\"text-align: center;\"><img loading=\"lazy\" decoding=\"async\" class=\"aligncenter\" src=\"https:\/\/lh3.googleusercontent.com\/-M4Uhbr6_U4c\/Vt6zND6EvdI\/AAAAAAAARRg\/uCNmRkGWM5w\/s800-Ic42\/IMG_4119.JPG\" alt=\"\" width=\"600\" height=\"450\" \/><\/p>\n<p style=\"text-align: justify;\"><span style=\"font-family: Arial,sans-serif;\">Vam fer l&#8217;estudi per a diferents car\u00e0cters: 1) la forma del l\u00f2bul de la orella (separat o unit), 2) el creuament de bra\u00e7os (si col\u00b7loques el bra\u00e7 dret a sobre de l&#8217;esquerre o a l&#8217;inrev\u00e9s), 3) el creuament de dits (si col\u00b7loques el polze dret a sobre de l&#8217;esquerre o a l&#8217;inrev\u00e9s), 4) el color dels ulls (negre, marr\u00f3, blau, gris, verd o vermell), 5) el color del cabell (negre, castany, ros o p\u00e8lroig), 6) la capacitat de posar la llengua en forma de \u00abU\u00bb, i 7) calv\u00edcie (si han patit, si no han patit i si \u00e9s difusa).<\/span><\/p>\n<p style=\"text-align: center;\"><img loading=\"lazy\" decoding=\"async\" class=\"aligncenter\" src=\"https:\/\/lh3.googleusercontent.com\/-pICwITBE56U\/Vt6zNN7hOtI\/AAAAAAAARRg\/UODBC2lIcXQ\/s800-Ic42\/IMG_4120.JPG\" alt=\"\" width=\"600\" height=\"450\" \/><\/p>\n<p style=\"text-align: justify;\"><span style=\"font-family: Arial,sans-serif;\">Una vegada vam confeccionar l&#8217;arbre geneal\u00f2gic, vam indicar els fenotips i vam deduir el tipus d&#8217;her\u00e8ncia i els possibles genotips\u00a0de cadascun dels membres de la nostra fam\u00edlia.<\/span><\/p>\n<p style=\"text-align: justify;\">Article realitzat per: Judith B. Mart\u00ednez i H\u00e9ctor Moya.<\/p>\n","protected":false},"excerpt":{"rendered":"<p>Els alumnes de 4t d&#8217;ESO estem estudiant gen\u00e8tica a la mat\u00e8ria de Biologia i Geologia, i apliquem els coneixements assolits a l&#8217;an\u00e0lisi dels nostres propis arbres geneal\u00f2gics.<\/p>\n<p>Per crear els nostres arbres geneal\u00f2gics vam seguir les pautes de representaci\u00f3 habituals: els homes es representen amb quadrats&hellip;  <a href=\"https:\/\/agora.xtec.cat\/insllicamunt2\/el-far-dhipatia\/grups\/4t-deso\/investiguem-sobre-la-nostra-familia\/\" title=\"Read Investiguem sobre la nostra fam\u00edlia\">Llegeix m\u00e9s\u00bb<\/a><\/p>\n","protected":false},"author":79,"featured_media":2167,"comment_status":"open","ping_status":"open","sticky":false,"template":"","format":"standard","meta":{"_bbp_topic_count":0,"_bbp_reply_count":0,"_bbp_total_topic_count":0,"_bbp_total_reply_count":0,"_bbp_voice_count":0,"_bbp_anonymous_reply_count":0,"_bbp_topic_count_hidden":0,"_bbp_reply_count_hidden":0,"_bbp_forum_subforum_count":0,"footnotes":""},"categories":[7,93,347,98,29],"tags":[917,1213,916,918,915,914],"class_list":["post-2158","post","type-post","status-publish","format-standard","has-post-thumbnail","hentry","category-4t-deso","category-activitats-daula","category-biologia-i-geologia","category-noticies-breus","category-portada","tag-arbre-genealogic","tag-biologia-i-geologia","tag-fenotip","tag-genetica","tag-genotip","tag-herencia"],"post_mailing_queue_ids":[],"_links":{"self":[{"href":"https:\/\/agora.xtec.cat\/insllicamunt2\/wp-json\/wp\/v2\/posts\/2158","targetHints":{"allow":["GET"]}}],"collection":[{"href":"https:\/\/agora.xtec.cat\/insllicamunt2\/wp-json\/wp\/v2\/posts"}],"about":[{"href":"https:\/\/agora.xtec.cat\/insllicamunt2\/wp-json\/wp\/v2\/types\/post"}],"author":[{"embeddable":true,"href":"https:\/\/agora.xtec.cat\/insllicamunt2\/wp-json\/wp\/v2\/users\/79"}],"replies":[{"embeddable":true,"href":"https:\/\/agora.xtec.cat\/insllicamunt2\/wp-json\/wp\/v2\/comments?post=2158"}],"version-history":[{"count":4,"href":"https:\/\/agora.xtec.cat\/insllicamunt2\/wp-json\/wp\/v2\/posts\/2158\/revisions"}],"predecessor-version":[{"id":2166,"href":"https:\/\/agora.xtec.cat\/insllicamunt2\/wp-json\/wp\/v2\/posts\/2158\/revisions\/2166"}],"wp:featuredmedia":[{"embeddable":true,"href":"https:\/\/agora.xtec.cat\/insllicamunt2\/wp-json\/wp\/v2\/media\/2167"}],"wp:attachment":[{"href":"https:\/\/agora.xtec.cat\/insllicamunt2\/wp-json\/wp\/v2\/media?parent=2158"}],"wp:term":[{"taxonomy":"category","embeddable":true,"href":"https:\/\/agora.xtec.cat\/insllicamunt2\/wp-json\/wp\/v2\/categories?post=2158"},{"taxonomy":"post_tag","embeddable":true,"href":"https:\/\/agora.xtec.cat\/insllicamunt2\/wp-json\/wp\/v2\/tags?post=2158"}],"curies":[{"name":"wp","href":"https:\/\/api.w.org\/{rel}","templated":true}]}}