{"id":2140,"date":"2016-03-06T12:44:16","date_gmt":"2016-03-06T11:44:16","guid":{"rendered":"http:\/\/agora.xtec.cat\/insllicamunt2\/?p=2140"},"modified":"2016-05-09T08:31:35","modified_gmt":"2016-05-09T07:31:35","slug":"xerrada-de-linstitut-guttmann-per-4t","status":"publish","type":"post","link":"https:\/\/agora.xtec.cat\/insllicamunt2\/el-far-dhipatia\/grups\/4t-deso\/xerrada-de-linstitut-guttmann-per-4t\/","title":{"rendered":"Xerrada de l&#8217;Institut Guttmann per 4t"},"content":{"rendered":"<p style=\"text-align: justify;\">En Ricard Hern\u00e1ndez \u00e9s de Parets i fa anys va tenir un accident laboral que li va produir una lesi\u00f3 que el va portar a l&#8217;institut Guttmann.<\/p>\n<p style=\"text-align: justify;\">Divendres 4 de mar\u00e7 va venir per explicar-nos la seva experi\u00e8ncia, el seu dia a dia, els problemes, els aprenentatges&#8230; i ens va fer reflexionar sobre la import\u00e0ncia de la seguretat a la carretera, en l&#8217;esport, a casa&#8230; &#8220;No perdre un segon en pensar qu\u00e8 et pot passar, a vegades implica perdre la vida o que et canvi\u00ef per sempre&#8221; va repetir en m\u00e9s d&#8217;una ocasi\u00f3.<\/p>\n<p style=\"text-align: justify;\"><a href=\"https:\/\/picasaweb.google.com\/lh\/photo\/wYF0JQGrDnPBxZPUyY28kpn8_xDv3MNIVE0wubTYtOA?feat=embedwebsite\"><img loading=\"lazy\" decoding=\"async\" class=\" aligncenter\" src=\"https:\/\/lh3.googleusercontent.com\/-MacOZtf8ogs\/VtwJbKW_SWI\/AAAAAAAABAU\/nUnmeBg_PGs\/s640-Ic42\/IMG_20160304_133427.jpg\" alt=\"\" width=\"480\" height=\"640\" \/><\/a><\/p>\n<p style=\"text-align: justify;\">D&#8217;una manera molt sincera i franca, ens va explicar com va canviar la seva vida amb l&#8217;accident i com l&#8217;ha refet. Va captar l&#8217;atenci\u00f3 de l&#8217;alumnat de 4t d&#8217;una manera intensa i va generar un clima de confian\u00e7a que va permetre que els nois i noies li fessin les preguntes que van voler, algunes de molt \u00edntimes, que va respondre amb molta naturalitat.<\/p>\n<p style=\"text-align: justify;\">La valoraci\u00f3 \u00e9s molt positiva i el millor reflex \u00e9s que la xerrada, que estava prevista d&#8217;una hora, es va allargar.<\/p>\n<p style=\"text-align: justify;\"><a href=\"https:\/\/picasaweb.google.com\/lh\/photo\/vut0JP-2SbT2QN3s8ce3yJn8_xDv3MNIVE0wubTYtOA?feat=embedwebsite\"><img loading=\"lazy\" decoding=\"async\" class=\" aligncenter\" src=\"https:\/\/lh3.googleusercontent.com\/-g0ahTTBOwlI\/VtwJfdrQViI\/AAAAAAAABAE\/gcCnvuHwe8Y\/s640-Ic42\/IMG_20160304_135420.jpg\" alt=\"\" width=\"640\" height=\"480\" \/><\/a><\/p>\n<p style=\"text-align: justify;\">Ens va ensenyar un v\u00eddeo amb el testimoni de diferents persones que han passat per l&#8217;Institut Guttmann, la funci\u00f3 d&#8217;aquest centre&#8230; i a nivell m\u00e9s personal, ens va explicar el funcionament del seu cos, de la cadira de rodes&#8230; Fins i tot la va desmuntar, ens hi va deixar pujar i el vam acompanyar fins al cotxe perqu\u00e8 pogu\u00e9ssim veure les adaptacions del vehicle perqu\u00e8 el pugui conduir.<\/p>\n<p style=\"text-align: justify;\"><a href=\"https:\/\/picasaweb.google.com\/lh\/photo\/cAp6BMxT8glkbzT7E6A6A5n8_xDv3MNIVE0wubTYtOA?feat=embedwebsite\"><img loading=\"lazy\" decoding=\"async\" class=\" aligncenter\" src=\"https:\/\/lh3.googleusercontent.com\/--V57MhDZDnM\/VtwJ7LGecOI\/AAAAAAAABAM\/2RT4IicpV5c\/s640-Ic42\/IMG_20160304_142818.jpg\" alt=\"\" width=\"640\" height=\"480\" \/><\/a><\/p>\n<p style=\"text-align: justify;\">Aquesta confer\u00e8ncia s&#8217;emmarca en el Projecte d&#8217;Acci\u00f3 Tutorial de 4t i com en altres ocasions, la vam fer a la Sala polivalent del Casal de la Gent Gran.<\/p>\n<p style=\"text-align: justify;\">Gr\u00e0cies Ricard per la teva amabilitat, la teva sinceritat i el teu exemple! Fins el curs que ve!<\/p>\n<p>&nbsp;<\/p>\n","protected":false},"excerpt":{"rendered":"<p>En Ricard Hern\u00e1ndez \u00e9s de Parets i fa anys va tenir un accident laboral que li va produir una lesi\u00f3 que el va portar a l&#8217;institut Guttmann.<br \/>\nDivendres 4 de mar\u00e7 va venir per explicar-nos la seva experi\u00e8ncia, el seu dia a dia, els problemes, els&hellip;  <a href=\"https:\/\/agora.xtec.cat\/insllicamunt2\/el-far-dhipatia\/grups\/4t-deso\/xerrada-de-linstitut-guttmann-per-4t\/\" title=\"Read Xerrada de l&#8217;Institut Guttmann per 4t\">Llegeix m\u00e9s\u00bb<\/a><\/p>\n","protected":false},"author":33,"featured_media":2141,"comment_status":"open","ping_status":"open","sticky":false,"template":"","format":"standard","meta":{"_bbp_topic_count":0,"_bbp_reply_count":0,"_bbp_total_topic_count":0,"_bbp_total_reply_count":0,"_bbp_voice_count":0,"_bbp_anonymous_reply_count":0,"_bbp_topic_count_hidden":0,"_bbp_reply_count_hidden":0,"_bbp_forum_subforum_count":0,"footnotes":""},"categories":[7,101,98,29,361],"tags":[279,900,283],"class_list":["post-2140","post","type-post","status-publish","format-standard","has-post-thumbnail","hentry","category-4t-deso","category-activitats-de-centre","category-noticies-breus","category-portada","category-tutoria","tag-4t-deso","tag-institut-guttmann","tag-tutoria"],"post_mailing_queue_ids":[],"_links":{"self":[{"href":"https:\/\/agora.xtec.cat\/insllicamunt2\/wp-json\/wp\/v2\/posts\/2140","targetHints":{"allow":["GET"]}}],"collection":[{"href":"https:\/\/agora.xtec.cat\/insllicamunt2\/wp-json\/wp\/v2\/posts"}],"about":[{"href":"https:\/\/agora.xtec.cat\/insllicamunt2\/wp-json\/wp\/v2\/types\/post"}],"author":[{"embeddable":true,"href":"https:\/\/agora.xtec.cat\/insllicamunt2\/wp-json\/wp\/v2\/users\/33"}],"replies":[{"embeddable":true,"href":"https:\/\/agora.xtec.cat\/insllicamunt2\/wp-json\/wp\/v2\/comments?post=2140"}],"version-history":[{"count":3,"href":"https:\/\/agora.xtec.cat\/insllicamunt2\/wp-json\/wp\/v2\/posts\/2140\/revisions"}],"predecessor-version":[{"id":3281,"href":"https:\/\/agora.xtec.cat\/insllicamunt2\/wp-json\/wp\/v2\/posts\/2140\/revisions\/3281"}],"wp:featuredmedia":[{"embeddable":true,"href":"https:\/\/agora.xtec.cat\/insllicamunt2\/wp-json\/wp\/v2\/media\/2141"}],"wp:attachment":[{"href":"https:\/\/agora.xtec.cat\/insllicamunt2\/wp-json\/wp\/v2\/media?parent=2140"}],"wp:term":[{"taxonomy":"category","embeddable":true,"href":"https:\/\/agora.xtec.cat\/insllicamunt2\/wp-json\/wp\/v2\/categories?post=2140"},{"taxonomy":"post_tag","embeddable":true,"href":"https:\/\/agora.xtec.cat\/insllicamunt2\/wp-json\/wp\/v2\/tags?post=2140"}],"curies":[{"name":"wp","href":"https:\/\/api.w.org\/{rel}","templated":true}]}}