{"id":2129,"date":"2016-03-03T09:44:30","date_gmt":"2016-03-03T08:44:30","guid":{"rendered":"http:\/\/agora.xtec.cat\/insllicamunt2\/?p=2129"},"modified":"2016-05-09T08:31:52","modified_gmt":"2016-05-09T07:31:52","slug":"observacio-dalgues-i-protozous","status":"publish","type":"post","link":"https:\/\/agora.xtec.cat\/insllicamunt2\/el-far-dhipatia\/grups\/1r-deso\/observacio-dalgues-i-protozous\/","title":{"rendered":"Observaci\u00f3 d&#8217;algues i protozous"},"content":{"rendered":"<p style=\"text-align: justify;\">La setmana passada a Biologia i Geologia varem realitzar la pr\u00e0ctica de laboratori n\u00famero 8 en la que s&#8217;han d&#8217;observar i descriure diverses algues i protozous per a comprendre la diversitat d&#8217;estrat\u00e8gies biol\u00f2giques i la diversitat de formes dels organismes pertanyents al regne Protoctists.<\/p>\n<p style=\"text-align: center;\"><img loading=\"lazy\" decoding=\"async\" class=\"aligncenter\" src=\"https:\/\/lh3.googleusercontent.com\/-XBqWnovQLg0\/VthMy5SMBQI\/AAAAAAAARPQ\/NlOdGBUKBoM\/s800-Ic42\/IMG_4098.JPG\" alt=\"\" width=\"600\" height=\"450\" \/><\/p>\n<p style=\"text-align: justify;\">Personalment, aquesta pr\u00e0ctica m&#8217;ha agradat molt. No era f\u00e0cil, per\u00f2 va ser interessant i, alhora, divertida, doncs el primer que v\u00e0rem fer \u00e9s anar al riu Tenes a buscar material.<\/p>\n<p style=\"text-align: center;\"><img loading=\"lazy\" decoding=\"async\" class=\"aligncenter\" src=\"https:\/\/lh3.googleusercontent.com\/-xCWDN2QmChw\/VsxHlMG-csI\/AAAAAAAAQ9g\/ABfs68SySTQ\/s800-Ic42\/IMG_4003.JPG\" alt=\"\" width=\"600\" height=\"450\" \/><\/p>\n<p style=\"text-align: justify;\">El primer dia vam fer dibuixos d&#8217;unes algues marines que el professor de Biologia i Geologia tenia al laboratori conservades en sec. En aquest primer exercici hav\u00edem de realitzar dibuixos a ull nu i, opcionalment, amb lupa binocular, i descriure les formes diverses de les diferents esp\u00e8cies d&#8217;algues.<\/p>\n<p style=\"text-align: center;\"><img loading=\"lazy\" decoding=\"async\" class=\"aligncenter\" src=\"https:\/\/lh3.googleusercontent.com\/-US9LCw8WCO4\/VthMy5U1PQI\/AAAAAAAARPQ\/ufT3zYoyksE\/s800-Ic42\/IMG_4099.JPG\" alt=\"\" width=\"600\" height=\"450\" \/><\/p>\n<p style=\"text-align: justify;\">Ens an\u00e0vem passant les mostres a mesura que les an\u00e0vem dibuixant i descrivint. Algunes mostres eren estrafol\u00e0ries, cadascuna d&#8217;un color i mides diferents.<\/p>\n<p style=\"text-align: center;\"><img loading=\"lazy\" decoding=\"async\" class=\"aligncenter\" src=\"https:\/\/lh3.googleusercontent.com\/-_Sxm6EKyknw\/VsxHlOWU_vI\/AAAAAAAAQ9g\/VUVSpV4hGTA\/s800-Ic42\/IMG_4004.JPG\" alt=\"\" width=\"600\" height=\"450\" \/><\/p>\n<p style=\"text-align: justify;\">La segona part del treball va consistir en observar en viu les mostres recollides al riu Tenes. Vam posar amb una pipeta Pasteur una gota del cultiu realitzat la setmana anterior sobre un portaobjectes i la vam tapar amb el cobreobjectes.<\/p>\n<p style=\"text-align: justify;\"><img loading=\"lazy\" decoding=\"async\" class=\"aligncenter\" src=\"https:\/\/lh3.googleusercontent.com\/-E9mF1fkxBzw\/VsxHlP6yncI\/AAAAAAAAQ9g\/45w26ZHw89s\/s800-Ic42\/IMG_4006.JPG\" alt=\"\" width=\"600\" height=\"450\" \/><\/p>\n<p style=\"text-align: justify;\">Al microscopi es van poder observar diversos protozous ciliats, que eren els m\u00e9s abundants. Em va semblar poder recon\u00e8ixer algun protozou que es despla\u00e7ava amb pseud\u00f2podes, per\u00f2 no vaig saber trobar cap flagel\u00b7lat.<\/p>\n<p style=\"text-align: center;\">\u00a0<iframe loading=\"lazy\" src=\"https:\/\/www.youtube.com\/embed\/wUmTEE9N8fQ?rel=0&amp;showinfo=0\" width=\"640\" height=\"350\" frameborder=\"0\" allowfullscreen=\"allowfullscreen\"><\/iframe><\/p>\n","protected":false},"excerpt":{"rendered":"<p>La setmana passada a Biologia i Geologia varem realitzar la pr\u00e0ctica de laboratori n\u00famero 8 en la que s&#8217;han d&#8217;observar i descriure diverses algues i protozous per a comprendre la diversitat d&#8217;estrat\u00e8gies biol\u00f2giques i la diversitat de formes dels organismes pertanyents al regne Protoctists.<\/p>\n<p>Personalment, aquesta&hellip;  <a href=\"https:\/\/agora.xtec.cat\/insllicamunt2\/el-far-dhipatia\/grups\/1r-deso\/observacio-dalgues-i-protozous\/\" title=\"Read Observaci\u00f3 d&#8217;algues i protozous\">Llegeix m\u00e9s\u00bb<\/a><\/p>\n","protected":false},"author":90,"featured_media":2132,"comment_status":"open","ping_status":"open","sticky":false,"template":"","format":"standard","meta":{"_bbp_topic_count":0,"_bbp_reply_count":0,"_bbp_total_topic_count":0,"_bbp_total_reply_count":0,"_bbp_voice_count":0,"_bbp_anonymous_reply_count":0,"_bbp_topic_count_hidden":0,"_bbp_reply_count_hidden":0,"_bbp_forum_subforum_count":0,"footnotes":""},"categories":[4,93,800,99,347,98,29],"tags":[834,1214,897,896,164,899,855,898,108,107],"class_list":["post-2129","post","type-post","status-publish","format-standard","has-post-thumbnail","hentry","category-1r-deso","category-activitats-daula","category-apadrinem-el-riu-tenes","category-articles","category-biologia-i-geologia","category-noticies-breus","category-portada","tag-algues","tag-ciencies","tag-ciliats","tag-flagelats","tag-laboratori","tag-protoctistes","tag-protozous","tag-pseudopodes","tag-riu","tag-tenes"],"post_mailing_queue_ids":[],"_links":{"self":[{"href":"https:\/\/agora.xtec.cat\/insllicamunt2\/wp-json\/wp\/v2\/posts\/2129","targetHints":{"allow":["GET"]}}],"collection":[{"href":"https:\/\/agora.xtec.cat\/insllicamunt2\/wp-json\/wp\/v2\/posts"}],"about":[{"href":"https:\/\/agora.xtec.cat\/insllicamunt2\/wp-json\/wp\/v2\/types\/post"}],"author":[{"embeddable":true,"href":"https:\/\/agora.xtec.cat\/insllicamunt2\/wp-json\/wp\/v2\/users\/90"}],"replies":[{"embeddable":true,"href":"https:\/\/agora.xtec.cat\/insllicamunt2\/wp-json\/wp\/v2\/comments?post=2129"}],"version-history":[{"count":4,"href":"https:\/\/agora.xtec.cat\/insllicamunt2\/wp-json\/wp\/v2\/posts\/2129\/revisions"}],"predecessor-version":[{"id":2136,"href":"https:\/\/agora.xtec.cat\/insllicamunt2\/wp-json\/wp\/v2\/posts\/2129\/revisions\/2136"}],"wp:featuredmedia":[{"embeddable":true,"href":"https:\/\/agora.xtec.cat\/insllicamunt2\/wp-json\/wp\/v2\/media\/2132"}],"wp:attachment":[{"href":"https:\/\/agora.xtec.cat\/insllicamunt2\/wp-json\/wp\/v2\/media?parent=2129"}],"wp:term":[{"taxonomy":"category","embeddable":true,"href":"https:\/\/agora.xtec.cat\/insllicamunt2\/wp-json\/wp\/v2\/categories?post=2129"},{"taxonomy":"post_tag","embeddable":true,"href":"https:\/\/agora.xtec.cat\/insllicamunt2\/wp-json\/wp\/v2\/tags?post=2129"}],"curies":[{"name":"wp","href":"https:\/\/api.w.org\/{rel}","templated":true}]}}