{"id":2047,"date":"2016-02-25T19:53:38","date_gmt":"2016-02-25T18:53:38","guid":{"rendered":"http:\/\/agora.xtec.cat\/insllicamunt2\/?p=2047"},"modified":"2016-05-09T08:34:02","modified_gmt":"2016-05-09T07:34:02","slug":"el-far-dhipatia-sobre-al-mon","status":"publish","type":"post","link":"https:\/\/agora.xtec.cat\/insllicamunt2\/el-far-dhipatia\/portada\/el-far-dhipatia-sobre-al-mon\/","title":{"rendered":"El Far d&#8217;Hip\u00e0tia s&#8217;obre al m\u00f3n"},"content":{"rendered":"<p style=\"text-align: justify;\">El Far d&#8217;Hip\u00e0tia va comen\u00e7ar a funcionar com a revista digital de centre el 24 de novembre de 2014 amb un primer article sobre l&#8217;obsequi d&#8217;un material did\u00e0ctic del Goethe Institute, i com a activitat vinculada al Pla Lector del centre.<\/p>\n<p>&nbsp;<\/p>\n<p style=\"text-align: center;\"><img loading=\"lazy\" decoding=\"async\" class=\"aligncenter\" src=\"https:\/\/lh3.googleusercontent.com\/-qfXc_g_3SkE\/Vs84dP2Z0FI\/AAAAAAAAREk\/RKDId6O8PFs\/s800-Ic42\/revista%252520antiga.jpg\" alt=\"\" width=\"600\" height=\"590\" \/><\/p>\n<p>&nbsp;<\/p>\n<p style=\"text-align: justify;\">Inicialment resident als blocs Xtec, la Revista va mer\u00e8ixer aviat gaudir d&#8217;una major integraci\u00f3 amb el portal de centre, i \u00e9s per aix\u00f2 que, despr\u00e9s d&#8217;11 articles publicats a l&#8217;ubicaci\u00f3 inicial, la revista es va traslladar a la nova plataforma Nodes com a part integral de la p\u00e0gina web de l&#8217;institut. Aquesta migraci\u00f3 es va realitzar el 22 de febrer de 2015, ara fa just un any, amb la nova adre\u00e7a <a href=\"http:\/\/agora.xtec.cat\/insllicamunt2\" target=\"_blank\">http:\/\/agora.xtec.cat\/insllicamunt2<\/a>.<\/p>\n<p>&nbsp;<\/p>\n<p style=\"text-align: center;\"><img loading=\"lazy\" decoding=\"async\" class=\"aligncenter\" src=\"https:\/\/lh3.googleusercontent.com\/-MlrcPzh5R1Y\/Vs8305yJrSI\/AAAAAAAAREg\/WAP0-bGtiKE\/s800-Ic42\/El%252520FarHip.jpg\" alt=\"\" width=\"600\" height=\"372\" \/><\/p>\n<p>&nbsp;<\/p>\n<p style=\"text-align: justify;\">Des d&#8217;aleshores s&#8217;han publicat not\u00edcies a ra\u00f3 de 2 &#8211; 3 novetats setmanals sobre les activitats de l&#8217;institut, sumant a data d&#8217;avui un total de 151 articles sobre celebracions com les de Nadal o Sant Jordi, els viatges al Montseny, a Carcassona, a Dubl\u00edn o a Menorca, visites educatives, confer\u00e8ncies, activitats d&#8217;aula i un llarg etc\u00e8tera.<\/p>\n<p style=\"text-align: center;\"><strong>El Far d&#8217;Hip\u00e0tia \u00e9s avui una finestra oberta al que, amb dedicaci\u00f3 i il\u00b7lusi\u00f3, alumnes i professors realitzem cada dia a l&#8217;Institut Hip\u00e0tia d&#8217;Alexandria.<\/strong><\/p>\n<p style=\"text-align: justify;\">Des del 2 de novembre de 2015 es fa un seguiment sistem\u00e0tic de l&#8217;\u00fas de la web del Far d&#8217;Hip\u00e0tia mitjan\u00e7ant les eines d&#8217;an\u00e0lisi de Google Analytics. Les dades demostren que el Far d&#8217;Hip\u00e0tia s&#8217;ha obert literalment al m\u00f3n:<\/p>\n<p style=\"text-align: center;\"><img loading=\"lazy\" decoding=\"async\" class=\"aligncenter\" src=\"https:\/\/lh3.googleusercontent.com\/-662NlZ0Hq_0\/Vs8-q9tHGVI\/AAAAAAAARE8\/IREeaq3In60\/s800-Ic42\/google-analytics.jpg\" alt=\"\" width=\"360\" height=\"215\" \/><\/p>\n<p>&nbsp;<\/p>\n<p style=\"text-align: justify;\">Des de l&#8217;inici de l&#8217;estad\u00edstica i fins a data d&#8217;avui, al llarg d&#8217;aquests tres mesos i escaig, s&#8217;ha accedit a la revista un total de 4275 vegades, visualitzant-se un total acumulat de 10394 p\u00e0gines d&#8217;El Far!<\/p>\n<p style=\"text-align: justify;\">Com il\u00b7lustra el gr\u00e0fic inferior d&#8217;accessos (sessions) setmanals, el m\u00ednim de consultes realitzades al llarg d&#8217;una setmana \u00e9s de 157 vegades, per\u00f2 el m\u00e0xim ha arribat a assolir les 433 sessions. Tenint en compte que es tracta d&#8217;un centre de poc m\u00e9s de 200 alumnes, aquestes xifres s\u00f3n tot un \u00e8xit.<\/p>\n<p>&nbsp;<\/p>\n<p style=\"text-align: center;\"><img loading=\"lazy\" decoding=\"async\" class=\"aligncenter\" src=\"https:\/\/lh3.googleusercontent.com\/-p11JMKB3ZFo\/Vs8pW_GaIRI\/AAAAAAAAREE\/hhfy4s-g4qE\/s640-Ic42\/Sessions.jpg\" alt=\"\" width=\"640\" height=\"121\" \/><\/p>\n<p>&nbsp;<\/p>\n<p>Si analitzem el mateix gr\u00e0fic dia a dia, observem clarament diversos pics d&#8217;acc\u00e9s a la revista (m\u00e9s de 60 sessions di\u00e0ries), coincidents amb els dies i els articles seg\u00fcents:<\/p>\n<p style=\"text-align: center;\"><img loading=\"lazy\" decoding=\"async\" class=\"alignnone\" src=\"https:\/\/lh3.googleusercontent.com\/-cyWv3LhYqps\/Vs8pWhb5NfI\/AAAAAAAAREE\/wdqun2I8l7w\/s640-Ic42\/Sessions%252520diaries.jpg\" alt=\"\" width=\"640\" height=\"121\" \/><\/p>\n<p>&nbsp;<\/p>\n<ul style=\"list-style-type: circle;\">\n<li style=\"text-align: justify;\">16 novembre 2015 (<a href=\"http:\/\/agora.xtec.cat\/insllicamunt2\/grups\/la-rosa-del-desert\/\" target=\"_blank\">La rosa del desert<\/a>)<\/li>\n<li style=\"text-align: justify;\">26 novembre 2015 (<a href=\"http:\/\/agora.xtec.cat\/insllicamunt2\/grups\/nous-habitants-al-laboratori-de-ciencies-grills-domestics-i-escarabats-de-la-farina\/\" target=\"_blank\">Nous habitants al laboratori de Ci\u00e8ncies: grills dom\u00e8stics i escarabats de la farina<\/a>)<\/li>\n<li style=\"text-align: justify;\">10 desembre 2015 (<a href=\"http:\/\/agora.xtec.cat\/insllicamunt2\/grups\/el-projecte-amunt-i-lambit-cientific-tecnologic\/\" target=\"_blank\">El projecte Amunt i l&#8217;\u00e0mbit cient\u00edfic-tecnol\u00f2gic<\/a>)<\/li>\n<li style=\"text-align: justify;\">24 desembre 2015 (<a href=\"http:\/\/agora.xtec.cat\/insllicamunt2\/grups\/festa-esportiva-2015\/\" target=\"_blank\">Festa esportiva 2015<\/a>)<\/li>\n<li style=\"text-align: justify;\">12 gener 2016 (<a href=\"http:\/\/agora.xtec.cat\/insllicamunt2\/grups\/tenint-cura-dun-basto\/\" target=\"_blank\">Tenint cura d&#8217;un &#8220;bast\u00f3&#8221;&#8230;<\/a>)<\/li>\n<li style=\"text-align: justify;\">25 gener 2016 (<a href=\"http:\/\/agora.xtec.cat\/insllicamunt2\/grups\/guaita-que-fem-ara-al-laboratori-bacteris-cel%C2%B7lules-vegetals-i-investigacio-csi\/\" target=\"_blank\">Guaita qu\u00e8 fem ara al laboratori: bacteris, c\u00e8l\u00b7lules vegetals i investigaci\u00f3 CSI<\/a>)<\/li>\n<li style=\"text-align: justify;\">6 febrer 2016 (<a href=\"http:\/\/agora.xtec.cat\/insllicamunt2\/grups\/exit-del-primer-carnestoltes-de-lhipatia\/\" target=\"_blank\">\u00c8xit del primer Carnestoltes de l&#8217;Hip\u00e0tia<\/a>)<\/li>\n<\/ul>\n<p>&nbsp;<\/p>\n<p style=\"text-align: justify;\">El motor de Google Analytics permet obtenir informaci\u00f3 diversa a partir de l&#8217;an\u00e0lisi an\u00f2nima de l&#8217;\u00fas de la xarxa. Una d&#8217;aquestes dades \u00e9s la de l&#8217;edat aproximada de les persones que consulten la revista El Far d&#8217;Hip\u00e0tia. Els resultats il\u00b7lustrats al gr\u00e0fic inferior es troben esbiaixats perqu\u00e8 el sistema no considera als menors de 18 anys, incloent-los en tot cas a la franja dels 18 als 24 anys. Al gr\u00e0fic observem que, com \u00e9s d&#8217;esperar, els alumnes del centre s\u00f3n uns dels que m\u00e9s consulten la revista (franja 18-24, 27,50%), per\u00f2 s\u00f3n probablement els seus pares (franges 25-34 i 35-44) els que de forma majorit\u00e0ria accedeixen al Far d&#8217;Hip\u00e0tia (fins a un 49%, si sumem les dues franges) per con\u00e8ixer les activitats que realitzen els seus fills i les seves filles.<\/p>\n<p style=\"text-align: center;\"><img loading=\"lazy\" decoding=\"async\" class=\"aligncenter\" src=\"https:\/\/lh3.googleusercontent.com\/-nh3xjfNZ2QA\/Vs8pWQX8l9I\/AAAAAAAAREE\/JMjnNw5it5A\/s800-Ic42\/Edats.jpg\" alt=\"\" width=\"460\" height=\"270\" \/><\/p>\n<p style=\"text-align: justify;\">&#8220;El Far d&#8217;Hip\u00e0tia s&#8217;obre al m\u00f3n&#8221;, es titula el present article, i no es tracta en absolut d&#8217;una exageraci\u00f3, com ho demostren les dades estad\u00edstiques il\u00b7lustrades en el mapa seg\u00fcent: s&#8217;ha accedit a la revista des dels 5 continents!<\/p>\n<p>&nbsp;<\/p>\n<p style=\"text-align: center;\"><img loading=\"lazy\" decoding=\"async\" class=\"aligncenter\" src=\"https:\/\/lh3.googleusercontent.com\/-7V2wdi5TMMo\/Vs8pWpIJimI\/AAAAAAAAREE\/TyrQKU_RWlI\/s640-Ic42\/Paisos.jpg\" alt=\"\" width=\"640\" height=\"334\" \/><\/p>\n<p>&nbsp;<\/p>\n<p style=\"text-align: justify;\">Estats Units d&#8217;Am\u00e8rica, Canad\u00e0, Brasil, Argentina, Uruguai i Xile, al continent americ\u00e0; Alg\u00e8ria, Egipte, Kenya i Rep\u00fablica de Sud-\u00c0frica, al continent afric\u00e0; Ar\u00e0bia Saud\u00ed, Turquia, Iran, Irak, Ge\u00f2rgia, Azerbaitjan, Arm\u00e8nia, R\u00fassia, Kazakhstan, la Xina, \u00cdndia, Vietnam, Tail\u00e0ndia, Filipines, Corea del Sud i Jap\u00f3, al continent asi\u00e0tic; Austr\u00e0lia i Nova Zelanda, a Oceania; i a pr\u00e0cticament a tots els pa\u00efsos del continent europeu&#8230; Certament el nom del nostre institut, la internacionalment coneguda figura de la fil\u00f2sofa i matem\u00e0tica Hip\u00e0tia d&#8217;Alexandria, i una de les meravelles del m\u00f3n antic, el far d&#8217;Alexandria, tenen sense dubte quelcom a veure amb aquesta connexi\u00f3 planet\u00e0ria a la nostra revista!<\/p>\n<p style=\"text-align: justify;\">En el mapa seg\u00fcent es pot observar de forma individualitzada les localitats des d&#8217;on s&#8217;han realitzat les connexions al Far d&#8217;Hip\u00e0tia. El di\u00e0metre dels cercles expressa el nombre relatiu de sessions acumulades durant aquest tres mesos:<\/p>\n<p>&nbsp;<\/p>\n<p style=\"text-align: center;\"><img loading=\"lazy\" decoding=\"async\" class=\"aligncenter\" src=\"https:\/\/lh3.googleusercontent.com\/-lA95ek2lW40\/Vs8pXBUe5oI\/AAAAAAAAREE\/CkyOvllS0uk\/s640-Ic42\/ciutats.jpg\" alt=\"\" width=\"640\" height=\"338\" \/><\/p>\n<p>Finalment, el recurs de Google Analytics ofereix unes dades resum dels accessos a la nostra revista:<\/p>\n<p style=\"text-align: center;\"><img loading=\"lazy\" decoding=\"async\" class=\"aligncenter\" src=\"https:\/\/lh3.googleusercontent.com\/-jQ8v9RHh2bk\/Vs8pXevfMXI\/AAAAAAAAREE\/xEDXTZ7qOkg\/s800-Ic42\/visio%252520general.jpg\" alt=\"\" width=\"589\" height=\"322\" \/><\/p>\n","protected":false},"excerpt":{"rendered":"<p>El Far d&#8217;Hip\u00e0tia va comen\u00e7ar a funcionar com a revista digital de centre el 24 de novembre de 2014 amb un primer article sobre l&#8217;obsequi d&#8217;un material did\u00e0ctic del Goethe Institute, i com a activitat vinculada al Pla Lector del centre.<br \/>\n&nbsp;<\/p>\n<p>&nbsp;<br \/>\nInicialment resident als blocs Xtec,&hellip;  <a href=\"https:\/\/agora.xtec.cat\/insllicamunt2\/el-far-dhipatia\/portada\/el-far-dhipatia-sobre-al-mon\/\" title=\"Read El Far d&#8217;Hip\u00e0tia s&#8217;obre al m\u00f3n\">Llegeix m\u00e9s\u00bb<\/a><\/p>\n","protected":false},"author":1,"featured_media":2048,"comment_status":"open","ping_status":"open","sticky":false,"template":"","format":"standard","meta":{"_bbp_topic_count":0,"_bbp_reply_count":0,"_bbp_total_topic_count":0,"_bbp_total_reply_count":0,"_bbp_voice_count":0,"_bbp_anonymous_reply_count":0,"_bbp_topic_count_hidden":0,"_bbp_reply_count_hidden":0,"_bbp_forum_subforum_count":0,"footnotes":""},"categories":[593,96,98,29],"tags":[876,875,859,874,120,752,873,121,147,878,877,331,122],"class_list":["post-2047","post","type-post","status-publish","format-standard","has-post-thumbnail","hentry","category-comunitat-educativa","category-editorial-i-opinio","category-noticies-breus","category-portada","tag-activitats","tag-alumnes","tag-centre","tag-digital","tag-el-far-dhipatia","tag-google","tag-google-analytics","tag-hipatia-dalexandria","tag-institut","tag-nodes","tag-noticies","tag-professors","tag-revista"],"post_mailing_queue_ids":[],"_links":{"self":[{"href":"https:\/\/agora.xtec.cat\/insllicamunt2\/wp-json\/wp\/v2\/posts\/2047","targetHints":{"allow":["GET"]}}],"collection":[{"href":"https:\/\/agora.xtec.cat\/insllicamunt2\/wp-json\/wp\/v2\/posts"}],"about":[{"href":"https:\/\/agora.xtec.cat\/insllicamunt2\/wp-json\/wp\/v2\/types\/post"}],"author":[{"embeddable":true,"href":"https:\/\/agora.xtec.cat\/insllicamunt2\/wp-json\/wp\/v2\/users\/1"}],"replies":[{"embeddable":true,"href":"https:\/\/agora.xtec.cat\/insllicamunt2\/wp-json\/wp\/v2\/comments?post=2047"}],"version-history":[{"count":3,"href":"https:\/\/agora.xtec.cat\/insllicamunt2\/wp-json\/wp\/v2\/posts\/2047\/revisions"}],"predecessor-version":[{"id":3284,"href":"https:\/\/agora.xtec.cat\/insllicamunt2\/wp-json\/wp\/v2\/posts\/2047\/revisions\/3284"}],"wp:featuredmedia":[{"embeddable":true,"href":"https:\/\/agora.xtec.cat\/insllicamunt2\/wp-json\/wp\/v2\/media\/2048"}],"wp:attachment":[{"href":"https:\/\/agora.xtec.cat\/insllicamunt2\/wp-json\/wp\/v2\/media?parent=2047"}],"wp:term":[{"taxonomy":"category","embeddable":true,"href":"https:\/\/agora.xtec.cat\/insllicamunt2\/wp-json\/wp\/v2\/categories?post=2047"},{"taxonomy":"post_tag","embeddable":true,"href":"https:\/\/agora.xtec.cat\/insllicamunt2\/wp-json\/wp\/v2\/tags?post=2047"}],"curies":[{"name":"wp","href":"https:\/\/api.w.org\/{rel}","templated":true}]}}