{"id":2035,"date":"2016-02-25T09:00:51","date_gmt":"2016-02-25T08:00:51","guid":{"rendered":"http:\/\/agora.xtec.cat\/insllicamunt2\/?p=2035"},"modified":"2016-05-09T08:34:44","modified_gmt":"2016-05-09T07:34:44","slug":"campus-cientifics-destiu-2016","status":"publish","type":"post","link":"https:\/\/agora.xtec.cat\/insllicamunt2\/el-far-dhipatia\/grups\/4t-deso\/campus-cientifics-destiu-2016\/","title":{"rendered":"Campus Cient\u00edfics d&#8217;Estiu 2016"},"content":{"rendered":"<p style=\"text-align: justify;\">Del 3 al 30 de juliol es porten a terme els Campus Cient\u00edfics d&#8217;Estiu per a alumnat de 4t d&#8217;ESO i 1r de batxillerat. Aquests Campus tenen com a objectiu potenciar l&#8217;inter\u00e8s de l&#8217;alumnat en ci\u00e8ncia, tecnologia i innovaci\u00f3.<\/p>\n<p style=\"text-align: center;\">Trobareu tota la informaci\u00f3 sobre la inscripci\u00f3 i beques al seg\u00fcent <a href=\"http:\/\/www.injuve.es\/convocatorias\/actividades\/campus-cientificos-de-verano-2016\" target=\"_blank\">enlla\u00e7<\/a>.<\/p>\n<p style=\"text-align: center;\">Animeu-vos. La ci\u00e8ncia \u00e9s divertida i enriqueix!<\/p>\n<p style=\"text-align: center;\">Podeu llegir\u00a0un article sobre\u00a0campus d&#8217;anys anteriors si cliqueu sobre la imatge seg\u00fcent:<\/p>\n<p style=\"text-align: center;\"><a href=\"http:\/\/www.agenciasinc.es\/Reportajes\/La-ciencia-se-va-de-campamento\" target=\"_blank\"><img loading=\"lazy\" decoding=\"async\" class=\"aligncenter size-full wp-image-2044\" src=\"http:\/\/agora.xtec.cat\/insllicamunt2\/wp-content\/uploads\/usu1100\/2016\/02\/La-ciencia-se-va-de-campamento_image_380.jpg\" alt=\"La-ciencia-se-va-de-campamento_image_380\" width=\"634\" height=\"380\" srcset=\"https:\/\/agora.xtec.cat\/insllicamunt2\/wp-content\/uploads\/usu1100\/2016\/02\/La-ciencia-se-va-de-campamento_image_380.jpg 634w, https:\/\/agora.xtec.cat\/insllicamunt2\/wp-content\/uploads\/usu1100\/2016\/02\/La-ciencia-se-va-de-campamento_image_380-300x180.jpg 300w\" sizes=\"auto, (max-width: 634px) 100vw, 634px\" \/><\/a><em>Campus Cient\u00edfico de Verano 2011 en Calar Alto (Almer\u00eda). \/ SINC. <\/em><\/p>\n","protected":false},"excerpt":{"rendered":"<p>Del 3 al 30 de juliol es porten a terme els Campus Cient\u00edfics d&#8217;Estiu per a alumnat de 4t d&#8217;ESO i 1r de batxillerat. Aquests Campus tenen com a objectiu potenciar l&#8217;inter\u00e8s de l&#8217;alumnat en ci\u00e8ncia, tecnologia i innovaci\u00f3.<br \/>\nTrobareu tota la informaci\u00f3 sobre la inscripci\u00f3&hellip;  <a href=\"https:\/\/agora.xtec.cat\/insllicamunt2\/el-far-dhipatia\/grups\/4t-deso\/campus-cientifics-destiu-2016\/\" title=\"Read Campus Cient\u00edfics d&#8217;Estiu 2016\">Llegeix m\u00e9s\u00bb<\/a><\/p>\n","protected":false},"author":31,"featured_media":2042,"comment_status":"open","ping_status":"open","sticky":false,"template":"","format":"standard","meta":{"_bbp_topic_count":0,"_bbp_reply_count":0,"_bbp_total_topic_count":0,"_bbp_total_reply_count":0,"_bbp_voice_count":0,"_bbp_anonymous_reply_count":0,"_bbp_topic_count_hidden":0,"_bbp_reply_count_hidden":0,"_bbp_forum_subforum_count":0,"footnotes":""},"categories":[7,94,347,359,358,354,98,29,97,353],"tags":[872,865,165,867,870,866,869,871,868],"class_list":["post-2035","post","type-post","status-publish","format-standard","has-post-thumbnail","hentry","category-4t-deso","category-activitats-fora-del-centre","category-biologia-i-geologia","category-fisica-i-quimica","category-informatica","category-matematiques","category-noticies-breus","category-portada","category-premis-i-concursos","category-tecnologies","tag-beca","tag-campus","tag-ciencia","tag-cientific","tag-convocatoria","tag-estiu","tag-innovacio","tag-ministerio-de-educacion","tag-tecnologia"],"post_mailing_queue_ids":[],"_links":{"self":[{"href":"https:\/\/agora.xtec.cat\/insllicamunt2\/wp-json\/wp\/v2\/posts\/2035","targetHints":{"allow":["GET"]}}],"collection":[{"href":"https:\/\/agora.xtec.cat\/insllicamunt2\/wp-json\/wp\/v2\/posts"}],"about":[{"href":"https:\/\/agora.xtec.cat\/insllicamunt2\/wp-json\/wp\/v2\/types\/post"}],"author":[{"embeddable":true,"href":"https:\/\/agora.xtec.cat\/insllicamunt2\/wp-json\/wp\/v2\/users\/31"}],"replies":[{"embeddable":true,"href":"https:\/\/agora.xtec.cat\/insllicamunt2\/wp-json\/wp\/v2\/comments?post=2035"}],"version-history":[{"count":4,"href":"https:\/\/agora.xtec.cat\/insllicamunt2\/wp-json\/wp\/v2\/posts\/2035\/revisions"}],"predecessor-version":[{"id":2046,"href":"https:\/\/agora.xtec.cat\/insllicamunt2\/wp-json\/wp\/v2\/posts\/2035\/revisions\/2046"}],"wp:featuredmedia":[{"embeddable":true,"href":"https:\/\/agora.xtec.cat\/insllicamunt2\/wp-json\/wp\/v2\/media\/2042"}],"wp:attachment":[{"href":"https:\/\/agora.xtec.cat\/insllicamunt2\/wp-json\/wp\/v2\/media?parent=2035"}],"wp:term":[{"taxonomy":"category","embeddable":true,"href":"https:\/\/agora.xtec.cat\/insllicamunt2\/wp-json\/wp\/v2\/categories?post=2035"},{"taxonomy":"post_tag","embeddable":true,"href":"https:\/\/agora.xtec.cat\/insllicamunt2\/wp-json\/wp\/v2\/tags?post=2035"}],"curies":[{"name":"wp","href":"https:\/\/api.w.org\/{rel}","templated":true}]}}