{"id":2010,"date":"2016-02-24T10:40:07","date_gmt":"2016-02-24T09:40:07","guid":{"rendered":"http:\/\/agora.xtec.cat\/insllicamunt2\/?p=2010"},"modified":"2016-05-09T08:35:31","modified_gmt":"2016-05-09T07:35:31","slug":"sacosta-el-gran-dia","status":"publish","type":"post","link":"https:\/\/agora.xtec.cat\/insllicamunt2\/el-far-dhipatia\/grups\/sacosta-el-gran-dia\/","title":{"rendered":"S&#8217;acosta el gran dia 3.14!"},"content":{"rendered":"<p style=\"text-align: justify;\">Ja s&#8217;acosta un dels dies m\u00e9s esperats de l&#8217;any: el 14 de mar\u00e7.<\/p>\n<p style=\"text-align: justify;\">I per qu\u00e8 \u00e9s tan esperat?<\/p>\n<p style=\"text-align: justify;\">Perqu\u00e8 aquesta data en angl\u00e8s s&#8217;escriu 3.14, que coincideix amb el comen\u00e7ament del nombre Pi. El Departament\u00a0Cient\u00edfic i Tecnol\u00f2gic de l&#8217;Institut Hip\u00e0tia es vol unir a aquesta celebraci\u00f3 universal i celebrarem per primer cop el Dia del Nombre Pi.<\/p>\n<p style=\"text-align: justify;\">Us anirem informant properament dels esdeveniments que durem a terme aquest dia.<\/p>\n<p>&nbsp;<\/p>\n<p><a href=\"http:\/\/agora.xtec.cat\/insllicamunt2\/wp-content\/uploads\/usu1100\/2016\/02\/pi-smily.jpg\"><img loading=\"lazy\" decoding=\"async\" class=\" size-full wp-image-2011 aligncenter\" src=\"http:\/\/agora.xtec.cat\/insllicamunt2\/wp-content\/uploads\/usu1100\/2016\/02\/pi-smily.jpg\" alt=\"pi  smily\" width=\"500\" height=\"495\" srcset=\"https:\/\/agora.xtec.cat\/insllicamunt2\/wp-content\/uploads\/usu1100\/2016\/02\/pi-smily.jpg 500w, https:\/\/agora.xtec.cat\/insllicamunt2\/wp-content\/uploads\/usu1100\/2016\/02\/pi-smily-150x150.jpg 150w, https:\/\/agora.xtec.cat\/insllicamunt2\/wp-content\/uploads\/usu1100\/2016\/02\/pi-smily-300x297.jpg 300w\" sizes=\"auto, (max-width: 500px) 100vw, 500px\" \/><\/a><\/p>\n<p>&nbsp;<\/p>\n","protected":false},"excerpt":{"rendered":"<p>Ja s&#8217;acosta un dels dies m\u00e9s esperats de l&#8217;any: el 14 de mar\u00e7.<br \/>\nI per qu\u00e8 \u00e9s tan esperat?<br \/>\nPerqu\u00e8 aquesta data en angl\u00e8s s&#8217;escriu 3.14, que coincideix amb el comen\u00e7ament del nombre Pi. El Departament\u00a0Cient\u00edfic i Tecnol\u00f2gic de l&#8217;Institut Hip\u00e0tia es vol unir a aquesta celebraci\u00f3&hellip;  <a href=\"https:\/\/agora.xtec.cat\/insllicamunt2\/el-far-dhipatia\/grups\/sacosta-el-gran-dia\/\" title=\"Read S&#8217;acosta el gran dia 3.14!\">Llegeix m\u00e9s\u00bb<\/a><\/p>\n","protected":false},"author":45,"featured_media":2011,"comment_status":"open","ping_status":"open","sticky":false,"template":"","format":"standard","meta":{"_bbp_topic_count":0,"_bbp_reply_count":0,"_bbp_total_topic_count":0,"_bbp_total_reply_count":0,"_bbp_voice_count":0,"_bbp_anonymous_reply_count":0,"_bbp_topic_count_hidden":0,"_bbp_reply_count_hidden":0,"_bbp_forum_subforum_count":0,"footnotes":""},"categories":[4,5,6,7,101,593,3,354,98,29],"tags":[861,1214,363,442,860],"class_list":["post-2010","post","type-post","status-publish","format-standard","has-post-thumbnail","hentry","category-1r-deso","category-2n-deso","category-3r-deso","category-4t-deso","category-activitats-de-centre","category-comunitat-educativa","category-grups","category-matematiques","category-noticies-breus","category-portada","tag-aubanell","tag-ciencies","tag-departament-cientific-i-tecnologic","tag-matematiques","tag-pi"],"post_mailing_queue_ids":[],"_links":{"self":[{"href":"https:\/\/agora.xtec.cat\/insllicamunt2\/wp-json\/wp\/v2\/posts\/2010","targetHints":{"allow":["GET"]}}],"collection":[{"href":"https:\/\/agora.xtec.cat\/insllicamunt2\/wp-json\/wp\/v2\/posts"}],"about":[{"href":"https:\/\/agora.xtec.cat\/insllicamunt2\/wp-json\/wp\/v2\/types\/post"}],"author":[{"embeddable":true,"href":"https:\/\/agora.xtec.cat\/insllicamunt2\/wp-json\/wp\/v2\/users\/45"}],"replies":[{"embeddable":true,"href":"https:\/\/agora.xtec.cat\/insllicamunt2\/wp-json\/wp\/v2\/comments?post=2010"}],"version-history":[{"count":3,"href":"https:\/\/agora.xtec.cat\/insllicamunt2\/wp-json\/wp\/v2\/posts\/2010\/revisions"}],"predecessor-version":[{"id":2026,"href":"https:\/\/agora.xtec.cat\/insllicamunt2\/wp-json\/wp\/v2\/posts\/2010\/revisions\/2026"}],"wp:featuredmedia":[{"embeddable":true,"href":"https:\/\/agora.xtec.cat\/insllicamunt2\/wp-json\/wp\/v2\/media\/2011"}],"wp:attachment":[{"href":"https:\/\/agora.xtec.cat\/insllicamunt2\/wp-json\/wp\/v2\/media?parent=2010"}],"wp:term":[{"taxonomy":"category","embeddable":true,"href":"https:\/\/agora.xtec.cat\/insllicamunt2\/wp-json\/wp\/v2\/categories?post=2010"},{"taxonomy":"post_tag","embeddable":true,"href":"https:\/\/agora.xtec.cat\/insllicamunt2\/wp-json\/wp\/v2\/tags?post=2010"}],"curies":[{"name":"wp","href":"https:\/\/api.w.org\/{rel}","templated":true}]}}